{"id":125160,"date":"2020-09-26T09:54:42","date_gmt":"2020-09-26T12:54:42","guid":{"rendered":"https:\/\/senoticias.com.br\/se\/?p=125160"},"modified":"2020-09-27T15:16:27","modified_gmt":"2020-09-27T18:16:27","slug":"inelegivel-sergio-reis-retira-candidatura-em-lagarto","status":"publish","type":"post","link":"https:\/\/senoticias.com.br\/se\/inelegivel-sergio-reis-retira-candidatura-em-lagarto\/","title":{"rendered":"Ineleg\u00edvel, S\u00e9rgio Reis retira candidatura em Lagarto"},"content":{"rendered":"<p style=\"text-align: justify;\">O ex-deputado federal S\u00e9rgio Reis (PMN) reuniu o seu grupo pol\u00edtico, nesta sexta-feira (25), e anunciou que n\u00e3o ser\u00e1 mais candidato a prefeito de Lagarto. Tomada \u00e0s v\u00e9speras do registro da candidatura na Justi\u00e7a Eleitoral, a decis\u00e3o se fundamentou em julgamento no Superior Tribunal de Justi\u00e7a tornando-o ineleg\u00edvel. O ex-prefeitur\u00e1vel recebeu a informa\u00e7\u00e3o que estava impedido legalmente de participar das elei\u00e7\u00f5es pelo advogado M\u00e1rcio Conrado. Como foi uma decis\u00e3o monocr\u00e1tica, S\u00e9rgio Reis prometeu recorrer. O emedebista aproveitou para comunicar que estava sendo substitu\u00eddo na chapa majorit\u00e1ria pelo irm\u00e3o e deputado federal F\u00e1bio Reis (MDB).<\/p>\n<div id=\"attachment_125161\" style=\"width: 609px\" class=\"wp-caption alignnone\"><a href=\"https:\/\/senoticias.com.br\/se\/wp-content\/uploads\/2020\/09\/sergio-reis-e1601124561868.png\"><img loading=\"lazy\" decoding=\"async\" aria-describedby=\"caption-attachment-125161\" class=\"size-full wp-image-125161\" src=\"https:\/\/senoticias.com.br\/se\/wp-content\/uploads\/2020\/09\/sergio-reis-e1601124561868.png\" alt=\"\" width=\"599\" height=\"380\" \/><\/a><p id=\"caption-attachment-125161\" class=\"wp-caption-text\">S\u00e9rgio Reis (segundo \u00e0 esquerda) prometeu recorrer contra a decis\u00e3o monocr\u00e1tica (foto: redes socias)<\/p><\/div>\n<p style=\"text-align: justify;\">Veja, abaixo, discurso feito por S\u00e9rgio Reis, ao lado do irm\u00e3o e agora pr\u00e9-candidato a prefeito de Lagarto, do pai Jer\u00f4nimo Reis (MDB) e da tia e deputada estadual Goretti Reis (PSD).<\/p>\n<p style=\"text-align: justify;\">\u201cMeus amigos e minhas amigas, com total transpar\u00eancia e honestidade, apesar de estar muito triste, anuncio a voc\u00eas a retirada da minha candidatura a prefeito de Lagarto e a oficializa\u00e7\u00e3o da candidatura do meu irm\u00e3o, F\u00e1bio Reis, para que ele possa continuar o que todos n\u00f3s, juntos, come\u00e7amos a construir: uma Lagarto de um novo jeito._<\/p>\n<p style=\"text-align: justify;\">Mais uma vez, as \u201cfor\u00e7as ocultas\u201d que, infelizmente, imperam em Lagarto fizeram com que uma decis\u00e3o l\u00e1 de Bras\u00edlia impedisse, nesse momento, de seguir em frente com meu nome para prefeito do nosso munic\u00edpio. Neste momento, porque agora F\u00e1bio seguir\u00e1 no comando do nosso projeto rumo \u00e0 vit\u00f3ria e em breve, logo ali, quando a verdade se restabelecer\u00e1, estaremos todos juntos tocando a constru\u00e7\u00e3o de uma nova Lagarto, uma Lagarto do futuro\u201d.<\/p>\n<p>&nbsp;<\/p>\n<p><a href=\"https:\/\/senoticias.com.br\/se\/wp-content\/uploads\/2020\/09\/Logo-novo-fone-1.jpg\"><img loading=\"lazy\" decoding=\"async\" class=\"aligncenter size-full wp-image-125163\" src=\"https:\/\/senoticias.com.br\/se\/wp-content\/uploads\/2020\/09\/Logo-novo-fone-1.jpg\" alt=\"\" width=\"599\" height=\"78\" srcset=\"https:\/\/senoticias.com.br\/se\/wp-content\/uploads\/2020\/09\/Logo-novo-fone-1.jpg 599w, https:\/\/senoticias.com.br\/se\/wp-content\/uploads\/2020\/09\/Logo-novo-fone-1-300x39.jpg 300w\" sizes=\"(max-width: 599px) 100vw, 599px\" \/><\/a><\/p>\n<p>&nbsp;<\/p>\n<p><em><strong>Acompanhe tamb\u00e9m o SE Not\u00edcias no\u00a0<a href=\"https:\/\/twitter.com\/Senoticias\" target=\"_blank\" rel=\"noopener\">Twitter<\/a>,\u00a0<a href=\"https:\/\/www.facebook.com\/senoticias1\" target=\"_blank\" rel=\"noopener\">Facebook<\/a>\u00a0e no\u00a0<a href=\"https:\/\/www.instagram.com\/senoticias\/\" target=\"_blank\" rel=\"noopener\">Instagram<\/a><\/strong><\/em><\/p>\n<p style=\"text-align: justify;\">Mat\u00e9ria extra\u00edda do site Destaque Not\u00edcias<\/p>\n","protected":false},"excerpt":{"rendered":"<p>O ex-deputado federal S\u00e9rgio Reis (PMN) reuniu o seu grupo pol\u00edtico, nesta sexta-feira (25), e anunciou que n\u00e3o ser\u00e1 mais candidato a prefeito de Lagarto. Tomada \u00e0s v\u00e9speras do registro da candidatura na Justi\u00e7a Eleitoral, a decis\u00e3o se fundamentou em julgamento no Superior Tribunal de Justi\u00e7a tornando-o ineleg\u00edvel. O ex-prefeitur\u00e1vel recebeu a informa\u00e7\u00e3o que estava [&hellip;]<\/p>\n","protected":false},"author":6557,"featured_media":0,"comment_status":"closed","ping_status":"closed","sticky":false,"template":"","format":"standard","meta":{"footnotes":""},"categories":[15,6],"tags":[8507,806,15520,15594,15595],"class_list":{"0":"post-125160","1":"post","2":"type-post","3":"status-publish","4":"format-standard","6":"category-destaques","7":"category-politica","8":"tag-eleicoes-2020","9":"tag-lagarto","10":"tag-pre-candidaturas","11":"tag-retirada-de-candidatura","12":"tag-sergio-reis-retira-candidatura"},"_links":{"self":[{"href":"https:\/\/senoticias.com.br\/se\/wp-json\/wp\/v2\/posts\/125160"}],"collection":[{"href":"https:\/\/senoticias.com.br\/se\/wp-json\/wp\/v2\/posts"}],"about":[{"href":"https:\/\/senoticias.com.br\/se\/wp-json\/wp\/v2\/types\/post"}],"author":[{"embeddable":true,"href":"https:\/\/senoticias.com.br\/se\/wp-json\/wp\/v2\/users\/6557"}],"replies":[{"embeddable":true,"href":"https:\/\/senoticias.com.br\/se\/wp-json\/wp\/v2\/comments?post=125160"}],"version-history":[{"count":0,"href":"https:\/\/senoticias.com.br\/se\/wp-json\/wp\/v2\/posts\/125160\/revisions"}],"wp:attachment":[{"href":"https:\/\/senoticias.com.br\/se\/wp-json\/wp\/v2\/media?parent=125160"}],"wp:term":[{"taxonomy":"category","embeddable":true,"href":"https:\/\/senoticias.com.br\/se\/wp-json\/wp\/v2\/categories?post=125160"},{"taxonomy":"post_tag","embeddable":true,"href":"https:\/\/senoticias.com.br\/se\/wp-json\/wp\/v2\/tags?post=125160"}],"curies":[{"name":"wp","href":"https:\/\/api.w.org\/{rel}","templated":true}]}}