{"id":125132,"date":"2020-09-23T19:07:55","date_gmt":"2020-09-23T22:07:55","guid":{"rendered":"https:\/\/senoticias.com.br\/se\/?p=125132"},"modified":"2020-09-23T19:07:55","modified_gmt":"2020-09-23T22:07:55","slug":"policia-rodoviaria-federal-apreende-em-sergipe-112-animais-silvestres","status":"publish","type":"post","link":"https:\/\/senoticias.com.br\/se\/policia-rodoviaria-federal-apreende-em-sergipe-112-animais-silvestres\/","title":{"rendered":"Pol\u00edcia Rodovi\u00e1ria Federal apreende em Sergipe 112 animais silvestres"},"content":{"rendered":"<p style=\"text-align: justify;\">Uma opera\u00e7\u00e3o da Pol\u00edcia Rodovi\u00e1ria Federal batizada de \u201cHarpia\u201d apreendeu 112 animais silvestres nos munic\u00edpios sergipanos de Est\u00e2ncia, Santa Luzia do Itanhy, Umba\u00faba e Cristin\u00e1polis. Ap\u00f3s receber uma s\u00e9rie de den\u00fancias sobre aves e animais mantidos em cativeiros, a PRF localizar nas resid\u00eancias \u201cvisitadas\u201d um c\u00e1gado e 111 p\u00e1ssaros de diversas esp\u00e9cies como \u201cpapa-capins\u201d, \u201cgolinhos\u201d, \u201ccan\u00e1rios-da-terra\u201d, \u201cazul\u00f5es\u201d, \u201ccaboquinhos\u201d, \u201ccuri\u00f3s\u201d, \u201crolinhas\u201d, entre outros.<\/p>\n<div id=\"attachment_125133\" style=\"width: 605px\" class=\"wp-caption alignnone\"><a href=\"https:\/\/senoticias.com.br\/se\/wp-content\/uploads\/2020\/09\/animais-resgatados-senoticias.jpg\"><img loading=\"lazy\" decoding=\"async\" aria-describedby=\"caption-attachment-125133\" class=\"size-full wp-image-125133\" src=\"https:\/\/senoticias.com.br\/se\/wp-content\/uploads\/2020\/09\/animais-resgatados-senoticias.jpg\" alt=\"\" width=\"595\" height=\"372\" srcset=\"https:\/\/senoticias.com.br\/se\/wp-content\/uploads\/2020\/09\/animais-resgatados-senoticias.jpg 595w, https:\/\/senoticias.com.br\/se\/wp-content\/uploads\/2020\/09\/animais-resgatados-senoticias-300x188.jpg 300w, https:\/\/senoticias.com.br\/se\/wp-content\/uploads\/2020\/09\/animais-resgatados-senoticias-120x76.jpg 120w, https:\/\/senoticias.com.br\/se\/wp-content\/uploads\/2020\/09\/animais-resgatados-senoticias-308x192.jpg 308w\" sizes=\"(max-width: 595px) 100vw, 595px\" \/><\/a><p id=\"caption-attachment-125133\" class=\"wp-caption-text\"><br \/>As apreens\u00f5es das aves e do c\u00e1gado ocorreu ap\u00f3s uma s\u00e9rie de den\u00fancias<\/p><\/div>\n<p style=\"text-align: justify;\">As pessoas que estavam mantendo os passarinhos e o c\u00e1gado em cativeiro assinaram Termos Circunstanciados de Ocorr\u00eancia e se comprometeram a comparecer em ju\u00edzo quando foram intimados para responder os processos por crime ambiental. Os animais foram entregues a Guarda Ambiental de Est\u00e2ncia para serem avaliados e, em seguida, colocados em liberdade. Do in\u00edcio do ano at\u00e9 agora, a Pol\u00edcia Rodovi\u00e1ria Federal j\u00e1 resgatou em Sergipe cerca de 250 animais silvestres em situa\u00e7\u00e3o de risco.<a href=\"https:\/\/senoticias.com.br\/se\/wp-content\/uploads\/2020\/08\/Logo-SE-Noticias-1-1-e1597675148375.jpg\"><img loading=\"lazy\" decoding=\"async\" class=\"alignnone size-full wp-image-124612\" src=\"https:\/\/senoticias.com.br\/se\/wp-content\/uploads\/2020\/08\/Logo-SE-Noticias-1-1-e1597675148375.jpg\" alt=\"\" width=\"550\" height=\"72\" \/><\/a><\/p>\n<p><em><strong>Acompanhe tamb\u00e9m o SE Not\u00edcias no\u00a0<a href=\"https:\/\/twitter.com\/Senoticias\" target=\"_blank\" rel=\"noopener\">Twitter<\/a>,\u00a0<a href=\"https:\/\/www.facebook.com\/senoticias1\" target=\"_blank\" rel=\"noopener\">Facebook<\/a>\u00a0e no\u00a0<a href=\"https:\/\/www.instagram.com\/senoticias\/\" target=\"_blank\" rel=\"noopener\">Instagram<\/a><\/strong><\/em><\/p>\n<p>Mat\u00e9ria extra\u00edda\u00a0 do site <strong>Destaque Not\u00edcias<\/strong><\/p>\n","protected":false},"excerpt":{"rendered":"<p>Uma opera\u00e7\u00e3o da Pol\u00edcia Rodovi\u00e1ria Federal batizada de \u201cHarpia\u201d apreendeu 112 animais silvestres nos munic\u00edpios sergipanos de Est\u00e2ncia, Santa Luzia do Itanhy, Umba\u00faba e Cristin\u00e1polis. Ap\u00f3s receber uma s\u00e9rie de den\u00fancias sobre aves e animais mantidos em cativeiros, a PRF localizar nas resid\u00eancias \u201cvisitadas\u201d um c\u00e1gado e 111 p\u00e1ssaros de diversas esp\u00e9cies como \u201cpapa-capins\u201d, \u201cgolinhos\u201d, [&hellip;]<\/p>\n","protected":false},"author":6557,"featured_media":0,"comment_status":"closed","ping_status":"closed","sticky":false,"template":"","format":"standard","meta":{"footnotes":""},"categories":[15,7],"tags":[15581,15580,4155,223],"class_list":{"0":"post-125132","1":"post","2":"type-post","3":"status-publish","4":"format-standard","6":"category-destaques","7":"category-policia","8":"tag-apreensao-de-animais-silvestres","9":"tag-operacao-harpia","10":"tag-policia-rodoviaria-federal","11":"tag-sergipe"},"_links":{"self":[{"href":"https:\/\/senoticias.com.br\/se\/wp-json\/wp\/v2\/posts\/125132"}],"collection":[{"href":"https:\/\/senoticias.com.br\/se\/wp-json\/wp\/v2\/posts"}],"about":[{"href":"https:\/\/senoticias.com.br\/se\/wp-json\/wp\/v2\/types\/post"}],"author":[{"embeddable":true,"href":"https:\/\/senoticias.com.br\/se\/wp-json\/wp\/v2\/users\/6557"}],"replies":[{"embeddable":true,"href":"https:\/\/senoticias.com.br\/se\/wp-json\/wp\/v2\/comments?post=125132"}],"version-history":[{"count":0,"href":"https:\/\/senoticias.com.br\/se\/wp-json\/wp\/v2\/posts\/125132\/revisions"}],"wp:attachment":[{"href":"https:\/\/senoticias.com.br\/se\/wp-json\/wp\/v2\/media?parent=125132"}],"wp:term":[{"taxonomy":"category","embeddable":true,"href":"https:\/\/senoticias.com.br\/se\/wp-json\/wp\/v2\/categories?post=125132"},{"taxonomy":"post_tag","embeddable":true,"href":"https:\/\/senoticias.com.br\/se\/wp-json\/wp\/v2\/tags?post=125132"}],"curies":[{"name":"wp","href":"https:\/\/api.w.org\/{rel}","templated":true}]}}