{"id":125126,"date":"2020-09-23T12:52:46","date_gmt":"2020-09-23T15:52:46","guid":{"rendered":"https:\/\/senoticias.com.br\/se\/?p=125126"},"modified":"2020-09-23T12:52:46","modified_gmt":"2020-09-23T15:52:46","slug":"cine-drive-in-museu-da-gente-e-sucesso-de-publico-e-segue-nos-proximos-finais-de-semana","status":"publish","type":"post","link":"https:\/\/senoticias.com.br\/se\/cine-drive-in-museu-da-gente-e-sucesso-de-publico-e-segue-nos-proximos-finais-de-semana\/","title":{"rendered":"Cine drive in Museu da Gente \u00e9 sucesso de p\u00fablico e segue nos pr\u00f3ximos finais de semana"},"content":{"rendered":"<p style=\"text-align: justify;\">Doze sess\u00f5es, uma diversidade cinematogr\u00e1fica, p\u00fablico satisfeito e toda seguran\u00e7a necess\u00e1ria de acordo com protocolos sanit\u00e1rios. Assim foi a estreia do Cine Drive in Museu da Gente, projeto realizado pelo Instituto Banese e Casa Curta-se, com a promo\u00e7\u00e3o do Museu da Gente Sergipana Gov. Marcelo D\u00e9da e da AvBr Produ\u00e7\u00f5es. Com o objetivo de proporcionar esse encontro com a arte cinematogr\u00e1fica em tempos de isolamento social e matar a saudade dos tel\u00f5es, o projeto seguir\u00e1 \u00e0s sextas, s\u00e1bados e domingos com novas programa\u00e7\u00f5es.<\/p>\n<div id=\"attachment_125127\" style=\"width: 609px\" class=\"wp-caption alignnone\"><a href=\"https:\/\/senoticias.com.br\/se\/wp-content\/uploads\/2020\/09\/cine-drive-in-senoticias-e1600876198936.jpg\"><img loading=\"lazy\" decoding=\"async\" aria-describedby=\"caption-attachment-125127\" class=\"size-full wp-image-125127\" src=\"https:\/\/senoticias.com.br\/se\/wp-content\/uploads\/2020\/09\/cine-drive-in-senoticias-e1600876198936.jpg\" alt=\"\" width=\"599\" height=\"337\" \/><\/a><p id=\"caption-attachment-125127\" class=\"wp-caption-text\"><br \/>A iniciativa seguir\u00e1 no Museu da Gente Sergipana todas \u00e0s sextas, s\u00e1bados e domingos, com novas grades de exibi\u00e7\u00e3o<br \/>Foto: Ag\u00eancia Sergipe<\/p><\/div>\n<p style=\"text-align: justify;\">O cine drive in agradou ao p\u00fablico. Vagner Oliveira foi uma das pessoas que aproveitou a novidade. Acompanhado da namorada e de amigos, ele disse estar satisfeito com a programa\u00e7\u00e3o e organiza\u00e7\u00e3o do evento. \u201cO Cine Drive in \u00e9 uma proposta nova aqui no estado e muito interessante. Importante para ajudar os amantes do cinema a matarem a saudade dos tel\u00f5es. A programa\u00e7\u00e3o bastante diversificada contempla adultos e crian\u00e7as, os servi\u00e7os oferecidos s\u00e3o muito bons e est\u00e3o seguindo os protocolos de seguran\u00e7a. Enfim, uma \u00f3tima iniciativa\u201d, destaca.<\/p>\n<p style=\"text-align: justify;\">Dona Tereza Cristina compareceu com a filha, a amiga e a afilhada j\u00e1 no primeiro dia para garantir a participa\u00e7\u00e3o. \u201cN\u00e3o poder\u00edamos perder a oportunidade de conhecer esse projeto incr\u00edvel aqui no museu. Simplesmente amamos tudo. Foi divertid\u00edssimo, maravilhoso. O atendimento, os filmes, o servi\u00e7o de alimenta\u00e7\u00e3o, tudo muito bem preparado. Est\u00e3o de parab\u00e9ns. Voltarei com certeza\u201d.<\/p>\n<p style=\"text-align: justify;\">Para garantir o distanciamento seguro, as vagas s\u00e3o limitadas a 26 ve\u00edculos por sess\u00e3o. Durante o hor\u00e1rio de exibi\u00e7\u00f5es o Caf\u00e9 da Gente estar\u00e1 funcionando com todas as medidas de seguran\u00e7a e com um card\u00e1pio especial de comidinhas de cinema, a exemplo do cachorro quente do parque, pipoca, mini coxinhas, dentre outros, com direito a op\u00e7\u00f5es de combos.<\/p>\n<p style=\"text-align: justify;\">Para viver essa experi\u00eancia \u00e9 s\u00f3 conferir a programa\u00e7\u00e3o e escolher o filme. Os hor\u00e1rios das sess\u00f5es, a classifica\u00e7\u00e3o indicativa e sinopses dos filmes est\u00e3o dispon\u00edveis no site do museu (<a href=\"http:\/\/www.museudagentesergipana.com.br\/\">www.museudagentesergipana.com.br<\/a>) e no Instagram @museudagentesergipana_oficial e @cinedriveinmuseudagente. A compra dos ingressos \u00e9 feita atrav\u00e9s da plataforma on line Sympla (<a href=\"https:\/\/www.sympla.com.br\/\">www.sympla.com.br<\/a>), no evento denominado Cine Drive in Museu da Gente, no valor de R$ 50,00 por ve\u00edculo e cada carro pode ter no m\u00e1ximo 4 pessoas. Toda a renda da venda dos ingressos \u00e9 revertida para a Casa Curta-se e AvBr Produ\u00e7\u00f5es.<\/p>\n<p style=\"text-align: justify;\">O Instituto Banese \u00e9 uma associa\u00e7\u00e3o mantida pelo Banco do Estado de Sergipe e por suas empresas relacionadas: Sergipe Administradora de Cart\u00f5es e Servi\u00e7os Ltda (SEAC), empresa que administra o cart\u00e3o de cr\u00e9dito Banese Card e a rede de adquir\u00eancia TKS, e Banese Administradora e Corretora de Seguros.<\/p>\n<p style=\"text-align: justify;\"><strong>CONFIRA A PROGRAMA\u00c7\u00c3O COMPLETA:<\/strong><\/p>\n<p>25\/09 (sexta)<\/p>\n<p>20h10 \u2013 \u2018Doce entardecer na Toscana\u2019<\/p>\n<p>Dura\u00e7\u00e3o: 96 min<\/p>\n<p>Classifica\u00e7\u00e3o indicativa: 14 anos<\/p>\n<p>26\/09 (S\u00e1bado)<\/p>\n<p>18h \u2013 \u2018Tito e os P\u00e1ssaros\u2019 (INFANTIL)<\/p>\n<p>Dura\u00e7\u00e3o: 73 min<\/p>\n<p>Classifica\u00e7\u00e3o indicativa: Livre<\/p>\n<p>20h10 \u2013 \u2018M\u00fasica Para Morrer de Amor\u2019<\/p>\n<p>Dura\u00e7\u00e3o: 102 min<\/p>\n<p style=\"text-align: justify;\">Classifica\u00e7\u00e3o indicativa: 16 anos<\/p>\n<p style=\"text-align: justify;\">27\/09 (Domingo)<\/p>\n<p style=\"text-align: justify;\">18h &#8211; \u2018Tito e os P\u00e1ssaros\u2019 (INFANTIL)<\/p>\n<p style=\"text-align: justify;\">Dura\u00e7\u00e3o: 73 min<\/p>\n<p style=\"text-align: justify;\">Classifica\u00e7\u00e3o indicativa: Livre<\/p>\n<p style=\"text-align: justify;\">20h10 &#8211; \u2018Doce entardecer na Toscana\u2019<\/p>\n<p style=\"text-align: justify;\">Dura\u00e7\u00e3o: 96 min<\/p>\n<p style=\"text-align: justify;\">Classifica\u00e7\u00e3o indicativa: 14 anos<\/p>\n<p><a href=\"https:\/\/senoticias.com.br\/se\/wp-content\/uploads\/2020\/07\/Logo-SE-Noticias.jpg\"><img loading=\"lazy\" decoding=\"async\" class=\"alignnone size-full wp-image-124113\" src=\"https:\/\/senoticias.com.br\/se\/wp-content\/uploads\/2020\/07\/Logo-SE-Noticias.jpg\" alt=\"\" width=\"599\" height=\"78\" srcset=\"https:\/\/senoticias.com.br\/se\/wp-content\/uploads\/2020\/07\/Logo-SE-Noticias.jpg 599w, https:\/\/senoticias.com.br\/se\/wp-content\/uploads\/2020\/07\/Logo-SE-Noticias-300x39.jpg 300w\" sizes=\"(max-width: 599px) 100vw, 599px\" \/><\/a><\/p>\n<p><em><strong>Acompanhe tamb\u00e9m o SE Not\u00edcias no\u00a0<a href=\"https:\/\/twitter.com\/Senoticias\" target=\"_blank\" rel=\"noopener\">Twitter<\/a>,\u00a0<a href=\"https:\/\/www.facebook.com\/senoticias1\" target=\"_blank\" rel=\"noopener\">Facebook<\/a>\u00a0e no\u00a0<a href=\"https:\/\/www.instagram.com\/senoticias\/\" target=\"_blank\" rel=\"noopener\">Instagram<\/a><\/strong><\/em><\/p>\n<p>Mat\u00e9ria extra\u00edda do site do Governo de Sergipe<\/p>\n","protected":false},"excerpt":{"rendered":"<p>Doze sess\u00f5es, uma diversidade cinematogr\u00e1fica, p\u00fablico satisfeito e toda seguran\u00e7a necess\u00e1ria de acordo com protocolos sanit\u00e1rios. Assim foi a estreia do Cine Drive in Museu da Gente, projeto realizado pelo Instituto Banese e Casa Curta-se, com a promo\u00e7\u00e3o do Museu da Gente Sergipana Gov. Marcelo D\u00e9da e da AvBr Produ\u00e7\u00f5es. Com o objetivo de proporcionar [&hellip;]<\/p>\n","protected":false},"author":6557,"featured_media":0,"comment_status":"closed","ping_status":"closed","sticky":false,"template":"","format":"standard","meta":{"footnotes":""},"categories":[40,15,21,8],"tags":[15576,15577,5048,10082,14369],"class_list":{"0":"post-125126","1":"post","2":"type-post","3":"status-publish","4":"format-standard","6":"category-cultura","7":"category-destaques","8":"category-entretenimento","9":"category-esporte-e-cultura","10":"tag-cine-drive-in","11":"tag-cinema-drive-in-em-aracaju","12":"tag-entretenimento","13":"tag-museu-da-gente-sergipana","14":"tag-pandemia"},"_links":{"self":[{"href":"https:\/\/senoticias.com.br\/se\/wp-json\/wp\/v2\/posts\/125126"}],"collection":[{"href":"https:\/\/senoticias.com.br\/se\/wp-json\/wp\/v2\/posts"}],"about":[{"href":"https:\/\/senoticias.com.br\/se\/wp-json\/wp\/v2\/types\/post"}],"author":[{"embeddable":true,"href":"https:\/\/senoticias.com.br\/se\/wp-json\/wp\/v2\/users\/6557"}],"replies":[{"embeddable":true,"href":"https:\/\/senoticias.com.br\/se\/wp-json\/wp\/v2\/comments?post=125126"}],"version-history":[{"count":0,"href":"https:\/\/senoticias.com.br\/se\/wp-json\/wp\/v2\/posts\/125126\/revisions"}],"wp:attachment":[{"href":"https:\/\/senoticias.com.br\/se\/wp-json\/wp\/v2\/media?parent=125126"}],"wp:term":[{"taxonomy":"category","embeddable":true,"href":"https:\/\/senoticias.com.br\/se\/wp-json\/wp\/v2\/categories?post=125126"},{"taxonomy":"post_tag","embeddable":true,"href":"https:\/\/senoticias.com.br\/se\/wp-json\/wp\/v2\/tags?post=125126"}],"curies":[{"name":"wp","href":"https:\/\/api.w.org\/{rel}","templated":true}]}}