{"id":125092,"date":"2020-09-20T16:57:00","date_gmt":"2020-09-20T19:57:00","guid":{"rendered":"https:\/\/senoticias.com.br\/se\/?p=125092"},"modified":"2020-09-20T16:57:00","modified_gmt":"2020-09-20T19:57:00","slug":"cantor-da-banda-chicana-morre-em-acidente-de-carro-na-bahia","status":"publish","type":"post","link":"https:\/\/senoticias.com.br\/se\/cantor-da-banda-chicana-morre-em-acidente-de-carro-na-bahia\/","title":{"rendered":"Cantor da banda Chicana morre em acidente de carro na Bahia"},"content":{"rendered":"<p style=\"text-align: justify;\">O cantor da banda baiana Chicana, Tarc\u00edsio Freitas de Oliveira, de 36 anos, morreu em um acidente de carro, na tarde deste s\u00e1bado (19), na BR-116, trecho entre as cidades de Tanquinho e Feira de Santana, a cerca de 100 km de Salvador. A morte de Tay, como era conhecido no meio art\u00edstico, foi confirmada ao G1 pela fam\u00edlia.<br \/>\nDe acordo com Edilson Freitas, irm\u00e3o mais velho do cantor, Tay voltava da cidade de Candeal, que fica a cerca de 60 km de Feira de Santana, onde o artista morava. O cantor tinha se apresentado no munic\u00edpio e retornava para casa quando o acidente aconteceu, por volta das 17h.<\/p>\n<div id=\"attachment_125093\" style=\"width: 609px\" class=\"wp-caption alignnone\"><a href=\"https:\/\/senoticias.com.br\/se\/wp-content\/uploads\/2020\/09\/cantor-se-noticias-e1600631570922.jpeg\"><img loading=\"lazy\" decoding=\"async\" aria-describedby=\"caption-attachment-125093\" class=\"size-full wp-image-125093\" src=\"https:\/\/senoticias.com.br\/se\/wp-content\/uploads\/2020\/09\/cantor-se-noticias-e1600631570922.jpeg\" alt=\"\" width=\"599\" height=\"839\" \/><\/a><p id=\"caption-attachment-125093\" class=\"wp-caption-text\">Cantor Tay, da banda Chicana, postou fotos momentos antes de morrer em acidente de carro na Bahia \u2014 Foto: Reprodu\u00e7\u00e3o\/ Redes Sociais<\/p><\/div>\n<p style=\"text-align: justify;\">Ainda segundo Edilson, Tay tentou desviar de um carro que fazia uma ultrapassagem e o ve\u00edculo que ele dirigia acabou capotando e saindo da pista. Ele viajava sozinho e morreu no local do acidente.<br \/>\nN\u00e3o h\u00e1 informa\u00e7\u00f5es sobre o condutor do ve\u00edculo que teria feito a ultrapassagem. O G1 tentou contato com a Pol\u00edcia Rodovi\u00e1ria Federal (PRF) para saber mais informa\u00e7\u00f5es sobre o acidente, mas, at\u00e9 a publica\u00e7\u00e3o desta reportagem, n\u00e3o conseguiu.<\/p>\n<p style=\"text-align: justify;\">Uma equipe da Pol\u00edcia Civil esteve no local do acidente para acompanhar a per\u00edcia e o levantamento cadav\u00e9rico. O corpo de Tay foi levado para Instituto M\u00e9dico Legal (IML) de Feira de Santana, e foi liberado na noite deste s\u00e1bado. O local e hor\u00e1rio do sepultamento ainda n\u00e3o foram definidos pela fam\u00edlia.<\/p>\n<p style=\"text-align: justify;\">Momentos antes do acidente, o cantor Tay postou uma selfie nas redes sociais com a legenda &#8220;Vou ali e volto j\u00e1&#8221;. Em seguida, ele postou outra foto dele com parte da letra da m\u00fasica &#8220;O que \u00e9, o que \u00e9&#8221;, de Gonzaguinha. O trecho usado pelo cantor diz: &#8220;E a vida, e a vida o que \u00e9, diga l\u00e1 meu irm\u00e3o&#8221;. Depois, o artista ainda chegou a postar um v\u00eddeo em que mostra a estrada, durante a viagem de volta para casa, e no qual ele deseja bom final de semana aos seguidores.<\/p>\n<p style=\"text-align: justify;\">No instagram oficial da banda, a produ\u00e7\u00e3o postou um s\u00edmbolo em sinal de luto. De acordo com a fam\u00edlia, Tay cantava desde os 17 anos, e h\u00e1 cerca de 18 estava \u00e0 frente da Chicana, cantando ax\u00e9.<br \/>\nMuitos f\u00e3s comparavam o timbre da voz dele ao de Bell Marques, ex-cantor da banda Chiclete com Banana e um dos \u00edcones do ax\u00e9.<\/p>\n<p style=\"text-align: justify;\">Nas redes sociais do grupo Chicana e tamb\u00e9m do cantor Tay, dezenas de f\u00e3s lamentaram a morte do artista. &#8220;Caramba, recebi essa not\u00edcia muito triste&#8230; De cora\u00e7\u00e3o partido, descanse em paz, irm\u00e3o. Luz&#8221;, diz uma das mensagens.<\/p>\n<p><a href=\"https:\/\/senoticias.com.br\/se\/wp-content\/uploads\/2020\/07\/Logo-SE-Noticias.jpg\"><img loading=\"lazy\" decoding=\"async\" class=\"alignnone size-full wp-image-124113\" src=\"https:\/\/senoticias.com.br\/se\/wp-content\/uploads\/2020\/07\/Logo-SE-Noticias.jpg\" alt=\"\" width=\"599\" height=\"78\" srcset=\"https:\/\/senoticias.com.br\/se\/wp-content\/uploads\/2020\/07\/Logo-SE-Noticias.jpg 599w, https:\/\/senoticias.com.br\/se\/wp-content\/uploads\/2020\/07\/Logo-SE-Noticias-300x39.jpg 300w\" sizes=\"(max-width: 599px) 100vw, 599px\" \/><\/a><\/p>\n<p><em><strong>Acompanhe tamb\u00e9m o SE Not\u00edcias no\u00a0<a href=\"https:\/\/twitter.com\/Senoticias\" target=\"_blank\" rel=\"noopener\">Twitter<\/a>,\u00a0<a href=\"https:\/\/www.facebook.com\/senoticias1\" target=\"_blank\" rel=\"noopener\">Facebook<\/a>\u00a0e no\u00a0<a href=\"https:\/\/www.instagram.com\/senoticias\/\" target=\"_blank\" rel=\"noopener\">Instagram<\/a><\/strong><\/em><\/p>\n","protected":false},"excerpt":{"rendered":"<p>O cantor da banda baiana Chicana, Tarc\u00edsio Freitas de Oliveira, de 36 anos, morreu em um acidente de carro, na tarde deste s\u00e1bado (19), na BR-116, trecho entre as cidades de Tanquinho e Feira de Santana, a cerca de 100 km de Salvador. A morte de Tay, como era conhecido no meio art\u00edstico, foi confirmada [&hellip;]<\/p>\n","protected":false},"author":6557,"featured_media":0,"comment_status":"closed","ping_status":"closed","sticky":false,"template":"","format":"standard","meta":{"footnotes":""},"categories":[15,21,22,2961],"tags":[15556,15553,15554,15555],"class_list":{"0":"post-125092","1":"post","2":"type-post","3":"status-publish","4":"format-standard","6":"category-destaques","7":"category-entretenimento","8":"category-famosos","9":"category-nacional","10":"tag-banda-baiana","11":"tag-banda-chicana","12":"tag-cantor-morre","13":"tag-tay-da-chicana"},"_links":{"self":[{"href":"https:\/\/senoticias.com.br\/se\/wp-json\/wp\/v2\/posts\/125092"}],"collection":[{"href":"https:\/\/senoticias.com.br\/se\/wp-json\/wp\/v2\/posts"}],"about":[{"href":"https:\/\/senoticias.com.br\/se\/wp-json\/wp\/v2\/types\/post"}],"author":[{"embeddable":true,"href":"https:\/\/senoticias.com.br\/se\/wp-json\/wp\/v2\/users\/6557"}],"replies":[{"embeddable":true,"href":"https:\/\/senoticias.com.br\/se\/wp-json\/wp\/v2\/comments?post=125092"}],"version-history":[{"count":0,"href":"https:\/\/senoticias.com.br\/se\/wp-json\/wp\/v2\/posts\/125092\/revisions"}],"wp:attachment":[{"href":"https:\/\/senoticias.com.br\/se\/wp-json\/wp\/v2\/media?parent=125092"}],"wp:term":[{"taxonomy":"category","embeddable":true,"href":"https:\/\/senoticias.com.br\/se\/wp-json\/wp\/v2\/categories?post=125092"},{"taxonomy":"post_tag","embeddable":true,"href":"https:\/\/senoticias.com.br\/se\/wp-json\/wp\/v2\/tags?post=125092"}],"curies":[{"name":"wp","href":"https:\/\/api.w.org\/{rel}","templated":true}]}}