{"id":125089,"date":"2020-09-20T16:06:18","date_gmt":"2020-09-20T19:06:18","guid":{"rendered":"https:\/\/senoticias.com.br\/se\/?p=125089"},"modified":"2020-09-20T16:37:53","modified_gmt":"2020-09-20T19:37:53","slug":"batida-entre-caminhao-de-itabaiana-e-van-deixa-12-mortos-e-1-ferido-na-br-365","status":"publish","type":"post","link":"https:\/\/senoticias.com.br\/se\/batida-entre-caminhao-de-itabaiana-e-van-deixa-12-mortos-e-1-ferido-na-br-365\/","title":{"rendered":"Batida entre caminh\u00e3o de Itabaiana e van deixa 12 mortos e 1 ferido na BR-365"},"content":{"rendered":"<p>&nbsp;<\/p>\n<p style=\"text-align: justify;\">Uma batida frontal entre um caminh\u00e3o e uma van na BR-365 deixou 12 mortos e 1 ferido em Patos de Minas (MG), na madrugada deste domingo (20).<\/p>\n<p style=\"text-align: justify;\">Segundo o Corpo de Bombeiros de Minas Gerais, os mortos <strong>s\u00e3o 11 passageiros que estavam na van<\/strong>, que seguia para Patroc\u00ednio (MG), <strong>e o motorista do caminh\u00e3o, que tem placa de Itabaiana (SE<\/strong>).<\/p>\n<div id=\"attachment_125091\" style=\"width: 609px\" class=\"wp-caption aligncenter\"><a href=\"https:\/\/senoticias.com.br\/se\/wp-content\/uploads\/2020\/09\/batida-patos-de-minas-e1600629332588.jpeg\"><img loading=\"lazy\" decoding=\"async\" aria-describedby=\"caption-attachment-125091\" class=\"size-full wp-image-125091\" src=\"https:\/\/senoticias.com.br\/se\/wp-content\/uploads\/2020\/09\/batida-patos-de-minas-e1600629332588.jpeg\" alt=\"\" width=\"599\" height=\"337\" \/><\/a><p id=\"caption-attachment-125091\" class=\"wp-caption-text\">Caminh\u00e3o envolvido no acidente em Patos de Minas (MG) na madrugada deste domingo (20) \u2014 Foto: Pol\u00edcia Rodovi\u00e1ria Federal\/Divulga\u00e7\u00e3o<\/p><\/div>\n<p style=\"text-align: justify;\">Um passageiro da van de 26 anos foi socorrido para o Hospital Regional de Patos de Minas em estado grave, com ferimentos na cabe\u00e7a, no abdome e no joelho.<\/p>\n<p style=\"text-align: justify;\">Os corpos foram levados para o Instituto M\u00e9dico Legal (IML) de Patos de Minas, que ainda n\u00e3o divulgou a identidade de todas das v\u00edtimas, apenas uma foi identificada.<\/p>\n<p style=\"text-align: justify;\">O corpo do motorista da van, de 27 anos, e dos passageiros que morreram ser\u00e3o levados para as cidades de S\u00e3o Jo\u00e3o de Minas, Varzel\u00e2ndia, Bras\u00edlia de Minas e Janu\u00e1ria, todas no norte de Minas. <strong>J\u00e1 o corpo do condutor do caminh\u00e3o, que foi identificado como\u00a0Renato Santos Dantas &#8211; 31 anos, ser\u00e1 encaminhado para Itabaiana, em Sergipe.<\/p>\n<p><\/strong>Segundo a Pol\u00edcia Rodovi\u00e1ria Federal (PRF), a suspeita \u00e9 que o motorista da van tentou desviar de uma \u00e1rvore que caiu na pista por conta de uma queimada e atingiu o caminh\u00e3o que estava no sentido contr\u00e1rio.<\/p>\n<p style=\"text-align: justify;\">&#8220;A \u00e1rvore na estrada pode ter sido o resultado de uma queimada \u00e0s margens da rodovia. A base da \u00e1rvore estava queimada, danificada pelo fogo. Ela caiu e bloqueou metade da pista de rolamento&#8221;, explicou o PRF Jo\u00e3o Alvarenga.<\/p>\n<p style=\"text-align: justify;\">O acidente ocorreu no km 373 da rodovia, num trecho conhecido como Curva dos Moreiras. Os bombeiros informaram que a van seguia para Patroc\u00ednio.<\/p>\n<p style=\"text-align: justify;\">O tr\u00e2nsito foi totalmente interditado at\u00e9 as 5h30 e a pista foi totalmente liberada \u00e0s 8h, segundo a PRF.<\/p>\n<p style=\"text-align: justify;\">Na tarde deste domingo, o Corpo de Bombeiros afirmou que a van transportava trabalhadores rurais do norte de Minas, da regi\u00e3o de S\u00e3o Jo\u00e3o da Ponte, e estavam em Patroc\u00ednio para a colheita do caf\u00e9.<\/p>\n<p style=\"text-align: justify;\">Al\u00e9m do corte dos galhos da \u00e1rvore que estavam na pista, os militares tamb\u00e9m realizaram a supress\u00e3o da mesma, pois o tronco estava comprometido.<\/p>\n<p style=\"text-align: justify;\">Os bombeiros disseram ainda que foram acionados, neste s\u00e1bado (19), para atua\u00e7\u00e3o em v\u00e1rios inc\u00eandios de grandes propor\u00e7\u00f5es em fazendas. Contudo, a corpora\u00e7\u00e3o afirma n\u00e3o teve como precisar se a localiza\u00e7\u00e3o do acidente foi consequ\u00eancia de uma das queimadas registradas no dia anterior.<\/p>\n<p>&nbsp;<\/p>\n<p><a href=\"https:\/\/senoticias.com.br\/se\/wp-content\/uploads\/2020\/08\/Logo-SE-Noticias-1-2.jpg\"><img loading=\"lazy\" decoding=\"async\" class=\"aligncenter size-full wp-image-124812\" src=\"https:\/\/senoticias.com.br\/se\/wp-content\/uploads\/2020\/08\/Logo-SE-Noticias-1-2.jpg\" alt=\"\" width=\"599\" height=\"78\" srcset=\"https:\/\/senoticias.com.br\/se\/wp-content\/uploads\/2020\/08\/Logo-SE-Noticias-1-2.jpg 599w, https:\/\/senoticias.com.br\/se\/wp-content\/uploads\/2020\/08\/Logo-SE-Noticias-1-2-300x39.jpg 300w\" sizes=\"(max-width: 599px) 100vw, 599px\" \/><\/a><\/p>\n<p>&nbsp;<\/p>\n<p><em><strong>Acompanhe tamb\u00e9m o SE Not\u00edcias no\u00a0<a href=\"https:\/\/twitter.com\/Senoticias\" target=\"_blank\" rel=\"noopener\">Twitter<\/a>,\u00a0<a href=\"https:\/\/www.facebook.com\/senoticias1\" target=\"_blank\" rel=\"noopener\">Facebook<\/a>\u00a0e no\u00a0<a href=\"https:\/\/www.instagram.com\/senoticias\/\" target=\"_blank\" rel=\"noopener\">Instagram<\/a><\/strong><\/em><\/p>\n<p>&nbsp;<\/p>\n<p><em>Mat\u00e9ria extra\u00edda do <a href=\"https:\/\/g1.globo.com\/mg\/triangulo-mineiro\/noticia\/2020\/09\/20\/batida-frontal-entre-caminhao-e-van-deixa-12-mortos-e-uma-pessoa-ferida-na-br-365-em-patos-de-minas.ghtml\"><strong>site<\/strong><\/a> G1\/MG<\/em><\/p>\n<p>&nbsp;<\/p>\n","protected":false},"excerpt":{"rendered":"<p>&nbsp; Uma batida frontal entre um caminh\u00e3o e uma van na BR-365 deixou 12 mortos e 1 ferido em Patos de Minas (MG), na madrugada deste domingo (20). Segundo o Corpo de Bombeiros de Minas Gerais, os mortos s\u00e3o 11 passageiros que estavam na van, que seguia para Patroc\u00ednio (MG), e o motorista do caminh\u00e3o, [&hellip;]<\/p>\n","protected":false},"author":6552,"featured_media":125091,"comment_status":"closed","ping_status":"closed","sticky":false,"template":"","format":"standard","meta":{"footnotes":""},"categories":[15,38],"tags":[],"class_list":{"0":"post-125089","1":"post","2":"type-post","3":"status-publish","4":"format-standard","5":"has-post-thumbnail","7":"category-destaques","8":"category-municipios"},"_links":{"self":[{"href":"https:\/\/senoticias.com.br\/se\/wp-json\/wp\/v2\/posts\/125089"}],"collection":[{"href":"https:\/\/senoticias.com.br\/se\/wp-json\/wp\/v2\/posts"}],"about":[{"href":"https:\/\/senoticias.com.br\/se\/wp-json\/wp\/v2\/types\/post"}],"author":[{"embeddable":true,"href":"https:\/\/senoticias.com.br\/se\/wp-json\/wp\/v2\/users\/6552"}],"replies":[{"embeddable":true,"href":"https:\/\/senoticias.com.br\/se\/wp-json\/wp\/v2\/comments?post=125089"}],"version-history":[{"count":0,"href":"https:\/\/senoticias.com.br\/se\/wp-json\/wp\/v2\/posts\/125089\/revisions"}],"wp:featuredmedia":[{"embeddable":true,"href":"https:\/\/senoticias.com.br\/se\/wp-json\/wp\/v2\/media\/125091"}],"wp:attachment":[{"href":"https:\/\/senoticias.com.br\/se\/wp-json\/wp\/v2\/media?parent=125089"}],"wp:term":[{"taxonomy":"category","embeddable":true,"href":"https:\/\/senoticias.com.br\/se\/wp-json\/wp\/v2\/categories?post=125089"},{"taxonomy":"post_tag","embeddable":true,"href":"https:\/\/senoticias.com.br\/se\/wp-json\/wp\/v2\/tags?post=125089"}],"curies":[{"name":"wp","href":"https:\/\/api.w.org\/{rel}","templated":true}]}}