{"id":125080,"date":"2020-09-19T06:02:46","date_gmt":"2020-09-19T09:02:46","guid":{"rendered":"https:\/\/senoticias.com.br\/se\/?p=125080"},"modified":"2020-09-19T06:16:03","modified_gmt":"2020-09-19T09:16:03","slug":"policia-civil-indicia-condutor-de-veiculo-de-trilha-que-matou-idoso-em-lagarto","status":"publish","type":"post","link":"https:\/\/senoticias.com.br\/se\/policia-civil-indicia-condutor-de-veiculo-de-trilha-que-matou-idoso-em-lagarto\/","title":{"rendered":"Pol\u00edcia Civil indicia condutor de ve\u00edculo de trilha que matou idoso em Lagarto"},"content":{"rendered":"<p style=\"text-align: justify;\">A Pol\u00edcia Civil concluiu o inqu\u00e9rito policial que investiga a morte de <strong>Jos\u00e9 Milton dos Santos, conhecido como \u201cZ\u00e9 da Moita\u201d<\/strong>, no dia <strong>21 de junho deste ano<\/strong>, no povoado Olhos D\u2018\u00c1gua, em Lagarto. Ele transitava em sua motocicleta, quando foi atingido por um ve\u00edculo de trilha. As investiga\u00e7\u00f5es resultaram no indiciamento do condutor e causador do acidente, Carlos Henrique Mendes Soares, pela pr\u00e1tica de homic\u00eddio culposo, majorado pela aus\u00eancia de socorro \u00e0 v\u00edtima.<\/p>\n<div id=\"attachment_125082\" style=\"width: 609px\" class=\"wp-caption aligncenter\"><a href=\"https:\/\/senoticias.com.br\/se\/wp-content\/uploads\/2020\/09\/acidente-com-morte-SE-Noticias.jpeg\"><img loading=\"lazy\" decoding=\"async\" aria-describedby=\"caption-attachment-125082\" class=\"size-full wp-image-125082\" src=\"https:\/\/senoticias.com.br\/se\/wp-content\/uploads\/2020\/09\/acidente-com-morte-SE-Noticias-e1600506365716.jpeg\" alt=\"\" width=\"599\" height=\"449\" \/><\/a><p id=\"caption-attachment-125082\" class=\"wp-caption-text\">Segundo a Pol\u00edcia Civil, o acidente foi causado por condutor de um ve\u00edculo de trilha (foto: SSP\/SE)<\/p><\/div>\n<p style=\"text-align: justify;\">O procedimento investigativo resultou tamb\u00e9m nos indiciamentos de Guilherme dos Santos Pessoa Cavalcanti, o \u201cGuilherme Rocha\u201d, de Ricardo Santos de Oliveira e de Elmo Menezes de Andrade, por omiss\u00e3o de socorro, majorada pela morte da v\u00edtima.<\/p>\n<p style=\"text-align: justify;\">Ainda segundo as investiga\u00e7\u00f5es, Guilherme e Ricardo estavam em um ve\u00edculo \u00e0 frente do causador do acidente. J\u00e1 Elmo, no mesmo ve\u00edculo conduzido por Carlos Henrique. Os tr\u00eas souberam do acidente fatal ainda no povoado Olhos D\u2019\u00c1gua e, mesmo assim, <strong>n\u00e3o prestaram socorro \u00e0 v\u00edtima.<\/strong><\/p>\n<p style=\"text-align: justify;\">Segundo o delegado Allison Lial, as investiga\u00e7\u00f5es apontaram que Carlos Henrique seguia em velocidade superior \u00e0 m\u00e1xima permitida e, ao realizar a manobra para uma curva na estrada de acesso ao povoado, perdeu o controle da dire\u00e7\u00e3o. Em seguida, invadiu a contram\u00e3o, na qual seguia a v\u00edtima, provocando o acidente.<\/p>\n<p style=\"text-align: justify;\">O delegado destacou tamb\u00e9m que o n\u00famero de acidentes de tr\u00e2nsito com v\u00edtima em Lagarto tem sido alarmante, tendo o inqu\u00e9rito policial sobre a investiga\u00e7\u00e3o da morte de Jos\u00e9 Milton dos Santos sendo conclu\u00eddo no m\u00eas de setembro, que \u00e9 marcado pela Semana Nacional do Tr\u00e2nsito.<\/p>\n<p>&nbsp;<\/p>\n<p><a href=\"https:\/\/senoticias.com.br\/se\/wp-content\/uploads\/2020\/08\/Logo-SE-Noticias-1-2.jpg\"><img loading=\"lazy\" decoding=\"async\" class=\"aligncenter size-full wp-image-124812\" src=\"https:\/\/senoticias.com.br\/se\/wp-content\/uploads\/2020\/08\/Logo-SE-Noticias-1-2.jpg\" alt=\"\" width=\"599\" height=\"78\" srcset=\"https:\/\/senoticias.com.br\/se\/wp-content\/uploads\/2020\/08\/Logo-SE-Noticias-1-2.jpg 599w, https:\/\/senoticias.com.br\/se\/wp-content\/uploads\/2020\/08\/Logo-SE-Noticias-1-2-300x39.jpg 300w\" sizes=\"(max-width: 599px) 100vw, 599px\" \/><\/a><\/p>\n<p><em><strong>Acompanhe tamb\u00e9m o SE Not\u00edcias no\u00a0<a href=\"https:\/\/twitter.com\/Senoticias\" target=\"_blank\" rel=\"noopener\">Twitter<\/a>,\u00a0<a href=\"https:\/\/www.facebook.com\/senoticias1\" target=\"_blank\" rel=\"noopener\">Facebook<\/a>\u00a0e no\u00a0<a href=\"https:\/\/www.instagram.com\/senoticias\/\" target=\"_blank\" rel=\"noopener\">Instagram<\/a><\/strong><\/em><\/p>\n<p>&nbsp;<\/p>\n<p>Fonte: SSP\/SE<\/p>\n","protected":false},"excerpt":{"rendered":"<p>A Pol\u00edcia Civil concluiu o inqu\u00e9rito policial que investiga a morte de Jos\u00e9 Milton dos Santos, conhecido como \u201cZ\u00e9 da Moita\u201d, no dia 21 de junho deste ano, no povoado Olhos D\u2018\u00c1gua, em Lagarto. Ele transitava em sua motocicleta, quando foi atingido por um ve\u00edculo de trilha. As investiga\u00e7\u00f5es resultaram no indiciamento do condutor e [&hellip;]<\/p>\n","protected":false},"author":6552,"featured_media":125082,"comment_status":"closed","ping_status":"closed","sticky":false,"template":"","format":"standard","meta":{"footnotes":""},"categories":[15,7,1],"tags":[15545,806,14991,11226],"class_list":{"0":"post-125080","1":"post","2":"type-post","3":"status-publish","4":"format-standard","5":"has-post-thumbnail","7":"category-destaques","8":"category-policia","9":"category-sem-categoria","10":"tag-acidente-com-idoso","11":"tag-lagarto","12":"tag-povoado-olhos-dagua","13":"tag-violencia-no-transito"},"_links":{"self":[{"href":"https:\/\/senoticias.com.br\/se\/wp-json\/wp\/v2\/posts\/125080"}],"collection":[{"href":"https:\/\/senoticias.com.br\/se\/wp-json\/wp\/v2\/posts"}],"about":[{"href":"https:\/\/senoticias.com.br\/se\/wp-json\/wp\/v2\/types\/post"}],"author":[{"embeddable":true,"href":"https:\/\/senoticias.com.br\/se\/wp-json\/wp\/v2\/users\/6552"}],"replies":[{"embeddable":true,"href":"https:\/\/senoticias.com.br\/se\/wp-json\/wp\/v2\/comments?post=125080"}],"version-history":[{"count":0,"href":"https:\/\/senoticias.com.br\/se\/wp-json\/wp\/v2\/posts\/125080\/revisions"}],"wp:featuredmedia":[{"embeddable":true,"href":"https:\/\/senoticias.com.br\/se\/wp-json\/wp\/v2\/media\/125082"}],"wp:attachment":[{"href":"https:\/\/senoticias.com.br\/se\/wp-json\/wp\/v2\/media?parent=125080"}],"wp:term":[{"taxonomy":"category","embeddable":true,"href":"https:\/\/senoticias.com.br\/se\/wp-json\/wp\/v2\/categories?post=125080"},{"taxonomy":"post_tag","embeddable":true,"href":"https:\/\/senoticias.com.br\/se\/wp-json\/wp\/v2\/tags?post=125080"}],"curies":[{"name":"wp","href":"https:\/\/api.w.org\/{rel}","templated":true}]}}