{"id":125034,"date":"2020-09-15T10:29:34","date_gmt":"2020-09-15T13:29:34","guid":{"rendered":"https:\/\/senoticias.com.br\/se\/?p=125034"},"modified":"2020-09-15T10:42:40","modified_gmt":"2020-09-15T13:42:40","slug":"sergipe-tem-a-menor-taxa-de-contagio-por-covid-19-no-brasil","status":"publish","type":"post","link":"https:\/\/senoticias.com.br\/se\/sergipe-tem-a-menor-taxa-de-contagio-por-covid-19-no-brasil\/","title":{"rendered":"Sergipe tem a menor taxa de cont\u00e1gio por Covid-19 no Brasil"},"content":{"rendered":"<p style=\"text-align: justify;\">Seis meses ap\u00f3s o primeiro caso confirmado da Covid-19 em Sergipe, o estado registra a menor taxa de cont\u00e1gio pelo v\u00edrus no Brasil, de 0,69, de acordo o \u00edndice da Covid Analytics, calculado pela Pontif\u00edcia Universidade Cat\u00f3lica do Rio de Janeiro (PUC) em parceria com a Universidade Federal de Sergipe (UFS).<\/p>\n<div id=\"attachment_125033\" style=\"width: 609px\" class=\"wp-caption alignnone\"><a href=\"https:\/\/senoticias.com.br\/se\/wp-content\/uploads\/2020\/09\/covid-se-noticias-e1600175056907.jpg\"><img loading=\"lazy\" decoding=\"async\" aria-describedby=\"caption-attachment-125033\" class=\"size-full wp-image-125033\" src=\"https:\/\/senoticias.com.br\/se\/wp-content\/uploads\/2020\/09\/covid-se-noticias-e1600175056907.jpg\" alt=\"\" width=\"599\" height=\"358\" \/><\/a><p id=\"caption-attachment-125033\" class=\"wp-caption-text\">Foto: Ac\u00e1cio Pinheiro\/Ag\u00eancia Bras\u00edlia<\/p><\/div>\n<p style=\"text-align: justify;\">O estado de Alagoas tamb\u00e9m aparece com o mesmo \u00edndice, de 0,69. O n\u00famero efetivo de reprodu\u00e7\u00e3o (Rt) \u00e9 uma m\u00e9trica chave, que representa a taxa de infectividade do v\u00edrus, ou seja, para quantas pessoas, em m\u00e9dia, um indiv\u00edduo infectado transmite a doen\u00e7a.<\/p>\n<p style=\"text-align: justify;\">J\u00e1 s\u00e3o seis semanas consecutivas com redu\u00e7\u00e3o de casos e mortes por Covid-19 em Sergipe.<\/p>\n<p style=\"text-align: justify;\">Segundo o governador Belivaldo Chagas, a queda crescente nos n\u00fameros despertou o interesse de pesquisadores do Pa\u00eds e pode ser explicada, em parte, pelas medidas firmes tomadas pelo Estado desde o in\u00edcio da pandemia.<\/p>\n<p style=\"text-align: justify;\">\u201cO caso em Sergipe \u00e9 como se fosse um V invertido. Tivemos o primeiro caso confirmado pela Secretaria de Estado da Sa\u00fade (SES) em 14 de mar\u00e7o e, imediatamente, adotamos as medidas de emerg\u00eancia necess\u00e1rias para conter a propaga\u00e7\u00e3o do v\u00edrus. Depois, houve um pico de crescimento at\u00e9 o dia 17 de julho, a partir de ent\u00e3o, come\u00e7amos a registrar uma queda, inclusive, servindo de estudo por parte de outros estados e de t\u00e9cnicos e cientistas. Talvez tenha sido fruto do trabalho de todos n\u00f3s, para que pud\u00e9ssemos segurar a onda de crescimento para chegarmos a esses n\u00fameros favor\u00e1veis de hoje\u201d.<\/p>\n<p style=\"text-align: justify;\">Em maio deste ano, um estudo divulgado pela Funda\u00e7\u00e3o Oswaldo Cruz (Fiocruz) apontou que Sergipe foi o estado do Nordeste, que mais adotou a\u00e7\u00f5es de enfrentamento ao coronav\u00edrus desde o in\u00edcio da pandemia.<\/p>\n<p style=\"text-align: justify;\">\u201cNossa maior preocupa\u00e7\u00e3o desde o in\u00edcio sempre foi com as vidas das pessoas, todas as medidas adotadas sempre foram baseadas em orienta\u00e7\u00f5es t\u00e9cnicas e cientificas. Claro que \u00e9 tudo novo para todos e n\u00e3o podemos afirmar precisamente o que realmente explica o nosso cen\u00e1rio atual nem se ele ser\u00e1 cont\u00ednuo, mas a certeza que temos \u00e9 que fizemos e estamos fazendo todo o esfor\u00e7o poss\u00edvel para minimizar os impactos da doen\u00e7a no nosso estado e na nossa popula\u00e7\u00e3o\u201d, destacou Belivaldo.<\/p>\n<p style=\"text-align: justify;\">O professor do curso de Farm\u00e1cia da Universidade Federal de Sergipe (UFS) e doutor em Bioqu\u00edmica Lysandro Borges, que desenvolve estudos relacionados \u00e0 Covid-19 em Sergipe, informou que a taxa de circula\u00e7\u00e3o do v\u00edrus, entre abril e maio, era de 4.5 no estado. Para o pesquisador tr\u00eas fatores t\u00eam contribu\u00eddo para a redu\u00e7\u00e3o no n\u00famero de casos e mortes pela doen\u00e7a: os linf\u00f3citos T, a imunidade de rebanho e a ades\u00e3o do uso da m\u00e1scara, principalmente na Grande Aracaju.<\/p>\n<p style=\"text-align: justify;\">\u201cOs linf\u00f3citos T s\u00e3o c\u00e9lulas de defesa do nosso organismo, que atacam tudo que \u00e9 estranho. As pesquisas demonstraram que essa c\u00e9lula j\u00e1 est\u00e1 apta a atacar o SARS-COV-2 sem nunca ter tido contato com ele\u201d, explicou.<\/p>\n<p style=\"text-align: justify;\">O governador refor\u00e7ou que apesar das semanas consecutivas de queda, ainda n\u00e3o \u00e9 hora para relaxar com rela\u00e7\u00e3o \u00e0s medidas preventivas e pediu que a popula\u00e7\u00e3o continue colaborando para que os n\u00fameros n\u00e3o voltem a crescer no estado.<\/p>\n<p style=\"text-align: justify;\">\u201cTodas precisam continuar atentos \u00e0s medidas de higiene, como a lavagem das m\u00e3os com \u00e1gua e sab\u00e3o e uso \u00e1lcool em gel, al\u00e9m do distanciamento social e uso de m\u00e1scara. Tudo indica que a nossa insist\u00eancia para a ado\u00e7\u00e3o coletiva dessas medidas, assim como para que os estabelecimentos sigam os protocolos sanit\u00e1rios de sa\u00fade t\u00eam gerado esse resultado e precisamos manter isso para n\u00e3o retrocedermos\u201d, alertou o chefe do Executivo estadual.<\/p>\n<p style=\"text-align: justify;\">Lysandro Borges pontuou que, inclusive, h\u00e1 ind\u00edcios de que o uso de m\u00e1scara tenha uma grande relev\u00e2ncia nesse contexto. O que pode explicar que, agora, os n\u00fameros da doen\u00e7a sejam maiores no interior do estado, j\u00e1 que a ades\u00e3o ao uso do item de prote\u00e7\u00e3o \u00e9 menor fora da Grande Aracaju.<\/p>\n<p style=\"text-align: justify;\">\u201cPor isso que, agora, n\u00f3s temos o aumento do n\u00famero de casos nos interiores, pela n\u00e3o ades\u00e3o do uso da m\u00e1scara\u201d.<a href=\"https:\/\/senoticias.com.br\/se\/wp-content\/uploads\/2020\/08\/Logo-SE-Noticias-1-1-e1597675148375.jpg\"><img loading=\"lazy\" decoding=\"async\" class=\"alignnone size-full wp-image-124612\" src=\"https:\/\/senoticias.com.br\/se\/wp-content\/uploads\/2020\/08\/Logo-SE-Noticias-1-1-e1597675148375.jpg\" alt=\"\" width=\"550\" height=\"72\" \/><\/a><\/p>\n<p><strong><em>Acompanhe tamb\u00e9m o SE Not\u00edcias no\u00a0<a href=\"https:\/\/twitter.com\/Senoticias\" target=\"_blank\" rel=\"noopener\">Twitter<\/a>,\u00a0<a href=\"https:\/\/www.facebook.com\/senoticias1\" target=\"_blank\" rel=\"noopener\">Facebook<\/a>\u00a0e no\u00a0<a href=\"https:\/\/www.instagram.com\/senoticias\/\" target=\"_blank\" rel=\"noopener\">Instagram<\/a><\/em><\/strong><\/p>\n<p style=\"text-align: justify;\">Blog do Max Augusto, com informa\u00e7\u00f5es da Ag\u00eancia Sergipe<\/p>\n","protected":false},"excerpt":{"rendered":"<p>Seis meses ap\u00f3s o primeiro caso confirmado da Covid-19 em Sergipe, o estado registra a menor taxa de cont\u00e1gio pelo v\u00edrus no Brasil, de 0,69, de acordo o \u00edndice da Covid Analytics, calculado pela Pontif\u00edcia Universidade Cat\u00f3lica do Rio de Janeiro (PUC) em parceria com a Universidade Federal de Sergipe (UFS). O estado de Alagoas [&hellip;]<\/p>\n","protected":false},"author":6557,"featured_media":0,"comment_status":"closed","ping_status":"closed","sticky":false,"template":"","format":"standard","meta":{"footnotes":""},"categories":[15,310,38,2961],"tags":[370,15524,14176,14270,14369,223],"class_list":{"0":"post-125034","1":"post","2":"type-post","3":"status-publish","4":"format-standard","6":"category-destaques","7":"category-destaques-da-semana","8":"category-municipios","9":"category-nacional","10":"tag-brasil","11":"tag-contagio-de-corona","12":"tag-corona-virus","13":"tag-covid-19","14":"tag-pandemia","15":"tag-sergipe"},"_links":{"self":[{"href":"https:\/\/senoticias.com.br\/se\/wp-json\/wp\/v2\/posts\/125034"}],"collection":[{"href":"https:\/\/senoticias.com.br\/se\/wp-json\/wp\/v2\/posts"}],"about":[{"href":"https:\/\/senoticias.com.br\/se\/wp-json\/wp\/v2\/types\/post"}],"author":[{"embeddable":true,"href":"https:\/\/senoticias.com.br\/se\/wp-json\/wp\/v2\/users\/6557"}],"replies":[{"embeddable":true,"href":"https:\/\/senoticias.com.br\/se\/wp-json\/wp\/v2\/comments?post=125034"}],"version-history":[{"count":0,"href":"https:\/\/senoticias.com.br\/se\/wp-json\/wp\/v2\/posts\/125034\/revisions"}],"wp:attachment":[{"href":"https:\/\/senoticias.com.br\/se\/wp-json\/wp\/v2\/media?parent=125034"}],"wp:term":[{"taxonomy":"category","embeddable":true,"href":"https:\/\/senoticias.com.br\/se\/wp-json\/wp\/v2\/categories?post=125034"},{"taxonomy":"post_tag","embeddable":true,"href":"https:\/\/senoticias.com.br\/se\/wp-json\/wp\/v2\/tags?post=125034"}],"curies":[{"name":"wp","href":"https:\/\/api.w.org\/{rel}","templated":true}]}}