{"id":125024,"date":"2020-09-14T16:28:44","date_gmt":"2020-09-14T19:28:44","guid":{"rendered":"https:\/\/senoticias.com.br\/se\/?p=125024"},"modified":"2020-09-14T18:38:30","modified_gmt":"2020-09-14T21:38:30","slug":"aracaju-ja-tem-7-candidatos-a-prefeitura","status":"publish","type":"post","link":"https:\/\/senoticias.com.br\/se\/aracaju-ja-tem-7-candidatos-a-prefeitura\/","title":{"rendered":"Aracaju j\u00e1 tem 7 candidatos \u00e0 Prefeitura"},"content":{"rendered":"<p style=\"text-align: justify;\">7 nomes j\u00e1 foram confirmados pelos seus partidos para disputar o comando da Prefeitura de Aracaju: Edvaldo Nogueira (PDT); Danielle Garcia (Cidadania); Paulo M\u00e1rcio (DC); L\u00facio Fl\u00e1vio (Avante); Alexis Pedr\u00e3o (PSOL), Gilvani Santos (PSTU) e Almeida Lima (PRTB).<\/p>\n<div id=\"attachment_125025\" style=\"width: 609px\" class=\"wp-caption alignnone\"><a href=\"https:\/\/senoticias.com.br\/se\/wp-content\/uploads\/2020\/09\/candidatos-a-prefeitura-se-noticias-e1600111641413.jpg\"><img loading=\"lazy\" decoding=\"async\" aria-describedby=\"caption-attachment-125025\" class=\"size-full wp-image-125025\" src=\"https:\/\/senoticias.com.br\/se\/wp-content\/uploads\/2020\/09\/candidatos-a-prefeitura-se-noticias-e1600111641413.jpg\" alt=\"\" width=\"599\" height=\"336\" \/><\/a><p id=\"caption-attachment-125025\" class=\"wp-caption-text\">Pr\u00e9dio da Prefeitura de Aracaju (foto: arquivo\/AAN)<\/p><\/div>\n<p style=\"text-align: justify;\">Outros tr\u00eas nomes j\u00e1 est\u00e3o com conven\u00e7\u00e3o marcada e tamb\u00e9m dever\u00e3o entrar na disputa. S\u00e3o eles: Rodrigo Valadares (PTB), que realiza conven\u00e7\u00e3o na noite desta segunda-feira, 14; Georlize Teles (Democratas), cuja conven\u00e7\u00e3o acontece na ter\u00e7a-feira, 15, e M\u00e1rcio Macedo (PT), que realiza conven\u00e7\u00e3o na quarta-feira, 16.<\/p>\n<p><a href=\"https:\/\/senoticias.com.br\/se\/wp-content\/uploads\/2020\/08\/Logo-SE-Noticias-1-1-e1597675148375.jpg\"><img loading=\"lazy\" decoding=\"async\" class=\"alignnone size-full wp-image-124612\" src=\"https:\/\/senoticias.com.br\/se\/wp-content\/uploads\/2020\/08\/Logo-SE-Noticias-1-1-e1597675148375.jpg\" alt=\"\" width=\"550\" height=\"72\" \/><\/a><\/p>\n<p><strong><em>Acompanhe tamb\u00e9m o SE Not\u00edcias no\u00a0<a href=\"https:\/\/twitter.com\/Senoticias\" target=\"_blank\" rel=\"noopener\">Twitter<\/a>,\u00a0<a href=\"https:\/\/www.facebook.com\/senoticias1\" target=\"_blank\" rel=\"noopener\">Facebook<\/a>\u00a0e no\u00a0<a href=\"https:\/\/www.instagram.com\/senoticias\/\" target=\"_blank\" rel=\"noopener\">Instagram<\/a><\/em><\/strong><\/p>\n<p>&nbsp;<\/p>\n<p><em>Mat\u00e9ria extra\u00edda do Blog do Max Augusto<\/em><\/p>\n","protected":false},"excerpt":{"rendered":"<p>7 nomes j\u00e1 foram confirmados pelos seus partidos para disputar o comando da Prefeitura de Aracaju: Edvaldo Nogueira (PDT); Danielle Garcia (Cidadania); Paulo M\u00e1rcio (DC); L\u00facio Fl\u00e1vio (Avante); Alexis Pedr\u00e3o (PSOL), Gilvani Santos (PSTU) e Almeida Lima (PRTB). Outros tr\u00eas nomes j\u00e1 est\u00e3o com conven\u00e7\u00e3o marcada e tamb\u00e9m dever\u00e3o entrar na disputa. S\u00e3o eles: Rodrigo [&hellip;]<\/p>\n","protected":false},"author":6557,"featured_media":0,"comment_status":"closed","ping_status":"closed","sticky":false,"template":"","format":"standard","meta":{"footnotes":""},"categories":[15,6],"tags":[8507,15523,1565,213],"class_list":{"0":"post-125024","1":"post","2":"type-post","3":"status-publish","4":"format-standard","6":"category-destaques","7":"category-politica","8":"tag-eleicoes-2020","9":"tag-pre-canditatos","10":"tag-prefeito-de-aracaju","11":"tag-prefeitura-de-aracaju"},"_links":{"self":[{"href":"https:\/\/senoticias.com.br\/se\/wp-json\/wp\/v2\/posts\/125024"}],"collection":[{"href":"https:\/\/senoticias.com.br\/se\/wp-json\/wp\/v2\/posts"}],"about":[{"href":"https:\/\/senoticias.com.br\/se\/wp-json\/wp\/v2\/types\/post"}],"author":[{"embeddable":true,"href":"https:\/\/senoticias.com.br\/se\/wp-json\/wp\/v2\/users\/6557"}],"replies":[{"embeddable":true,"href":"https:\/\/senoticias.com.br\/se\/wp-json\/wp\/v2\/comments?post=125024"}],"version-history":[{"count":0,"href":"https:\/\/senoticias.com.br\/se\/wp-json\/wp\/v2\/posts\/125024\/revisions"}],"wp:attachment":[{"href":"https:\/\/senoticias.com.br\/se\/wp-json\/wp\/v2\/media?parent=125024"}],"wp:term":[{"taxonomy":"category","embeddable":true,"href":"https:\/\/senoticias.com.br\/se\/wp-json\/wp\/v2\/categories?post=125024"},{"taxonomy":"post_tag","embeddable":true,"href":"https:\/\/senoticias.com.br\/se\/wp-json\/wp\/v2\/tags?post=125024"}],"curies":[{"name":"wp","href":"https:\/\/api.w.org\/{rel}","templated":true}]}}