{"id":124994,"date":"2020-09-11T05:46:20","date_gmt":"2020-09-11T08:46:20","guid":{"rendered":"https:\/\/senoticias.com.br\/se\/?p=124994"},"modified":"2020-09-11T05:54:27","modified_gmt":"2020-09-11T08:54:27","slug":"governo-de-sergipe-libera-realizacao-de-eventos-sociais-e-funcionamento-de-clubes","status":"publish","type":"post","link":"https:\/\/senoticias.com.br\/se\/governo-de-sergipe-libera-realizacao-de-eventos-sociais-e-funcionamento-de-clubes\/","title":{"rendered":"Governo de Sergipe libera realiza\u00e7\u00e3o de eventos sociais e funcionamento de clubes"},"content":{"rendered":"<div class=\"col-md-12\">\n<div class=\"texto\">\n<p style=\"text-align: justify;\">O governador Belivaldo Chagas anunciou, em coletiva \u00e0 imprensa, no Pal\u00e1cio dos Despachos, nesta quinta-feira (10), a nova etapa da fase verde do Plano de Retomada da Economia de Sergipe e a libera\u00e7\u00e3o parcial de algumas atividades elencadas como especiais devido ao car\u00e1ter de risco sanit\u00e1rio elevado e potencial de aglomera\u00e7\u00e3o de pessoas. As decis\u00f5es, validadas pelo Comit\u00ea T\u00e9cnico-Cient\u00edfico e de Atividades Especiais (Ctcae) em reuni\u00e3o anterior \u00e0 coletiva, ser\u00e3o publicadas por meio de Resolu\u00e7\u00e3o no Di\u00e1rio Oficial do Estado desta sexta-feira (11).<\/p>\n<div id=\"attachment_123090\" style=\"width: 609px\" class=\"wp-caption alignnone\"><a href=\"https:\/\/senoticias.com.br\/se\/wp-content\/uploads\/2020\/04\/7a6bd7f86ff7ef3d68a1ce3b85fc19d7-e1588113621892.jpg\"><img loading=\"lazy\" decoding=\"async\" aria-describedby=\"caption-attachment-123090\" class=\"size-full wp-image-123090\" src=\"https:\/\/senoticias.com.br\/se\/wp-content\/uploads\/2020\/04\/7a6bd7f86ff7ef3d68a1ce3b85fc19d7-e1588113621892.jpg\" alt=\"\" width=\"599\" height=\"399\" \/><\/a><p id=\"caption-attachment-123090\" class=\"wp-caption-text\">Governador autoriza parte das atividades classificadas como especiais (foto: M\u00e1rio Sousa\/ASN)<\/p><\/div>\n<p style=\"text-align: justify;\">Belivaldo explicou que os avan\u00e7os no estado se deve \u00e0\u00a0analise dos n\u00fameros da pandemia, que t\u00eam ca\u00eddo em Sergipe e pediu que a popula\u00e7\u00e3o continue colaborando para que a queda seja cont\u00ednua. \u201cO caso em Sergipe \u00e9 como se fosse um V invertido, tivemos um pico de crescimento at\u00e9 o dia 15 de julho, a partir dai, h\u00e1 uma queda, inclusive, servindo de estudo por parte de outros estados e de t\u00e9cnicos e cientistas. Talvez tenha sido fruto do trabalho de todos n\u00f3s, para que pud\u00e9ssemos segurar a onda de crescimento para chegarmos a esses n\u00fameros favor\u00e1veis de hoje. Mas continuo a pedir que a sociedade ainda tenha cautela e mantenha as medidas recomendadas, como distanciamento e uso de m\u00e1scara, para que continuemos a avan\u00e7ar\u201d, disse o chefe do Executivo estadual.<\/p>\n<p style=\"text-align: justify;\">De acordo com a Resolu\u00e7\u00e3o, a partir do dia 14 deste m\u00eas e respeitando os Protocolos de Sa\u00fade, academias de gin\u00e1sticas, de qualquer modalidade, e atividades f\u00edsicas em geral passam a poder funcionar todos os dias, sem restri\u00e7\u00e3o de hor\u00e1rio, com 75% de sua capacidade, n\u00e3o podendo exceder a quantidade de um cliente a cada 6 m\u00b2. Tamb\u00e9m a partir do dia 14, bares, restaurantes, pizzarias, sorveterias e similares estar\u00e3o liberados a funcionar todos os dias, das 06h \u00e0s 0h, com aumento para 75% da capacidade, respeitando o distanciamento de 2m por mesa e no m\u00e1ximo 6 pessoas por mesa e demais medidas recomendadas pelas autoridades sanit\u00e1rias. Ser\u00e3o liberados, ainda, o sistema de self-service, buffet livre e rod\u00edzio. J\u00e1 os shows de pequeno porte nesses estabelecimentos (Voz e Viol\u00e3o) poder\u00e3o ser liberados a partir do dia 25 de setembro, desde que n\u00e3o haja piora na situa\u00e7\u00e3o epidemiol\u00f3gica do estado.<\/p>\n<p style=\"text-align: justify;\">Tamb\u00e9m a partir do dia 14, empresas e servi\u00e7os de call-centers poder\u00e3o funcionar com 75% da capacidade do local. A mesma capacidade vale para templos e atividades religiosas a partir da mesma data, sendo que permanece o funcionamento em todos os dias da semana, sem restri\u00e7\u00e3o de hor\u00e1rio. O mesmo vale para shoppings, galerias e centros comerciais, cujo funcionamento passa a est\u00e1 condicionado \u00e0 capacidade de 75% e permanece a libera\u00e7\u00e3o de abertura de segunda a domingo, das 10h \u00e0s 22 h.<\/p>\n<p><strong>Administra\u00e7\u00e3o P\u00fablica, cursos livres e drive-in\u00a0<\/strong><\/p>\n<p>A primeira reuni\u00e3o do Ctcae definiu que, com rela\u00e7\u00e3o \u00e0s atividades especiais, est\u00e3o aptos a retornar a partir do dia 14: os servi\u00e7os presenciais da Administra\u00e7\u00e3o p\u00fablica n\u00e3o-essencial, \u00a0inicialmente, com 50% do efetivo do \u00f3rg\u00e3o e com servidores e empregados p\u00fablicos que possuam at\u00e9 59 anos de idade que n\u00e3o fa\u00e7am parte do grupo de risco da Covid-19, obedecendo as especifica\u00e7\u00f5es da Resolu\u00e7\u00e3o. Os \u00f3rg\u00e3os e entidades de servi\u00e7os n\u00e3o essenciais dever\u00e3o cumprir expediente das 07h \u00e0s 13h, de segunda a sexta-feira.<\/p>\n<p style=\"text-align: justify;\">A partir da mesma data, fica liberada a realiza\u00e7\u00e3o de aulas presenciais de cursos livres, a exemplo de cursos de artes, m\u00fasicas, idiomas, refor\u00e7o escolar, profissionalizantes e similares, incluindo aqueles destinados \u00e0 realiza\u00e7\u00e3o de treinamentos e \u00e0 obten\u00e7\u00e3o de certifica\u00e7\u00f5es profissionais, observados alguns requisitos, tais como capacidade m\u00e1xima de at\u00e9 50% do estabelecimento e das salas de aula, dentre outros. Consideram-se como cursos livres \u00a0aqueles relacionados \u00e0 educa\u00e7\u00e3o n\u00e3o formal (em que conselhos municipal, estadual e nacional n\u00e3o atuam na sua regulamenta\u00e7\u00e3o) e que possuem dura\u00e7\u00e3o vari\u00e1vel. \u00c9 importante ressaltar que os alunos abaixo dos 10 anos ficam proibidos de comparecer a aulas coletivas dos cursos, permitida a modalidade de aula presencial individualizada. Permanece proibida a realiza\u00e7\u00e3o de aulas presenciais de cursos livres pr\u00e9-vestibulares, assim como o uso de bibliotecas, salas de audiovisuais e outros espa\u00e7os de uso compartilhado.<\/p>\n<p style=\"text-align: justify;\">Ainda a partir do dia 14, fica autorizada a realiza\u00e7\u00e3o de eventos e atividades na modalidade\u00a0<em>drive-in<\/em>\u00a0que contempla as seguintes esp\u00e9cies de apresenta\u00e7\u00e3o: shows musicais, concertos, apresenta\u00e7\u00f5es teatrais, atividades circenses, exibi\u00e7\u00f5es cinematogr\u00e1ficas e demais atividades art\u00edsticas envolvendo \u00e1udio visual. A capacidade m\u00e1xima de ve\u00edculos que poder\u00e3o adentrar na \u00e1rea espec\u00edfica de acesso \u00e0 apresenta\u00e7\u00e3o dever\u00e1 ser regulamentada pelas autoridades municipais. Dentre outras exig\u00eancias, deve ser mantida uma dist\u00e2ncia m\u00ednima de 1,5 m entre os carros, a qual dever\u00e1 estar devidamente sinalizada.<\/p>\n<p style=\"text-align: justify;\"><strong>Clubes sociais, esportivos e eventos\u00a0<\/strong><\/p>\n<p style=\"text-align: justify;\">A partir do dia\u00a015, os clubes sociais, esportivos e similares poder\u00e3o funcionar de ter\u00e7a a domingo, sem restri\u00e7\u00e3o de hor\u00e1rio de funcionamento, sendo obrigat\u00f3rio o fechamento \u00e0s segundas para processo de desinfec\u00e7\u00e3o e o cumprimento das especifica\u00e7\u00f5es da Resolu\u00e7\u00e3o. O n\u00famero de s\u00f3cios dentro do estabelecimento deve ser de no m\u00e1ximo 50% de sua capacidade, n\u00e3o podendo exceder a quantidade de 1 s\u00f3cio a cada 6 m\u00b2. As academias, bares e restaurantes presentes nesses espa\u00e7os dever\u00e3o observar os protocolos espec\u00edficos dos respectivos setores. E dever\u00e3o permanecer fechadas: \u00e1reas de recrea\u00e7\u00e3o para crian\u00e7as, espa\u00e7os de conviv\u00eancia, atividades culturais e realiza\u00e7\u00e3o de eventos. Aulas de lutas, dan\u00e7as e demais atividades f\u00edsicas que exijam contato f\u00edsico est\u00e3o proibidas.<\/p>\n<p style=\"text-align: justify;\">J\u00e1 a \u00a0partir de 21 de setembro, eventos corporativos, t\u00e9cnicos, cient\u00edficos e similares, assim como eventos sociais e celebra\u00e7\u00f5es diversas, a exemplo de casamentos, formatura e anivers\u00e1rios p\u00fablicos e privados de pequeno porte, para at\u00e9 100 pessoas, poder\u00e3o ser realizados em espa\u00e7os abertos ou fechados, cujos participantes possam ser facilmente rastreados pelo anfitri\u00e3o ou organizador do evento, atrav\u00e9s de convites nominais ou de inscri\u00e7\u00e3o pr\u00e9via. A capacidade de ocupa\u00e7\u00e3o ser\u00e1 de 50% do ambiente, respeitando o limite m\u00e1ximo de 100 convidados ou participantes e demais regras do regulamento, assim como o protocolo geral e espec\u00edfico, elaborado pela SES.<\/p>\n<p style=\"text-align: justify;\"><strong>N\u00e3o autorizadas\u00a0<\/strong><\/p>\n<p style=\"text-align: justify;\">At\u00e9 a pr\u00f3xima delibera\u00e7\u00e3o, permanece suspensas as atividades educacionais em universidades, faculdades, escolas, creches, p\u00fablicas ou privadas; eventos de lazer coletivos, a exemplo de shows, blocos, micaretas e similares; cinemas, teatros, museus, circos e outros equipamentos culturais similares ou equivalentes; eventos esportivos, a exemplo de corridas, maratonas e campeonatos e similares; casas noturnas, boates e similares e atividades culturais, a exemplo de feiras de artesanato, amostras culturais e similares. Para a atividade de vaquejadas, permanece v\u00e1lido o protocolo sanit\u00e1rio publicado pela SES pela Portaria n\u00ba 207\/2020.<\/p>\n<p>Confira aqui a\u00a0<a href=\"http:\/\/www.se.gov.br\/uploads\/download\/midia\/65\/802e6190780880fa075fa16982fd11d3.pdf\">Resolu\u00e7\u00e3o<\/a>\u00a0e o\u00a0<a href=\"http:\/\/www.se.gov.br\/uploads\/download\/midia\/64\/0568c09bcecf87f75747de098f9a4a91.pdf\">Decreto\u00a0N\u00ba 40.664\u00a0<\/a>.<\/p>\n<\/div>\n<\/div>\n<div class=\"container marge-abaixo outros_destaques d-none d-sm-block\"><\/div>\n<div><\/div>\n<div><a href=\"https:\/\/senoticias.com.br\/se\/wp-content\/uploads\/2020\/08\/Logo-SE-Noticias-1-2.jpg\"><img loading=\"lazy\" decoding=\"async\" class=\"alignnone size-full wp-image-124812\" src=\"https:\/\/senoticias.com.br\/se\/wp-content\/uploads\/2020\/08\/Logo-SE-Noticias-1-2.jpg\" alt=\"\" width=\"599\" height=\"78\" srcset=\"https:\/\/senoticias.com.br\/se\/wp-content\/uploads\/2020\/08\/Logo-SE-Noticias-1-2.jpg 599w, https:\/\/senoticias.com.br\/se\/wp-content\/uploads\/2020\/08\/Logo-SE-Noticias-1-2-300x39.jpg 300w\" sizes=\"(max-width: 599px) 100vw, 599px\" \/><\/a><\/div>\n<div><\/div>\n<div><strong><em>Acompanhe tamb\u00e9m o SE Not\u00edcias no\u00a0<a href=\"https:\/\/twitter.com\/Senoticias\" target=\"_blank\" rel=\"noopener\">Twitter<\/a>,\u00a0<a href=\"https:\/\/www.facebook.com\/senoticias1\" target=\"_blank\" rel=\"noopener\">Facebook<\/a>\u00a0e no\u00a0<a href=\"https:\/\/www.instagram.com\/senoticias\/\" target=\"_blank\" rel=\"noopener\">Instagram<\/a><\/em><\/strong><\/div>\n<div><\/div>\n<div><strong><em>Mat\u00e9ria extra\u00edda da Ag\u00eancia Sergipe de Not\u00edcias<\/em><\/strong><\/div>\n","protected":false},"excerpt":{"rendered":"<p>O governador Belivaldo Chagas anunciou, em coletiva \u00e0 imprensa, no Pal\u00e1cio dos Despachos, nesta quinta-feira (10), a nova etapa da fase verde do Plano de Retomada da Economia de Sergipe e a libera\u00e7\u00e3o parcial de algumas atividades elencadas como especiais devido ao car\u00e1ter de risco sanit\u00e1rio elevado e potencial de aglomera\u00e7\u00e3o de pessoas. As decis\u00f5es, [&hellip;]<\/p>\n","protected":false},"author":6557,"featured_media":124839,"comment_status":"closed","ping_status":"closed","sticky":false,"template":"","format":"standard","meta":{"footnotes":""},"categories":[15,6],"tags":[2806,14279,14872,15504,14369,14871],"class_list":{"0":"post-124994","1":"post","2":"type-post","3":"status-publish","4":"format-standard","5":"has-post-thumbnail","7":"category-destaques","8":"category-politica","9":"tag-belivaldo-chagas","10":"tag-covid19","11":"tag-flexbilizacao","12":"tag-governador-belivaldo","13":"tag-pandemia","14":"tag-retomada-da-economia"},"_links":{"self":[{"href":"https:\/\/senoticias.com.br\/se\/wp-json\/wp\/v2\/posts\/124994"}],"collection":[{"href":"https:\/\/senoticias.com.br\/se\/wp-json\/wp\/v2\/posts"}],"about":[{"href":"https:\/\/senoticias.com.br\/se\/wp-json\/wp\/v2\/types\/post"}],"author":[{"embeddable":true,"href":"https:\/\/senoticias.com.br\/se\/wp-json\/wp\/v2\/users\/6557"}],"replies":[{"embeddable":true,"href":"https:\/\/senoticias.com.br\/se\/wp-json\/wp\/v2\/comments?post=124994"}],"version-history":[{"count":0,"href":"https:\/\/senoticias.com.br\/se\/wp-json\/wp\/v2\/posts\/124994\/revisions"}],"wp:featuredmedia":[{"embeddable":true,"href":"https:\/\/senoticias.com.br\/se\/wp-json\/wp\/v2\/media\/124839"}],"wp:attachment":[{"href":"https:\/\/senoticias.com.br\/se\/wp-json\/wp\/v2\/media?parent=124994"}],"wp:term":[{"taxonomy":"category","embeddable":true,"href":"https:\/\/senoticias.com.br\/se\/wp-json\/wp\/v2\/categories?post=124994"},{"taxonomy":"post_tag","embeddable":true,"href":"https:\/\/senoticias.com.br\/se\/wp-json\/wp\/v2\/tags?post=124994"}],"curies":[{"name":"wp","href":"https:\/\/api.w.org\/{rel}","templated":true}]}}