{"id":124894,"date":"2020-09-01T10:11:58","date_gmt":"2020-09-01T13:11:58","guid":{"rendered":"https:\/\/senoticias.com.br\/se\/?p=124894"},"modified":"2020-09-01T10:16:43","modified_gmt":"2020-09-01T13:16:43","slug":"auxilio-emergencial-cai-para-r-300-e-tera-mais-4-parcelas-diz-bolsonaro","status":"publish","type":"post","link":"https:\/\/senoticias.com.br\/se\/auxilio-emergencial-cai-para-r-300-e-tera-mais-4-parcelas-diz-bolsonaro\/","title":{"rendered":"Aux\u00edlio emergencial cai para R$ 300 e ter\u00e1 mais 4 parcelas, diz Bolsonaro"},"content":{"rendered":"<p style=\"text-align: justify;\">O presidente Jair Bolsonaro (sem partido) e o ministro da Economia, Paulo Guedes, chegaram a um acordo sobre o novo valor do aux\u00edlio emergencial. Os dois j\u00e1 haviam concordado que n\u00e3o era vi\u00e1vel manter o benef\u00edcio em R$ 600, e terminaram por fixar o valor em R$ 300, a ser pago at\u00e9 dezembro deste ano. A novidade foi anunciada por Bolsonaro nesta ter\u00e7a-feira (1\u00ba\/8) em pronunciamento na frente do Pal\u00e1cio da Alvorada.<\/p>\n<div id=\"attachment_124725\" style=\"width: 609px\" class=\"wp-caption aligncenter\"><a href=\"https:\/\/senoticias.com.br\/se\/wp-content\/uploads\/2020\/08\/presidente-jair-bolsonaro-em-brasilia-1596641185109_v2_900x506-e1597880125835.jpg\"><img loading=\"lazy\" decoding=\"async\" aria-describedby=\"caption-attachment-124725\" class=\"size-full wp-image-124725\" src=\"https:\/\/senoticias.com.br\/se\/wp-content\/uploads\/2020\/08\/presidente-jair-bolsonaro-em-brasilia-1596641185109_v2_900x506-e1597880125835.jpg\" alt=\"\" width=\"599\" height=\"337\" \/><\/a><p id=\"caption-attachment-124725\" class=\"wp-caption-text\">Presidente tinha criticado proposta da equipe econ\u00f4mica de baixar o benef\u00edcio para R$ 200, mas antecipado que valor seria diminu\u00eddo<\/p><\/div>\n<p style=\"text-align: justify;\">Bolsonaro e Guedes chegaram a demonstrar, em p\u00fablico, que havia desentendimento entre os dois quanto ao valor. \u201cO Paulo Guedes ou algu\u00e9m falou da Economia em R$ 200. Eu acho que \u00e9 pouco. Mas d\u00e1 para chegar num meio termo, e n\u00f3s buscamos que ele venha a ser prorrogado por mais alguns meses, talvez at\u00e9 o final do ano, de modo que n\u00f3s consigamos sair dessa situa\u00e7\u00e3o fazendo com que os empregos formais e informais voltem \u00e0 normalidade\u201d, disse o presidente durante cerim\u00f4nia no dia 19 de agosto, ao lado do ministro.<\/p>\n<p style=\"text-align: justify;\">Quase metade dos brasileiros se cadastrou no sistema da Caixa Econ\u00f4mica Federal para receber o aux\u00edlio emergencial de R$ 600. Ao todo, mais de 100 milh\u00f5es de CPFs foram inclu\u00eddos no sistema. Nem todos, entretanto, estavam eleg\u00edveis para receber o dinheiro. Do total de cadastrados, cerca de 67 milh\u00f5es atendiam aos crit\u00e9rios. O custo mensal para a manuten\u00e7\u00e3o do benef\u00edcio \u00e9 de R$ 50 bilh\u00f5es.<\/p>\n<p style=\"text-align: justify;\">\u201cR$ 600 pesa muito para a Uni\u00e3o. N\u00e3o \u00e9 dinheiro do povo, porque n\u00e3o est\u00e1 guardado. \u00c9 endividamento. E, se o pa\u00eds [se] endivida demais, voc\u00ea acaba perdendo sua credibilidade para o futuro. Ent\u00e3o, R$ 600 \u00e9 muito\u201d, disse Bolsonaro em meados de agosto, ap\u00f3s afirmar que considerava R$ 200 pouco, por\u00e9m Bolsonaro vem recebendo uma romaria de benefici\u00e1rios agradecidos pelo aux\u00edlio emergencial no Pal\u00e1cio da Alvorada, mas tem deixado claro que o pagamento tem data para acabar. \u201cS\u00e3o R$ 50 bilh\u00f5es por m\u00eas. Enquanto for poss\u00edvel, n\u00f3s manteremos, mas voc\u00eas comecem a ter consci\u00eancia de que ele n\u00e3o pode ser eterno\u201d, respondeu a um apoiador.<\/p>\n<p style=\"text-align: justify;\">\u201cA gente pretende, at\u00e9 o fim do ano, uma import\u00e2ncia menor que R$ 600. Tem cara j\u00e1 reclamando. O tempo todo assim. Isso n\u00e3o \u00e9 uma aposentadoria, isso \u00e9 uma ajuda emergencial. Eu sei que \u00e9 pouco para quem recebe, mas ajuda, p\u00f4, melhor do que nada\u201d, disse a outro simpatizante que o agradecia pelo benef\u00edcio.<br \/>\nApesar de ter sido essencial para manter o poder de compra das fam\u00edlias durante a pandemia, o aux\u00edlio emergencial foi alvo de milh\u00f5es de fraudes. O Minist\u00e9rio da Cidadania enviou CPFs suspeitos \u00e0 Caixa para proceder com o bloqueio. Uma for\u00e7a-tarefa conjunta da qual participam a Controladoria-Geral da Uni\u00e3o (CGU), o Tribunal de Contas da Uni\u00e3o (TCU) e o Minist\u00e9rio P\u00fablico Federal (MPF) tem o objetivo de controlar o pagamento do aux\u00edlio emergencial.<\/p>\n<p style=\"text-align: justify;\">O TCU calcula um preju\u00edzo com desvios e fraudes na casa dos R$ 42 bilh\u00f5es. Do total, R$ 23,7 bilh\u00f5es teriam ido para 6,4 milh\u00f5es de pessoas que receberam indevidamente. O valor restante seria de m\u00e3es cadastradas como chefes de lares de forma irregular, o que garante o benef\u00edcio dobrado, de R$ 1,2 mil.<\/p>\n<p><a href=\"https:\/\/senoticias.com.br\/se\/wp-content\/uploads\/2020\/08\/Logo-SE-Noticias-1-1-e1597675148375.jpg\"><img loading=\"lazy\" decoding=\"async\" class=\"aligncenter size-full wp-image-124612\" src=\"https:\/\/senoticias.com.br\/se\/wp-content\/uploads\/2020\/08\/Logo-SE-Noticias-1-1-e1597675148375.jpg\" alt=\"\" width=\"550\" height=\"72\" \/><\/a><\/p>\n<p><strong><em>Acompanhe tamb\u00e9m o SE Not\u00edcias no\u00a0<a href=\"https:\/\/twitter.com\/Senoticias\" target=\"_blank\" rel=\"noopener\">Twitter<\/a>,\u00a0<a href=\"https:\/\/www.facebook.com\/senoticias1\" target=\"_blank\" rel=\"noopener\">Facebook<\/a>\u00a0e no\u00a0<a href=\"https:\/\/www.instagram.com\/senoticias\/\" target=\"_blank\" rel=\"noopener\">Instagram<\/a><\/em><\/strong><\/p>\n<p>Materia extraida <a href=\"https:\/\/www.metropoles.com\/brasil\/politica-brasil\/auxilio-emergencial-cai-para-r-300-e-tera-mais-4-parcelas-diz-bolsonaro\"><strong>do site Metropoles<\/strong><\/a><\/p>\n","protected":false},"excerpt":{"rendered":"<p>O presidente Jair Bolsonaro (sem partido) e o ministro da Economia, Paulo Guedes, chegaram a um acordo sobre o novo valor do aux\u00edlio emergencial. Os dois j\u00e1 haviam concordado que n\u00e3o era vi\u00e1vel manter o benef\u00edcio em R$ 600, e terminaram por fixar o valor em R$ 300, a ser pago at\u00e9 dezembro deste ano. [&hellip;]<\/p>\n","protected":false},"author":6557,"featured_media":0,"comment_status":"closed","ping_status":"closed","sticky":false,"template":"","format":"standard","meta":{"footnotes":""},"categories":[15,2961,6,8],"tags":[14351,3272,3829],"class_list":{"0":"post-124894","1":"post","2":"type-post","3":"status-publish","4":"format-standard","6":"category-destaques","7":"category-nacional","8":"category-politica","9":"category-esporte-e-cultura","10":"tag-auxilio-emergencial","11":"tag-bolsonaro","12":"tag-economia"},"_links":{"self":[{"href":"https:\/\/senoticias.com.br\/se\/wp-json\/wp\/v2\/posts\/124894"}],"collection":[{"href":"https:\/\/senoticias.com.br\/se\/wp-json\/wp\/v2\/posts"}],"about":[{"href":"https:\/\/senoticias.com.br\/se\/wp-json\/wp\/v2\/types\/post"}],"author":[{"embeddable":true,"href":"https:\/\/senoticias.com.br\/se\/wp-json\/wp\/v2\/users\/6557"}],"replies":[{"embeddable":true,"href":"https:\/\/senoticias.com.br\/se\/wp-json\/wp\/v2\/comments?post=124894"}],"version-history":[{"count":0,"href":"https:\/\/senoticias.com.br\/se\/wp-json\/wp\/v2\/posts\/124894\/revisions"}],"wp:attachment":[{"href":"https:\/\/senoticias.com.br\/se\/wp-json\/wp\/v2\/media?parent=124894"}],"wp:term":[{"taxonomy":"category","embeddable":true,"href":"https:\/\/senoticias.com.br\/se\/wp-json\/wp\/v2\/categories?post=124894"},{"taxonomy":"post_tag","embeddable":true,"href":"https:\/\/senoticias.com.br\/se\/wp-json\/wp\/v2\/tags?post=124894"}],"curies":[{"name":"wp","href":"https:\/\/api.w.org\/{rel}","templated":true}]}}