{"id":124890,"date":"2020-09-01T06:19:27","date_gmt":"2020-09-01T09:19:27","guid":{"rendered":"https:\/\/senoticias.com.br\/se\/?p=124890"},"modified":"2020-09-01T06:21:08","modified_gmt":"2020-09-01T09:21:08","slug":"governo-de-sergipe-suspende-comemoracoes-presenciais-da-semana-da-patria","status":"publish","type":"post","link":"https:\/\/senoticias.com.br\/se\/governo-de-sergipe-suspende-comemoracoes-presenciais-da-semana-da-patria\/","title":{"rendered":"Governo de Sergipe suspende comemora\u00e7\u00f5es presenciais da Semana da P\u00e1tria"},"content":{"rendered":"<p style=\"text-align: justify;\">O Governo do Estado de Sergipe, por meio do Decreto N\u00ba 40.644, suspende as solenidades alusivas \u00e0s comemora\u00e7\u00f5es c\u00edvicas presenciais da Semana da P\u00e1tria. O decreto, publicado em 12 de agosto, no Di\u00e1rio Oficial do Estado, considera a declara\u00e7\u00e3o de emerg\u00eancia em Sa\u00fade P\u00fablica de import\u00e2ncia Internacional, pela Organiza\u00e7\u00e3o Mundial da Sa\u00fade, em decorr\u00eancia da infec\u00e7\u00e3o causada pelo novo coronav\u00edrus.<\/p>\n<div id=\"attachment_115117\" style=\"width: 609px\" class=\"wp-caption aligncenter\"><a href=\"https:\/\/senoticias.com.br\/se\/wp-content\/uploads\/2018\/09\/PM-e1536333634227.png\"><img loading=\"lazy\" decoding=\"async\" aria-describedby=\"caption-attachment-115117\" class=\"size-full wp-image-115117\" src=\"https:\/\/senoticias.com.br\/se\/wp-content\/uploads\/2018\/09\/PM-e1536333634227.png\" alt=\"\" width=\"599\" height=\"399\" \/><\/a><p id=\"caption-attachment-115117\" class=\"wp-caption-text\">Em virtude da pandemia pela Covid- 19, o Governo planeja a\u00e7\u00f5es para comemorar a data com atividades n\u00e3o presenciais (foto: ASN)<\/p><\/div>\n<p style=\"text-align: justify;\">O documento est\u00e1 em conformidade com o disposto nos Decretos n\u00bas 40.560, de 16 de mar\u00e7o de 2020, 40.567, de 24 de mar\u00e7o de 2020, 40.577, de 16 de abril de 2020, e demais Decretos, objetivando o enfrentamento e a preven\u00e7\u00e3o \u00e0 epidemia causada pela\u00a0Covid-19.<\/p>\n<p style=\"text-align: justify;\">O governo do Estado, por meio da Secretaria da Educa\u00e7\u00e3o, do Esporte e da Cultura(Seduc), planeja a\u00e7\u00f5es para celebrar a Semana da P\u00e1tria, com atividades n\u00e3o presenciais, que despertem e reforcem em todos os sergipanos o orgulho e o amor pela na\u00e7\u00e3o.<\/p>\n<p>&nbsp;<\/p>\n<p><a href=\"https:\/\/senoticias.com.br\/se\/wp-content\/uploads\/2020\/08\/Logo-SE-Noticias-1-2.jpg\"><img loading=\"lazy\" decoding=\"async\" class=\"aligncenter size-full wp-image-124812\" src=\"https:\/\/senoticias.com.br\/se\/wp-content\/uploads\/2020\/08\/Logo-SE-Noticias-1-2.jpg\" alt=\"\" width=\"599\" height=\"78\" srcset=\"https:\/\/senoticias.com.br\/se\/wp-content\/uploads\/2020\/08\/Logo-SE-Noticias-1-2.jpg 599w, https:\/\/senoticias.com.br\/se\/wp-content\/uploads\/2020\/08\/Logo-SE-Noticias-1-2-300x39.jpg 300w\" sizes=\"(max-width: 599px) 100vw, 599px\" \/><\/a><\/p>\n<p>&nbsp;<\/p>\n<p><strong><em>Acompanhe tamb\u00e9m o SE Not\u00edcias no\u00a0<a href=\"https:\/\/twitter.com\/Senoticias\" target=\"_blank\" rel=\"noopener\">Twitter<\/a>,\u00a0<a href=\"https:\/\/www.facebook.com\/senoticias1\" target=\"_blank\" rel=\"noopener\">Facebook<\/a>\u00a0e no\u00a0<a href=\"https:\/\/www.instagram.com\/senoticias\/\" target=\"_blank\" rel=\"noopener\">Instagram<\/a><\/em><\/strong><\/p>\n<p><em>Mat\u00e9ria extra\u00edda da Ag\u00eancia Sergipe de Not\u00edcias<\/em><\/p>\n","protected":false},"excerpt":{"rendered":"<p>O Governo do Estado de Sergipe, por meio do Decreto N\u00ba 40.644, suspende as solenidades alusivas \u00e0s comemora\u00e7\u00f5es c\u00edvicas presenciais da Semana da P\u00e1tria. O decreto, publicado em 12 de agosto, no Di\u00e1rio Oficial do Estado, considera a declara\u00e7\u00e3o de emerg\u00eancia em Sa\u00fade P\u00fablica de import\u00e2ncia Internacional, pela Organiza\u00e7\u00e3o Mundial da Sa\u00fade, em decorr\u00eancia da [&hellip;]<\/p>\n","protected":false},"author":6557,"featured_media":115117,"comment_status":"closed","ping_status":"closed","sticky":false,"template":"","format":"standard","meta":{"footnotes":""},"categories":[15,6],"tags":[5561,14279,448,14369,12966],"class_list":{"0":"post-124890","1":"post","2":"type-post","3":"status-publish","4":"format-standard","5":"has-post-thumbnail","7":"category-destaques","8":"category-politica","9":"tag-7-de-setembro","10":"tag-covid19","11":"tag-governo-de-sergipe","12":"tag-pandemia","13":"tag-sete-de-setembro"},"_links":{"self":[{"href":"https:\/\/senoticias.com.br\/se\/wp-json\/wp\/v2\/posts\/124890"}],"collection":[{"href":"https:\/\/senoticias.com.br\/se\/wp-json\/wp\/v2\/posts"}],"about":[{"href":"https:\/\/senoticias.com.br\/se\/wp-json\/wp\/v2\/types\/post"}],"author":[{"embeddable":true,"href":"https:\/\/senoticias.com.br\/se\/wp-json\/wp\/v2\/users\/6557"}],"replies":[{"embeddable":true,"href":"https:\/\/senoticias.com.br\/se\/wp-json\/wp\/v2\/comments?post=124890"}],"version-history":[{"count":0,"href":"https:\/\/senoticias.com.br\/se\/wp-json\/wp\/v2\/posts\/124890\/revisions"}],"wp:featuredmedia":[{"embeddable":true,"href":"https:\/\/senoticias.com.br\/se\/wp-json\/wp\/v2\/media\/115117"}],"wp:attachment":[{"href":"https:\/\/senoticias.com.br\/se\/wp-json\/wp\/v2\/media?parent=124890"}],"wp:term":[{"taxonomy":"category","embeddable":true,"href":"https:\/\/senoticias.com.br\/se\/wp-json\/wp\/v2\/categories?post=124890"},{"taxonomy":"post_tag","embeddable":true,"href":"https:\/\/senoticias.com.br\/se\/wp-json\/wp\/v2\/tags?post=124890"}],"curies":[{"name":"wp","href":"https:\/\/api.w.org\/{rel}","templated":true}]}}