{"id":124851,"date":"2020-08-28T13:44:48","date_gmt":"2020-08-28T16:44:48","guid":{"rendered":"https:\/\/senoticias.com.br\/se\/?p=124851"},"modified":"2020-08-28T13:44:48","modified_gmt":"2020-08-28T16:44:48","slug":"prefeitura-de-aracaju-comeca-a-reabrir-estacionamentos-de-areas-publicas-de-lazer","status":"publish","type":"post","link":"https:\/\/senoticias.com.br\/se\/prefeitura-de-aracaju-comeca-a-reabrir-estacionamentos-de-areas-publicas-de-lazer\/","title":{"rendered":"Prefeitura de Aracaju come\u00e7a a reabrir estacionamentos de \u00e1reas p\u00fablicas de lazer"},"content":{"rendered":"<p style=\"text-align: justify;\">Seguindo os decretos Municipal e Estadual que determinam o avan\u00e7o para a fase verde do Plano de Retomada da Economia, a Prefeitura de Aracaju iniciou nesta sexta-feira, 28, o processo de libera\u00e7\u00e3o dos estacionamentos da Orla da Atalaia, Cal\u00e7ad\u00e3o da 13 de Julho e Praia Formosa. A Superintend\u00eancia Municipal de Transportes e Tr\u00e2nsito (SMTT) interditou os espa\u00e7os no in\u00edcio do m\u00eas de abril para evitar aglomera\u00e7\u00f5es e assim conter o avan\u00e7o do novo coronav\u00edrus na cidade.<\/p>\n<div id=\"attachment_124852\" style=\"width: 609px\" class=\"wp-caption aligncenter\"><a href=\"https:\/\/senoticias.com.br\/se\/wp-content\/uploads\/2020\/08\/aracaju-Se-Noticias-e1598632703454.jpg\"><img loading=\"lazy\" decoding=\"async\" aria-describedby=\"caption-attachment-124852\" class=\"size-full wp-image-124852\" src=\"https:\/\/senoticias.com.br\/se\/wp-content\/uploads\/2020\/08\/aracaju-Se-Noticias-e1598632703454.jpg\" alt=\"\" width=\"599\" height=\"337\" \/><\/a><p id=\"caption-attachment-124852\" class=\"wp-caption-text\">Reabertura dos estacionamentos das \u00e1reas de lazer<\/p><\/div>\n<p style=\"text-align: justify;\">As manilhas que fazem os bloqueios est\u00e3o sendo retiradas e os estacionamentos estar\u00e3o totalmente liberados no s\u00e1bado, 29, por\u00e9m, o superintendente da SMTT, Renato Telles, refor\u00e7a a import\u00e2ncia de ainda se manter o distanciamento social, evitar aglomera\u00e7\u00f5es e fazer o uso de m\u00e1scara.<\/p>\n<p style=\"text-align: justify;\">\u201cCom a reabertura de estabelecimentos, fizemos a libera\u00e7\u00e3o de parte dos estacionamentos da Orla e, agora, liberaremos totalmente os estacionamentos das \u00e1reas p\u00fablicas de lazer, seguindo os decretos. Mas \u00e9 importante ressaltar que os cuidados devem ser mantidos. Os n\u00fameros de casos da covid vem diminuindo, mas n\u00e3o podemos relaxar e precisamos da colabora\u00e7\u00e3o de todos. Aglomera\u00e7\u00f5es ainda devem ser evitadas e o uso da m\u00e1scara continua sendo fundamental\u201d, frisa.<\/p>\n<p style=\"text-align: justify;\">Durante os meses de bloqueio dos estacionamentos, agentes da\u00a0 SMTT realizaram fiscaliza\u00e7\u00f5es di\u00e1rias para evitar o descumprimento da determina\u00e7\u00e3o.<\/p>\n<p><a href=\"https:\/\/senoticias.com.br\/se\/wp-content\/uploads\/2020\/08\/Logo-SE-Noticias-1-2.jpg\"><img loading=\"lazy\" decoding=\"async\" class=\"aligncenter size-full wp-image-124812\" src=\"https:\/\/senoticias.com.br\/se\/wp-content\/uploads\/2020\/08\/Logo-SE-Noticias-1-2.jpg\" alt=\"\" width=\"599\" height=\"78\" srcset=\"https:\/\/senoticias.com.br\/se\/wp-content\/uploads\/2020\/08\/Logo-SE-Noticias-1-2.jpg 599w, https:\/\/senoticias.com.br\/se\/wp-content\/uploads\/2020\/08\/Logo-SE-Noticias-1-2-300x39.jpg 300w\" sizes=\"(max-width: 599px) 100vw, 599px\" \/><\/a><\/p>\n<p><em><strong>Acompanhe tamb\u00e9m o SE Not\u00edcias no\u00a0<a href=\"https:\/\/twitter.com\/Senoticias\" target=\"_blank\" rel=\"noopener\">Twitter<\/a>,\u00a0<a href=\"https:\/\/www.facebook.com\/senoticias1\" target=\"_blank\" rel=\"noopener\">Facebook<\/a>\u00a0e no\u00a0<a href=\"https:\/\/www.instagram.com\/senoticias\/\" target=\"_blank\" rel=\"noopener\">Instagram<\/a><\/strong><\/em><\/p>\n<div style=\"text-align: justify;\"><\/div>\n","protected":false},"excerpt":{"rendered":"<p>Seguindo os decretos Municipal e Estadual que determinam o avan\u00e7o para a fase verde do Plano de Retomada da Economia, a Prefeitura de Aracaju iniciou nesta sexta-feira, 28, o processo de libera\u00e7\u00e3o dos estacionamentos da Orla da Atalaia, Cal\u00e7ad\u00e3o da 13 de Julho e Praia Formosa. A Superintend\u00eancia Municipal de Transportes e Tr\u00e2nsito (SMTT) interditou [&hellip;]<\/p>\n","protected":false},"author":6552,"featured_media":0,"comment_status":"closed","ping_status":"closed","sticky":false,"template":"","format":"standard","meta":{"footnotes":""},"categories":[15,310,38,6],"tags":[15436,14369,213,15435],"class_list":{"0":"post-124851","1":"post","2":"type-post","3":"status-publish","4":"format-standard","6":"category-destaques","7":"category-destaques-da-semana","8":"category-municipios","9":"category-politica","10":"tag-areas-de-lazer","11":"tag-pandemia","12":"tag-prefeitura-de-aracaju","13":"tag-reabertura-dos-estacionamentos"},"_links":{"self":[{"href":"https:\/\/senoticias.com.br\/se\/wp-json\/wp\/v2\/posts\/124851"}],"collection":[{"href":"https:\/\/senoticias.com.br\/se\/wp-json\/wp\/v2\/posts"}],"about":[{"href":"https:\/\/senoticias.com.br\/se\/wp-json\/wp\/v2\/types\/post"}],"author":[{"embeddable":true,"href":"https:\/\/senoticias.com.br\/se\/wp-json\/wp\/v2\/users\/6552"}],"replies":[{"embeddable":true,"href":"https:\/\/senoticias.com.br\/se\/wp-json\/wp\/v2\/comments?post=124851"}],"version-history":[{"count":0,"href":"https:\/\/senoticias.com.br\/se\/wp-json\/wp\/v2\/posts\/124851\/revisions"}],"wp:attachment":[{"href":"https:\/\/senoticias.com.br\/se\/wp-json\/wp\/v2\/media?parent=124851"}],"wp:term":[{"taxonomy":"category","embeddable":true,"href":"https:\/\/senoticias.com.br\/se\/wp-json\/wp\/v2\/categories?post=124851"},{"taxonomy":"post_tag","embeddable":true,"href":"https:\/\/senoticias.com.br\/se\/wp-json\/wp\/v2\/tags?post=124851"}],"curies":[{"name":"wp","href":"https:\/\/api.w.org\/{rel}","templated":true}]}}