{"id":124825,"date":"2020-08-26T17:01:26","date_gmt":"2020-08-26T20:01:26","guid":{"rendered":"https:\/\/senoticias.com.br\/se\/?p=124825"},"modified":"2020-08-26T17:01:26","modified_gmt":"2020-08-26T20:01:26","slug":"maria-do-carmo-defende-pena-mais-rigida-para-abusadores-de-criancas-e-adolescentes","status":"publish","type":"post","link":"https:\/\/senoticias.com.br\/se\/maria-do-carmo-defende-pena-mais-rigida-para-abusadores-de-criancas-e-adolescentes\/","title":{"rendered":"Maria do Carmo defende pena mais r\u00edgida para abusadores de crian\u00e7as e adolescentes"},"content":{"rendered":"<p style=\"text-align: justify;\">\u201cOs dados s\u00e3o chocantes e, infelizmente, reais\u201d, disse a senadora Maria do Carmo Alves, DEM, ao citar n\u00fameros do Disque 100, segundo os quais, no Brasil, a cada 34 minutos, em m\u00e9dia, uma crian\u00e7a ou adolescente \u00e9 v\u00edtima de viol\u00eancia sexual.<\/p>\n<div id=\"attachment_124826\" style=\"width: 609px\" class=\"wp-caption aligncenter\"><a href=\"https:\/\/senoticias.com.br\/se\/wp-content\/uploads\/2020\/08\/maria-do-carmo-Se-Noticias-e1598471907142.jpg\"><img loading=\"lazy\" decoding=\"async\" aria-describedby=\"caption-attachment-124826\" class=\"size-full wp-image-124826\" src=\"https:\/\/senoticias.com.br\/se\/wp-content\/uploads\/2020\/08\/maria-do-carmo-Se-Noticias-e1598471907142.jpg\" alt=\"\" width=\"599\" height=\"399\" \/><\/a><p id=\"caption-attachment-124826\" class=\"wp-caption-text\">Maria do Carmo Alves: bota o dedo numa ferida grave<\/p><\/div>\n<p style=\"text-align: justify;\">\u201cPara n\u00f3s, est\u00e1 muito claro que ou se penaliza com o m\u00e1ximo rigor os abusadores ou continuaremos a assistir at\u00f4nitos esses tipos de casos, como o que aconteceu com a garota de dez anos que foi abusada e acabou engravidando do pr\u00f3prio tio, no Esp\u00edrito Santo\u201d, pontuou a parlamentar.<\/p>\n<p style=\"text-align: justify;\">Maria do Carmo Alves ressaltou que as estat\u00edsticas mostram que crian\u00e7as e adolescentes s\u00e3o v\u00edtimas, tamb\u00e9m, de outros crimes, como explora\u00e7\u00e3o sexual, pornografia infantil, aliciamento sexual pela internet, e envio de material de cunho sexual por redes sociais ou aplicativos de mensagens.<\/p>\n<p style=\"text-align: justify;\">\u201cN\u00e3o temos esse dado concreto, mas o que se sabe \u00e9 que durante o isolamento social, onde todos s\u00e3o obrigados a permanecerem por mais tempo num mesmo ambiente, os casos t\u00eam aumentado\u201d, afirmou a senadora sergipana.<\/p>\n<p style=\"text-align: justify;\">Maria do Carmo disse, ainda, que esse crime se registra em maior n\u00famero nas classes, economicamente, menos abastadas porque, em geral, adultos e crian\u00e7as dividem um mesmo c\u00f4modo da casa, sem qualquer prote\u00e7\u00e3o ou privacidade.<\/p>\n<p style=\"text-align: justify;\">\u201cSabemos que durante essa pandemia isso ficou evidenciado com mais clareza\u201d, disse, acrescentando que \u201cn\u00e3o podemos calar diante desse fato estarrecedor que vitima indefesos\u201d.<\/p>\n<p style=\"text-align: justify;\">Outro dado preocupante, destacou a senadora, \u00e9 que dos mais de 195 mil casos de viol\u00eancia, em geral, praticados contra crian\u00e7as e adolescentes, registrados em 2019, aproximados 147 mil &#8211; equivalentes a 76% &#8211; os autores s\u00e3o pessoas pr\u00f3ximas, que gozam da confian\u00e7a da v\u00edtima, como pais, av\u00f4s, irm\u00e3os, padrastos, tios, primos.<\/p>\n<p style=\"text-align: justify;\">\u201cNesse item n\u00e3o h\u00e1 um recorte espec\u00edfico para a quest\u00e3o da viol\u00eancia sexual, por\u00e9m, o que nos preocupa \u00e9 que essa pr\u00e1tica \u00e9 cometida por quem deveria proteg\u00ea-las\u201d, pontua Maria do Carmo.<\/p>\n<p style=\"text-align: justify;\">Para ela, o Estatuto da Crian\u00e7a e do Adolescente \u2013 ECA -, que completou 30 anos recentemente, \u00e9 um instrumento importante que trouxe muitos avan\u00e7os no que diz respeito aos direitos e preserva\u00e7\u00e3o da vida dessas comunidades, mas precisa ser aprimorado para que, de fato, os algozes sejam punidos com o m\u00e1ximo de rigor e com as menores brechas poss\u00edveis para n\u00e3o se safarem da pena arbitrada.<\/p>\n<p><a href=\"https:\/\/senoticias.com.br\/se\/wp-content\/uploads\/2020\/08\/Logo-SE-Noticias-1-2.jpg\"><img loading=\"lazy\" decoding=\"async\" class=\"aligncenter size-full wp-image-124812\" src=\"https:\/\/senoticias.com.br\/se\/wp-content\/uploads\/2020\/08\/Logo-SE-Noticias-1-2.jpg\" alt=\"\" width=\"599\" height=\"78\" srcset=\"https:\/\/senoticias.com.br\/se\/wp-content\/uploads\/2020\/08\/Logo-SE-Noticias-1-2.jpg 599w, https:\/\/senoticias.com.br\/se\/wp-content\/uploads\/2020\/08\/Logo-SE-Noticias-1-2-300x39.jpg 300w\" sizes=\"(max-width: 599px) 100vw, 599px\" \/><\/a><\/p>\n<p><em><strong>Acompanhe tamb\u00e9m o SE Not\u00edcias no\u00a0<a href=\"https:\/\/twitter.com\/Senoticias\" target=\"_blank\" rel=\"noopener\">Twitter<\/a>,\u00a0<a href=\"https:\/\/www.facebook.com\/senoticias1\" target=\"_blank\" rel=\"noopener\">Facebook<\/a>\u00a0e no\u00a0<a href=\"https:\/\/www.instagram.com\/senoticias\/\" target=\"_blank\" rel=\"noopener\">Instagram<\/a><\/strong><\/em><\/p>\n<p>Mat\u00e9ria extra\u00edda do <a href=\"http:\/\/jlpolitica.com.br\/colunas\/aparte\/posts\/maria-do-carmo-defende-pena-mais-rigida-para-abusadores-de-criancas-e-adolescentes\"><strong>site JL Pol\u00edtica<\/strong><\/a><\/p>\n","protected":false},"excerpt":{"rendered":"<p>\u201cOs dados s\u00e3o chocantes e, infelizmente, reais\u201d, disse a senadora Maria do Carmo Alves, DEM, ao citar n\u00fameros do Disque 100, segundo os quais, no Brasil, a cada 34 minutos, em m\u00e9dia, uma crian\u00e7a ou adolescente \u00e9 v\u00edtima de viol\u00eancia sexual. \u201cPara n\u00f3s, est\u00e1 muito claro que ou se penaliza com o m\u00e1ximo rigor os [&hellip;]<\/p>\n","protected":false},"author":6557,"featured_media":0,"comment_status":"closed","ping_status":"closed","sticky":false,"template":"","format":"standard","meta":{"footnotes":""},"categories":[15,6],"tags":[1616,4301,15420],"class_list":{"0":"post-124825","1":"post","2":"type-post","3":"status-publish","4":"format-standard","6":"category-destaques","7":"category-politica","8":"tag-maria-do-carmo","9":"tag-pedofilia","10":"tag-pena-mais-rigida"},"_links":{"self":[{"href":"https:\/\/senoticias.com.br\/se\/wp-json\/wp\/v2\/posts\/124825"}],"collection":[{"href":"https:\/\/senoticias.com.br\/se\/wp-json\/wp\/v2\/posts"}],"about":[{"href":"https:\/\/senoticias.com.br\/se\/wp-json\/wp\/v2\/types\/post"}],"author":[{"embeddable":true,"href":"https:\/\/senoticias.com.br\/se\/wp-json\/wp\/v2\/users\/6557"}],"replies":[{"embeddable":true,"href":"https:\/\/senoticias.com.br\/se\/wp-json\/wp\/v2\/comments?post=124825"}],"version-history":[{"count":0,"href":"https:\/\/senoticias.com.br\/se\/wp-json\/wp\/v2\/posts\/124825\/revisions"}],"wp:attachment":[{"href":"https:\/\/senoticias.com.br\/se\/wp-json\/wp\/v2\/media?parent=124825"}],"wp:term":[{"taxonomy":"category","embeddable":true,"href":"https:\/\/senoticias.com.br\/se\/wp-json\/wp\/v2\/categories?post=124825"},{"taxonomy":"post_tag","embeddable":true,"href":"https:\/\/senoticias.com.br\/se\/wp-json\/wp\/v2\/tags?post=124825"}],"curies":[{"name":"wp","href":"https:\/\/api.w.org\/{rel}","templated":true}]}}