{"id":124803,"date":"2020-08-25T15:29:50","date_gmt":"2020-08-25T18:29:50","guid":{"rendered":"https:\/\/senoticias.com.br\/se\/?p=124803"},"modified":"2020-08-25T22:31:45","modified_gmt":"2020-08-26T01:31:45","slug":"maria-carminha-mendonca-e-pre-candidato-a-vereador-sao-condenados-a-pagar-multa","status":"publish","type":"post","link":"https:\/\/senoticias.com.br\/se\/maria-carminha-mendonca-e-pre-candidato-a-vereador-sao-condenados-a-pagar-multa\/","title":{"rendered":"Maria, Carminha Mendon\u00e7a e pr\u00e9-candidato a vereador s\u00e3o condenados a pagar multa"},"content":{"rendered":"<p style=\"text-align: justify;\">Infra\u00e7\u00f5es ao que a Justi\u00e7a Eleitoral dita para o per\u00edodo de pr\u00e9-campanha t\u00eam sido punidas de forma exemplar em Itabaiana. No in\u00edcio dessa semana sa\u00edram mais duas decis\u00f5es da Justi\u00e7a Eleitoral, desta feita condenando a deputada estadual Maria Mendon\u00e7a, a pr\u00e9-candidata a prefeita Carminha Mendon\u00e7a e o pr\u00e9-candidato a vereador, Alex Henrique.<\/p>\n<div id=\"attachment_124804\" style=\"width: 609px\" class=\"wp-caption aligncenter\"><a href=\"https:\/\/senoticias.com.br\/se\/wp-content\/uploads\/2020\/08\/maria-Se-Noticias-e1598379981733.jpg\"><img loading=\"lazy\" decoding=\"async\" aria-describedby=\"caption-attachment-124804\" class=\"size-full wp-image-124804\" src=\"https:\/\/senoticias.com.br\/se\/wp-content\/uploads\/2020\/08\/maria-Se-Noticias-e1598379981733.jpg\" alt=\"\" width=\"599\" height=\"400\" \/><\/a><p id=\"caption-attachment-124804\" class=\"wp-caption-text\">Deputada Maria Mendon\u00e7a (foto: arquivo\/Ag\u00eancia Alese)<\/p><\/div>\n<p style=\"text-align: justify;\">No caso da parlamentar e da pr\u00e9-candidata, que s\u00e3o irm\u00e3s, a decis\u00e3o da Justi\u00e7a se deveu ao fato de que a segunda, durante transmiss\u00e3o na internet que lan\u00e7ava a sua pr\u00e9-candidatura a prefeita, pediu explicitamente voto aos itabaianenses.<\/p>\n<p style=\"text-align: justify;\">A decis\u00e3o do Juiz Eleitoral Pablo Moreno Carvalho da Luz cita diretamente o crime eleitoral cometido por Carminha. \u201cN\u00e3o h\u00e1 muito espa\u00e7o para d\u00favida quanto \u00e0 apresenta\u00e7\u00e3o de pedido expl\u00edcito, ainda que indireto de votos. A poss\u00edvel candidata, quando de sua fala, expressamente antecipou agradecimentos, dirigidos \u00e0 popula\u00e7\u00e3o itabaianense e n\u00e3o ao conjunto de seus correligion\u00e1rios, a todos aqueles que no domingo sa\u00edssem de suas casas para votar no n\u00famero 11\u201d, versa a decis\u00e3o.<\/p>\n<p style=\"text-align: justify;\">Assim, com o il\u00edcito identificado, o Juiz Eleitoral imp\u00f4s as irm\u00e3s o pagamento de <strong>R$ 5 mil de multa<\/strong>. \u201cArbitro no patamar de R$ 5.000,00 (cinco mil reais), por considerar a aus\u00eancia de reitera\u00e7\u00e3o e a apar\u00eancia de aus\u00eancia de premedita\u00e7\u00e3o do il\u00edcito e aparente equ\u00edvoco na escolha das express\u00f5es usadas em sua fala\u201d.<\/p>\n<p style=\"text-align: justify;\">J\u00e1 o pr\u00e9-candidato a vereador Alex Henrique, bem como a emissora de r\u00e1dio em que ele trabalha tamb\u00e9m foram condenados a pagar multa de <strong>R$ 5 mil<\/strong> em raz\u00e3o de propaganda eleitoral antecipada e irregular. \u201cConclui-se sem maior dificuldade ter ocorrido evidente abuso no direito de liberdade de imprensa e de manifesta\u00e7\u00e3o, porquanto evidenciado o rompimento do dever imposto pela Lei 9.504\/97 de n\u00e3o promo\u00e7\u00e3o de propaganda eleitoral por meio dos programas de radiodifus\u00e3o e por profissionais de comunica\u00e7\u00e3o\u201d, conclui a decis\u00e3o do Juiz Eleitoral Pablo Moreno Carvalho da Luz.<\/p>\n<p>&nbsp;<\/p>\n<p><a href=\"https:\/\/senoticias.com.br\/se\/wp-content\/uploads\/2020\/08\/Logo-SE-Noticias-1-1-e1597675148375.jpg\"><img loading=\"lazy\" decoding=\"async\" class=\"aligncenter size-full wp-image-124612\" src=\"https:\/\/senoticias.com.br\/se\/wp-content\/uploads\/2020\/08\/Logo-SE-Noticias-1-1-e1597675148375.jpg\" alt=\"\" width=\"550\" height=\"72\" \/><\/a><\/p>\n<p><em>Fonte: ASCOM\/PL ITABAIANA<\/em><\/p>\n<p><em><strong>Acompanhe tamb\u00e9m o SE Not\u00edcias no\u00a0<a href=\"https:\/\/twitter.com\/Senoticias\" target=\"_blank\" rel=\"noopener\">Twitter<\/a>,\u00a0<a href=\"https:\/\/www.facebook.com\/senoticias1\" target=\"_blank\" rel=\"noopener\">Facebook<\/a>\u00a0e no\u00a0<a href=\"https:\/\/www.instagram.com\/senoticias\/\" target=\"_blank\" rel=\"noopener\">Instagram<\/a><\/strong><\/em><\/p>\n","protected":false},"excerpt":{"rendered":"<p>Infra\u00e7\u00f5es ao que a Justi\u00e7a Eleitoral dita para o per\u00edodo de pr\u00e9-campanha t\u00eam sido punidas de forma exemplar em Itabaiana. No in\u00edcio dessa semana sa\u00edram mais duas decis\u00f5es da Justi\u00e7a Eleitoral, desta feita condenando a deputada estadual Maria Mendon\u00e7a, a pr\u00e9-candidata a prefeita Carminha Mendon\u00e7a e o pr\u00e9-candidato a vereador, Alex Henrique. No caso da [&hellip;]<\/p>\n","protected":false},"author":6552,"featured_media":0,"comment_status":"closed","ping_status":"closed","sticky":false,"template":"","format":"standard","meta":{"footnotes":""},"categories":[15,6],"tags":[11146,876,236,265,3888,11626],"class_list":{"0":"post-124803","1":"post","2":"type-post","3":"status-publish","4":"format-standard","6":"category-destaques","7":"category-politica","8":"tag-carminha-mendonca","9":"tag-deputada-maria-mendonca","10":"tag-itabaiana","11":"tag-maria","12":"tag-multa","13":"tag-pre-candidato-a-vereador"},"_links":{"self":[{"href":"https:\/\/senoticias.com.br\/se\/wp-json\/wp\/v2\/posts\/124803"}],"collection":[{"href":"https:\/\/senoticias.com.br\/se\/wp-json\/wp\/v2\/posts"}],"about":[{"href":"https:\/\/senoticias.com.br\/se\/wp-json\/wp\/v2\/types\/post"}],"author":[{"embeddable":true,"href":"https:\/\/senoticias.com.br\/se\/wp-json\/wp\/v2\/users\/6552"}],"replies":[{"embeddable":true,"href":"https:\/\/senoticias.com.br\/se\/wp-json\/wp\/v2\/comments?post=124803"}],"version-history":[{"count":0,"href":"https:\/\/senoticias.com.br\/se\/wp-json\/wp\/v2\/posts\/124803\/revisions"}],"wp:attachment":[{"href":"https:\/\/senoticias.com.br\/se\/wp-json\/wp\/v2\/media?parent=124803"}],"wp:term":[{"taxonomy":"category","embeddable":true,"href":"https:\/\/senoticias.com.br\/se\/wp-json\/wp\/v2\/categories?post=124803"},{"taxonomy":"post_tag","embeddable":true,"href":"https:\/\/senoticias.com.br\/se\/wp-json\/wp\/v2\/tags?post=124803"}],"curies":[{"name":"wp","href":"https:\/\/api.w.org\/{rel}","templated":true}]}}