{"id":124800,"date":"2020-08-25T06:57:07","date_gmt":"2020-08-25T09:57:07","guid":{"rendered":"https:\/\/senoticias.com.br\/se\/?p=124800"},"modified":"2020-08-25T07:00:27","modified_gmt":"2020-08-25T10:00:27","slug":"calendario-de-pagamento-dos-servidores-do-estado-sera-iniciado-na-proxima-segunda-feira-31","status":"publish","type":"post","link":"https:\/\/senoticias.com.br\/se\/calendario-de-pagamento-dos-servidores-do-estado-sera-iniciado-na-proxima-segunda-feira-31\/","title":{"rendered":"Calend\u00e1rio de pagamento dos servidores do estado ser\u00e1 iniciado na pr\u00f3xima segunda-feira, 31"},"content":{"rendered":"<div class=\"mc-column content-text active-extra-styles \" data-block-type=\"unstyled\" data-block-weight=\"51\" data-block-id=\"2\">\n<p class=\"content-text__container \" style=\"text-align: justify;\" data-track-category=\"Link no Texto\" data-track-links=\"\">O governo de Sergipe informou, nesta segunda-feira (24), que vai iniciar o calend\u00e1rio de pagamento dos servidores, referente ao m\u00eas de agosto, na pr\u00f3xima segunda-feira (31), a partir das 14h. V\u00e3o receber os sal\u00e1rios os servidores ativos com v\u00ednculo efetivo, aposentados e pensionistas com vencimentos de at\u00e9 R$ 3 mil.<\/p>\n<\/div>\n<div class=\"wall protected-content\" style=\"text-align: justify;\">\n<div class=\"mc-column content-text active-extra-styles \" data-block-type=\"unstyled\" data-block-weight=\"53\" data-block-id=\"3\">\n<p class=\"content-text__container \" data-track-category=\"Link no Texto\" data-track-links=\"\">Segundo governo, recebem servidores efetivos do SergipePrevid\u00eancia, Ipesa\u00fade, Segrase, Agrese; servidores da Secretaria da Educa\u00e7\u00e3o, do Esporte e da Cultura (Seduc), incluindo magist\u00e9rio e administrativos, lotados em escola; e servidores efetivos da Cohidro, Codise, Cehop, Emdagro, Emsetur, Emgetis e Pronese tamb\u00e9m receber\u00e3o o sal\u00e1rio de forma integral no dia 31 de agosto.<\/p>\n<div id=\"attachment_124055\" style=\"width: 560px\" class=\"wp-caption alignnone\"><a href=\"https:\/\/senoticias.com.br\/se\/wp-content\/uploads\/2020\/07\/Dinheiro_Usp_Imagens-e1593720427739.png\"><img loading=\"lazy\" decoding=\"async\" aria-describedby=\"caption-attachment-124055\" class=\"size-full wp-image-124055\" src=\"https:\/\/senoticias.com.br\/se\/wp-content\/uploads\/2020\/07\/Dinheiro_Usp_Imagens-e1593720427739.png\" alt=\"\" width=\"550\" height=\"311\" \/><\/a><p id=\"caption-attachment-124055\" class=\"wp-caption-text\">Governo do Estado inicia pagamento da folha de agosto na segunda (foto: ag\u00eancia Brasil)<\/p><\/div>\n<\/div>\n<div class=\"mc-column content-text active-extra-styles \" data-block-type=\"unstyled\" data-block-weight=\"59\" data-block-id=\"4\">\n<p class=\"content-text__container \" data-track-category=\"Link no Texto\" data-track-links=\"\">A previs\u00e3o \u00e9 que a conclus\u00e3o da folha de julho seja realizada no dia 10 de setembro, com o pagamento do sal\u00e1rio de agosto e a \u00faltima parcela do 13\u00ba Sal\u00e1rio de 2019 (8\u00aa parcela) aos demais servidores ativos, aposentados e pensionistas cujos vencimentos est\u00e3o acima de R$ 3 mil, bem como todos os servidores comissionados sem v\u00ednculo.<\/p>\n<\/div>\n<div class=\"mc-column content-text active-extra-styles \" data-block-type=\"unstyled\" data-block-weight=\"29\" data-block-id=\"5\">\n<p class=\"content-text__container \" data-track-category=\"Link no Texto\" data-track-links=\"\">Para os pensionistas e aposentados que recebem at\u00e9 R$ 6 mil, o governo realiza o pagamento da 5\u00aa parcela (do total de 9) do 13\u00ba Sal\u00e1rio de 2020.<\/p>\n<\/div>\n<\/div>\n<p data-track-category=\"Link no Texto\" data-track-links=\"\"><a href=\"https:\/\/senoticias.com.br\/se\/wp-content\/uploads\/2020\/08\/Logo-SE-Noticias-1-1-e1597675148375.jpg\"><img loading=\"lazy\" decoding=\"async\" class=\"alignnone size-full wp-image-124612\" src=\"https:\/\/senoticias.com.br\/se\/wp-content\/uploads\/2020\/08\/Logo-SE-Noticias-1-1-e1597675148375.jpg\" alt=\"\" width=\"550\" height=\"72\" \/><\/a><\/p>\n<p data-track-category=\"Link no Texto\" data-track-links=\"\">\n<p><em><strong>Acompanhe tamb\u00e9m o SE Not\u00edcias no\u00a0<a href=\"https:\/\/twitter.com\/Senoticias\" target=\"_blank\" rel=\"noopener\">Twitter<\/a>,\u00a0<a href=\"https:\/\/www.facebook.com\/senoticias1\" target=\"_blank\" rel=\"noopener\">Facebook<\/a>\u00a0e no\u00a0<a href=\"https:\/\/www.instagram.com\/senoticias\/\" target=\"_blank\" rel=\"noopener\">Instagram<\/a><\/strong><\/em><\/p>\n<p><em>Com informa\u00e7\u00f5es do G1 SE<\/em><\/p>\n<p style=\"text-align: justify;\">\n","protected":false},"excerpt":{"rendered":"<p>O governo de Sergipe informou, nesta segunda-feira (24), que vai iniciar o calend\u00e1rio de pagamento dos servidores, referente ao m\u00eas de agosto, na pr\u00f3xima segunda-feira (31), a partir das 14h. V\u00e3o receber os sal\u00e1rios os servidores ativos com v\u00ednculo efetivo, aposentados e pensionistas com vencimentos de at\u00e9 R$ 3 mil. Segundo governo, recebem servidores efetivos [&hellip;]<\/p>\n","protected":false},"author":6557,"featured_media":124055,"comment_status":"closed","ping_status":"closed","sticky":false,"template":"","format":"standard","meta":{"footnotes":""},"categories":[15,6,1],"tags":[1311,448,6963,6793],"class_list":{"0":"post-124800","1":"post","2":"type-post","3":"status-publish","4":"format-standard","5":"has-post-thumbnail","7":"category-destaques","8":"category-politica","9":"category-sem-categoria","10":"tag-calendario-de-pagamento","11":"tag-governo-de-sergipe","12":"tag-governo-do-estado-de-sergipe","13":"tag-pagamento-de-salario"},"_links":{"self":[{"href":"https:\/\/senoticias.com.br\/se\/wp-json\/wp\/v2\/posts\/124800"}],"collection":[{"href":"https:\/\/senoticias.com.br\/se\/wp-json\/wp\/v2\/posts"}],"about":[{"href":"https:\/\/senoticias.com.br\/se\/wp-json\/wp\/v2\/types\/post"}],"author":[{"embeddable":true,"href":"https:\/\/senoticias.com.br\/se\/wp-json\/wp\/v2\/users\/6557"}],"replies":[{"embeddable":true,"href":"https:\/\/senoticias.com.br\/se\/wp-json\/wp\/v2\/comments?post=124800"}],"version-history":[{"count":0,"href":"https:\/\/senoticias.com.br\/se\/wp-json\/wp\/v2\/posts\/124800\/revisions"}],"wp:featuredmedia":[{"embeddable":true,"href":"https:\/\/senoticias.com.br\/se\/wp-json\/wp\/v2\/media\/124055"}],"wp:attachment":[{"href":"https:\/\/senoticias.com.br\/se\/wp-json\/wp\/v2\/media?parent=124800"}],"wp:term":[{"taxonomy":"category","embeddable":true,"href":"https:\/\/senoticias.com.br\/se\/wp-json\/wp\/v2\/categories?post=124800"},{"taxonomy":"post_tag","embeddable":true,"href":"https:\/\/senoticias.com.br\/se\/wp-json\/wp\/v2\/tags?post=124800"}],"curies":[{"name":"wp","href":"https:\/\/api.w.org\/{rel}","templated":true}]}}