{"id":124798,"date":"2020-08-25T06:37:32","date_gmt":"2020-08-25T09:37:32","guid":{"rendered":"https:\/\/senoticias.com.br\/se\/?p=124798"},"modified":"2020-08-25T06:37:32","modified_gmt":"2020-08-25T09:37:32","slug":"sergipe-registra-134-novos-casos-de-covid-19-e-mais-duas-mortes-ate-o-momento-59-808-pacientes-foram-curados","status":"publish","type":"post","link":"https:\/\/senoticias.com.br\/se\/sergipe-registra-134-novos-casos-de-covid-19-e-mais-duas-mortes-ate-o-momento-59-808-pacientes-foram-curados\/","title":{"rendered":"Sergipe registra 134 novos casos de Covid-19 e mais duas mortes; at\u00e9 o momento, 59.808 pacientes foram curados."},"content":{"rendered":"<div class=\"col-md-12\">\n<div class=\"texto\">\n<p style=\"text-align: justify;\">A Secretaria de Estado da Sa\u00fade (SES) divulga nesta segunda, 24, o boletim epidemiol\u00f3gico do coronav\u00edrus, com 134 casos e 12 novos \u00f3bitos. Em Sergipe, 70.606 pessoas j\u00e1 testaram positivo para a COVID-19 e 1.793 morreram. Dos 12 \u00f3bitos, dez estavam em investiga\u00e7\u00e3o e foram confirmados. At\u00e9 o momento, 59.808 pacientes foram curados.<\/p>\n<p style=\"text-align: justify;\">S\u00e3o cinco mortes de Aracaju, com tr\u00eas homens: 74 anos, com diabetes, hipertens\u00e3o e cardiopatia; 66 anos, com hipertens\u00e3o e diabetes; e 78 anos, com diabetes. As mulheres s\u00e3o de 61 e 67 anos, ambas com diabetes, hipertens\u00e3o e obesidade.<\/p>\n<div id=\"attachment_124799\" style=\"width: 609px\" class=\"wp-caption alignnone\"><a href=\"https:\/\/senoticias.com.br\/se\/wp-content\/uploads\/2020\/08\/Casos-confirmados-SE-Noticias-e1598348022696.jpeg\"><img loading=\"lazy\" decoding=\"async\" aria-describedby=\"caption-attachment-124799\" class=\"size-full wp-image-124799\" src=\"https:\/\/senoticias.com.br\/se\/wp-content\/uploads\/2020\/08\/Casos-confirmados-SE-Noticias-e1598348022696.jpeg\" alt=\"\" width=\"599\" height=\"599\" \/><\/a><p id=\"caption-attachment-124799\" class=\"wp-caption-text\">Mais dez mortes estavam em investiga\u00e7\u00e3o, totalizando 12 novos \u00f3bitos.<\/p><\/div>\n<p style=\"text-align: justify;\">As demais mortes foram de: homem, 50 anos, de Itabaiana, com hipertens\u00e3o e diabetes; mulher, 82 anos, de Itabaianinha, com doen\u00e7a cardiovascular cr\u00f4nica; homem, 57 anos, de Lagarto, com diabetes, hipertens\u00e3o e Alzheimer, homem, 49 anos, de Maruim, sem comorbidades; homem, 74 anos, de Nossa Senhora das Dores, com hipertens\u00e3o; homem, 32 anos, de Nossa Senhora do Socorro, com AIDS; e mulher, 78 anos, de Po\u00e7o Verde, sem comorbidades.<\/p>\n<p style=\"text-align: justify;\">Foram realizados 134.237 exames e 63.631 foram negativados. Est\u00e3o internados 336 pacientes, sendo 158 em leitos de UTI (102 na rede p\u00fablica, sendo 102 adultas e 0 pedi\u00e1tricas; e 56 na rede privada, sendo 52 adultas e 4 pedi\u00e1tricas) e 178 em leitos cl\u00ednicos (123 na rede p\u00fablica e 55 na rede privada). S\u00e3o investigados mais oito \u00f3bitos. Ainda aguardam resultado 394 exames coletados.<\/p>\n<p>Mais detalhes sobre o novo boletim epidemiol\u00f3gico da Covid-19 em\u00a0<a href=\"http:\/\/sergipecontraocoronavirus.net.br\/\">sergipecontraocoronavirus.net.br<\/a>.<\/p>\n<\/div>\n<\/div>\n<div class=\"container outros_destaques d-none d-sm-block\"><\/div>\n<div><\/div>\n<div><a href=\"https:\/\/senoticias.com.br\/se\/wp-content\/uploads\/2020\/08\/Logo-SE-Noticias-1-1-e1597675148375.jpg\"><img loading=\"lazy\" decoding=\"async\" class=\"alignnone size-full wp-image-124612\" src=\"https:\/\/senoticias.com.br\/se\/wp-content\/uploads\/2020\/08\/Logo-SE-Noticias-1-1-e1597675148375.jpg\" alt=\"\" width=\"550\" height=\"72\" \/><\/a><\/div>\n<div><\/div>\n<div><em><strong>Acompanhe tamb\u00e9m o SE Not\u00edcias no\u00a0<a href=\"https:\/\/twitter.com\/Senoticias\" target=\"_blank\" rel=\"noopener\">Twitter<\/a>,\u00a0<a href=\"https:\/\/www.facebook.com\/senoticias1\" target=\"_blank\" rel=\"noopener\">Facebook<\/a>\u00a0e no\u00a0<a href=\"https:\/\/www.instagram.com\/senoticias\/\" target=\"_blank\" rel=\"noopener\">Instagram<\/a><\/strong><\/em><\/div>\n<div><\/div>\n<div><em>Informa\u00e7\u00f5es da Ag\u00eancia Sergipe de Not\u00edcias<\/em><\/div>\n","protected":false},"excerpt":{"rendered":"<p>A Secretaria de Estado da Sa\u00fade (SES) divulga nesta segunda, 24, o boletim epidemiol\u00f3gico do coronav\u00edrus, com 134 casos e 12 novos \u00f3bitos. Em Sergipe, 70.606 pessoas j\u00e1 testaram positivo para a COVID-19 e 1.793 morreram. Dos 12 \u00f3bitos, dez estavam em investiga\u00e7\u00e3o e foram confirmados. At\u00e9 o momento, 59.808 pacientes foram curados. S\u00e3o cinco [&hellip;]<\/p>\n","protected":false},"author":6557,"featured_media":124799,"comment_status":"closed","ping_status":"closed","sticky":false,"template":"","format":"standard","meta":{"footnotes":""},"categories":[15,6],"tags":[14279,448,14369],"class_list":{"0":"post-124798","1":"post","2":"type-post","3":"status-publish","4":"format-standard","5":"has-post-thumbnail","7":"category-destaques","8":"category-politica","9":"tag-covid19","10":"tag-governo-de-sergipe","11":"tag-pandemia"},"_links":{"self":[{"href":"https:\/\/senoticias.com.br\/se\/wp-json\/wp\/v2\/posts\/124798"}],"collection":[{"href":"https:\/\/senoticias.com.br\/se\/wp-json\/wp\/v2\/posts"}],"about":[{"href":"https:\/\/senoticias.com.br\/se\/wp-json\/wp\/v2\/types\/post"}],"author":[{"embeddable":true,"href":"https:\/\/senoticias.com.br\/se\/wp-json\/wp\/v2\/users\/6557"}],"replies":[{"embeddable":true,"href":"https:\/\/senoticias.com.br\/se\/wp-json\/wp\/v2\/comments?post=124798"}],"version-history":[{"count":0,"href":"https:\/\/senoticias.com.br\/se\/wp-json\/wp\/v2\/posts\/124798\/revisions"}],"wp:featuredmedia":[{"embeddable":true,"href":"https:\/\/senoticias.com.br\/se\/wp-json\/wp\/v2\/media\/124799"}],"wp:attachment":[{"href":"https:\/\/senoticias.com.br\/se\/wp-json\/wp\/v2\/media?parent=124798"}],"wp:term":[{"taxonomy":"category","embeddable":true,"href":"https:\/\/senoticias.com.br\/se\/wp-json\/wp\/v2\/categories?post=124798"},{"taxonomy":"post_tag","embeddable":true,"href":"https:\/\/senoticias.com.br\/se\/wp-json\/wp\/v2\/tags?post=124798"}],"curies":[{"name":"wp","href":"https:\/\/api.w.org\/{rel}","templated":true}]}}