{"id":124770,"date":"2020-08-23T16:16:13","date_gmt":"2020-08-23T19:16:13","guid":{"rendered":"https:\/\/senoticias.com.br\/se\/?p=124770"},"modified":"2020-08-23T16:16:13","modified_gmt":"2020-08-23T19:16:13","slug":"motociclista-morre-apos-colidir-motocicleta-com-caminhao-de-lixo-na-zona-sul-de-aracaju","status":"publish","type":"post","link":"https:\/\/senoticias.com.br\/se\/motociclista-morre-apos-colidir-motocicleta-com-caminhao-de-lixo-na-zona-sul-de-aracaju\/","title":{"rendered":"Motociclista morre ap\u00f3s colidir motocicleta com caminh\u00e3o de lixo na Zona Sul de Aracaju"},"content":{"rendered":"<div class=\"mc-column content-text active-extra-styles active-capital-letter\" data-block-type=\"unstyled\" data-block-weight=\"29\" data-block-id=\"1\">\n<p style=\"text-align: justify;\">O motociclista <strong>Pedro Fraga Pimentel Neto de 54 anos<\/strong>, morreu por volta das <strong>19 horas de s\u00e1bado, 22<\/strong>, ao colidir sua motocicleta com um caminh\u00e3o da empresa Torre que fazia o recolhimento de lixo, na Avenida Her\u00e1clito Rollemberg, Zona Sul de Aracaju.<\/p>\n<\/div>\n<div class=\"wall protected-content\">\n<div class=\"mc-column content-text active-extra-styles \" style=\"text-align: justify;\" data-block-type=\"unstyled\" data-block-weight=\"25\" data-block-id=\"2\">\n<p class=\"content-text__container \" data-track-category=\"Link no Texto\" data-track-links=\"\">De acordo com a Companhia de Policiamento de Tr\u00e2nsito, o Servi\u00e7o de Atendimento M\u00f3vel de urg\u00eancia\u00a0chegou a ser acionado para constatar o \u00f3bito.<\/p>\n<div id=\"attachment_124771\" style=\"width: 609px\" class=\"wp-caption alignnone\"><a href=\"https:\/\/senoticias.com.br\/se\/wp-content\/uploads\/2020\/08\/Acidente-com-caminh\u00e3o-do-lixo-SE-Noticias-e1598209753422.jpg\"><img loading=\"lazy\" decoding=\"async\" aria-describedby=\"caption-attachment-124771\" class=\"size-full wp-image-124771\" src=\"https:\/\/senoticias.com.br\/se\/wp-content\/uploads\/2020\/08\/Acidente-com-caminh\u00e3o-do-lixo-SE-Noticias-e1598209753422.jpg\" alt=\"\" width=\"599\" height=\"359\" \/><\/a><p id=\"caption-attachment-124771\" class=\"wp-caption-text\">Motociclista morreu ap\u00f3s bater em caminh\u00e3o de lixo na Zona Sul de Aracaju\u00a0 (foto: CPTran)<\/p><\/div>\n<\/div>\n<div class=\"mc-column content-text active-extra-styles \" data-block-type=\"unstyled\" data-block-weight=\"12\" data-block-id=\"3\">\n<p class=\"content-text__container \" style=\"text-align: justify;\" data-track-category=\"Link no Texto\" data-track-links=\"\"><em><strong>A<\/strong><strong>companhe tamb\u00e9m o SE Not\u00edcias no\u00a0<a href=\"https:\/\/www.instagram.com\/senoticias\/\">Instagram<\/a>,\u00a0<a href=\"https:\/\/twitter.com\/home\">Twitter<\/a>\u00a0e no\u00a0<a href=\"https:\/\/web.facebook.com\/senoticias1\/\">Facebook<\/a><\/strong><\/em><\/p>\n<\/div>\n<p data-track-category=\"Link no Texto\" data-track-links=\"\"><em>Reda\u00e7\u00e3o SE Not\u00edcias, com informa\u00e7\u00f5es da CPTran<\/em><\/p>\n<\/div>\n","protected":false},"excerpt":{"rendered":"<p>O motociclista Pedro Fraga Pimentel Neto de 54 anos, morreu por volta das 19 horas de s\u00e1bado, 22, ao colidir sua motocicleta com um caminh\u00e3o da empresa Torre que fazia o recolhimento de lixo, na Avenida Her\u00e1clito Rollemberg, Zona Sul de Aracaju. De acordo com a Companhia de Policiamento de Tr\u00e2nsito, o Servi\u00e7o de Atendimento [&hellip;]<\/p>\n","protected":false},"author":6557,"featured_media":124771,"comment_status":"closed","ping_status":"closed","sticky":false,"template":"","format":"standard","meta":{"footnotes":""},"categories":[15,7],"tags":[12626,15395,11226],"class_list":{"0":"post-124770","1":"post","2":"type-post","3":"status-publish","4":"format-standard","5":"has-post-thumbnail","7":"category-destaques","8":"category-policia","9":"tag-motociclista-morre","10":"tag-motociclista-morre-ao-colidis-com-caminhao-de-lixo","11":"tag-violencia-no-transito"},"_links":{"self":[{"href":"https:\/\/senoticias.com.br\/se\/wp-json\/wp\/v2\/posts\/124770"}],"collection":[{"href":"https:\/\/senoticias.com.br\/se\/wp-json\/wp\/v2\/posts"}],"about":[{"href":"https:\/\/senoticias.com.br\/se\/wp-json\/wp\/v2\/types\/post"}],"author":[{"embeddable":true,"href":"https:\/\/senoticias.com.br\/se\/wp-json\/wp\/v2\/users\/6557"}],"replies":[{"embeddable":true,"href":"https:\/\/senoticias.com.br\/se\/wp-json\/wp\/v2\/comments?post=124770"}],"version-history":[{"count":0,"href":"https:\/\/senoticias.com.br\/se\/wp-json\/wp\/v2\/posts\/124770\/revisions"}],"wp:featuredmedia":[{"embeddable":true,"href":"https:\/\/senoticias.com.br\/se\/wp-json\/wp\/v2\/media\/124771"}],"wp:attachment":[{"href":"https:\/\/senoticias.com.br\/se\/wp-json\/wp\/v2\/media?parent=124770"}],"wp:term":[{"taxonomy":"category","embeddable":true,"href":"https:\/\/senoticias.com.br\/se\/wp-json\/wp\/v2\/categories?post=124770"},{"taxonomy":"post_tag","embeddable":true,"href":"https:\/\/senoticias.com.br\/se\/wp-json\/wp\/v2\/tags?post=124770"}],"curies":[{"name":"wp","href":"https:\/\/api.w.org\/{rel}","templated":true}]}}