{"id":124769,"date":"2020-08-23T12:29:58","date_gmt":"2020-08-23T15:29:58","guid":{"rendered":"https:\/\/senoticias.com.br\/se\/?p=124769"},"modified":"2020-08-23T12:29:58","modified_gmt":"2020-08-23T15:29:58","slug":"fabio-mitidieri-e-mais-tres-deputados-cedem-a-pressao-do-centrao-e-votam-contra-os-servidores","status":"publish","type":"post","link":"https:\/\/senoticias.com.br\/se\/fabio-mitidieri-e-mais-tres-deputados-cedem-a-pressao-do-centrao-e-votam-contra-os-servidores\/","title":{"rendered":"F\u00e1bio Mitidieri e mais tr\u00eas deputados cedem a press\u00e3o do Centr\u00e3o e votam contra os servidores"},"content":{"rendered":"<p style=\"text-align: justify;\">Segundo publica\u00e7\u00e3o do <strong>portal Nora News<\/strong>, quatro deputados federais por Sergipe votaram pela manuten\u00e7\u00e3o do veto do presidente Jair Bolsonaro a qualquer possibilidade de reajuste salarial aos servidores p\u00fablicos at\u00e9 o final do ano de 2021, por causa da crise econ\u00f4mica gerada em fun\u00e7\u00e3o da pandemia de coronav\u00edrus.<strong>\u00a0<\/strong><\/p>\n<div id=\"attachment_94540\" style=\"width: 583px\" class=\"wp-caption alignnone\"><a href=\"https:\/\/senoticias.com.br\/se\/wp-content\/uploads\/2016\/07\/Fabio-Mitidiere-SE-Noticias.jpg\"><img loading=\"lazy\" decoding=\"async\" aria-describedby=\"caption-attachment-94540\" class=\"size-full wp-image-94540\" src=\"https:\/\/senoticias.com.br\/se\/wp-content\/uploads\/2016\/07\/Fabio-Mitidiere-SE-Noticias.jpg\" alt=\"\" width=\"573\" height=\"379\" srcset=\"https:\/\/senoticias.com.br\/se\/wp-content\/uploads\/2016\/07\/Fabio-Mitidiere-SE-Noticias.jpg 573w, https:\/\/senoticias.com.br\/se\/wp-content\/uploads\/2016\/07\/Fabio-Mitidiere-SE-Noticias-300x198.jpg 300w, https:\/\/senoticias.com.br\/se\/wp-content\/uploads\/2016\/07\/Fabio-Mitidiere-SE-Noticias-342x226.jpg 342w\" sizes=\"(max-width: 573px) 100vw, 573px\" \/><\/a><p id=\"caption-attachment-94540\" class=\"wp-caption-text\">F\u00e1bio Mitidieri, Gustinho Ribeiro e Bosco Costa votaram contra os servidores (foto: arquivo\/Ag\u00eancia C\u00e2mara)<\/p><\/div>\n<p>Dos oito deputados sergipanos, quatro votaram com o governo Bolsonaro, tr\u00eas votaram contra o veto presidencial e um se absteve da vota\u00e7\u00e3o na C\u00e2mara Federal.<\/p>\n<p style=\"text-align: justify;\">Votaram a favor do veto os deputados: Bosco Costa (PL), F\u00e1bio Mitidieri (PSD), Gustinho Ribeiro (SD) e La\u00e9rcio Oliveira (PP). J\u00e1 os deputados F\u00e1bio Henrique (PDT), Jo\u00e3o Daniel (PT) e Valdevan Noventa (PSC) votaram pela derrubada do veto. <strong>O deputado F\u00e1bio Reis (MDB) se ausentou da vota\u00e7\u00e3o<\/strong>.<\/p>\n<p style=\"text-align: justify;\"><strong>Centr\u00e3o<\/strong><\/p>\n<p style=\"text-align: justify;\">Os deputados sergipanos que integram a bancada do Centr\u00e3o votaram fechados com o presidente Bolsonaro. A bancada centrista que agora apoia o governo foi respons\u00e1vel pelos votos que impediram a possibilidade de reajuste salarial aos servidores p\u00fablicos.<\/p>\n<p style=\"text-align: justify;\">A novidade foi o deputado federal F\u00e1bio Mitidieri, que integra o Centr\u00e3o com o PSD. Em entrevista ao\u00a0<a href=\"https:\/\/www.youtube.com\/watch?v=-PQOTVWI7Pw\"><strong>Hora News TV,<\/strong><\/a>\u00a0o parlamentar havia afirmado que mesmo fazendo parte do PSD, partido que integra o bloco do Centr\u00e3o, continuaria atuando de forma independente e votando a favor dos trabalhadores na C\u00e2mara, como fez no Governo Temer. Por\u00e9m, cedeu a press\u00e3o do Centr\u00e3o e votou contra os servidores p\u00fablicos.<\/p>\n<p style=\"text-align: justify;\"><strong>Senado<\/strong><\/p>\n<p style=\"text-align: justify;\">O veto do presidente j\u00e1 havia sido derrubado no Senado Federal com os votos dos senadores sergipanos Alessandro Vieira (Cidadania) e Rog\u00e9rio Carvalho (PT), mas precisava da aprova\u00e7\u00e3o da C\u00e2mara dos Deputados, que se op\u00f4s ao Senado e votou favor\u00e1vel ao presidente da Rep\u00fablica.<\/p>\n<p>&nbsp;<\/p>\n<p><a href=\"https:\/\/senoticias.com.br\/se\/wp-content\/uploads\/2020\/08\/Logo-SE-Noticias-1-1-e1597675148375.jpg\"><img loading=\"lazy\" decoding=\"async\" class=\"alignnone size-full wp-image-124612\" src=\"https:\/\/senoticias.com.br\/se\/wp-content\/uploads\/2020\/08\/Logo-SE-Noticias-1-1-e1597675148375.jpg\" alt=\"\" width=\"550\" height=\"72\" \/><\/a><\/p>\n<p>&nbsp;<\/p>\n<p><em><strong>Acompanhe tamb\u00e9m o SE Not\u00edcias no\u00a0<a href=\"https:\/\/twitter.com\/Senoticias\" target=\"_blank\" rel=\"noopener\">Twitter<\/a>,\u00a0<a href=\"https:\/\/www.facebook.com\/senoticias1\" target=\"_blank\" rel=\"noopener\">Facebook<\/a>\u00a0e no\u00a0<a href=\"https:\/\/www.instagram.com\/senoticias\/\" target=\"_blank\" rel=\"noopener\">Instagram<\/a><\/strong><\/em><\/p>\n<p>&nbsp;<\/p>\n<p><em>Mat\u00e9ria extra\u00edda do portal <a href=\"https:\/\/horanews.net\/fabio-mitidieri-e-mais-tres-deputados-cedem-a-pressao-do-centrao-e-votam-contra-os-servidores\/\"><strong>Hora News<\/strong><\/a><\/em><\/p>\n","protected":false},"excerpt":{"rendered":"<p>Segundo publica\u00e7\u00e3o do portal Nora News, quatro deputados federais por Sergipe votaram pela manuten\u00e7\u00e3o do veto do presidente Jair Bolsonaro a qualquer possibilidade de reajuste salarial aos servidores p\u00fablicos at\u00e9 o final do ano de 2021, por causa da crise econ\u00f4mica gerada em fun\u00e7\u00e3o da pandemia de coronav\u00edrus.\u00a0 Dos oito deputados sergipanos, quatro votaram com [&hellip;]<\/p>\n","protected":false},"author":6557,"featured_media":94540,"comment_status":"closed","ping_status":"closed","sticky":false,"template":"","format":"standard","meta":{"footnotes":""},"categories":[15,6],"tags":[15394,7306,1562,6189],"class_list":{"0":"post-124769","1":"post","2":"type-post","3":"status-publish","4":"format-standard","5":"has-post-thumbnail","7":"category-destaques","8":"category-politica","9":"tag-bosco-costa","10":"tag-fabio-mitidieri","11":"tag-gustinho-ribeiro","12":"tag-jair-bolsonaro"},"_links":{"self":[{"href":"https:\/\/senoticias.com.br\/se\/wp-json\/wp\/v2\/posts\/124769"}],"collection":[{"href":"https:\/\/senoticias.com.br\/se\/wp-json\/wp\/v2\/posts"}],"about":[{"href":"https:\/\/senoticias.com.br\/se\/wp-json\/wp\/v2\/types\/post"}],"author":[{"embeddable":true,"href":"https:\/\/senoticias.com.br\/se\/wp-json\/wp\/v2\/users\/6557"}],"replies":[{"embeddable":true,"href":"https:\/\/senoticias.com.br\/se\/wp-json\/wp\/v2\/comments?post=124769"}],"version-history":[{"count":0,"href":"https:\/\/senoticias.com.br\/se\/wp-json\/wp\/v2\/posts\/124769\/revisions"}],"wp:featuredmedia":[{"embeddable":true,"href":"https:\/\/senoticias.com.br\/se\/wp-json\/wp\/v2\/media\/94540"}],"wp:attachment":[{"href":"https:\/\/senoticias.com.br\/se\/wp-json\/wp\/v2\/media?parent=124769"}],"wp:term":[{"taxonomy":"category","embeddable":true,"href":"https:\/\/senoticias.com.br\/se\/wp-json\/wp\/v2\/categories?post=124769"},{"taxonomy":"post_tag","embeddable":true,"href":"https:\/\/senoticias.com.br\/se\/wp-json\/wp\/v2\/tags?post=124769"}],"curies":[{"name":"wp","href":"https:\/\/api.w.org\/{rel}","templated":true}]}}