{"id":124720,"date":"2020-08-19T20:11:43","date_gmt":"2020-08-19T23:11:43","guid":{"rendered":"https:\/\/senoticias.com.br\/se\/?p=124720"},"modified":"2020-08-19T20:11:43","modified_gmt":"2020-08-19T23:11:43","slug":"prefeitura-de-sao-cristovao-distribui-mascaras-de-protecao-e-orienta-populacao-sobre-multa-de-r-8700","status":"publish","type":"post","link":"https:\/\/senoticias.com.br\/se\/prefeitura-de-sao-cristovao-distribui-mascaras-de-protecao-e-orienta-populacao-sobre-multa-de-r-8700\/","title":{"rendered":"Prefeitura de S\u00e3o Crist\u00f3v\u00e3o distribui m\u00e1scaras de prote\u00e7\u00e3o e orienta popula\u00e7\u00e3o sobre multa de R$ 87,00"},"content":{"rendered":"<p style=\"font-weight: 400; text-align: justify;\">A Vigil\u00e2ncia Sanit\u00e1ria de S\u00e3o Crist\u00f3v\u00e3o orienta popula\u00e7\u00e3o e estabelecimentos comerciais com rela\u00e7\u00e3o ao uso de m\u00e1scaras. As a\u00e7\u00f5es s\u00e3o realizadas durante toda a semana no centro da cidade e nos bairro Eduardo Gomes e Rosa Elze, principalmente nas regi\u00f5es do mercado. A orienta\u00e7\u00e3o \u00e9 feita para conscientizar a popula\u00e7\u00e3o sobre a import\u00e2ncia do uso da m\u00e1scara, como medida de prote\u00e7\u00e3o ao Covid-19, e sobre a multa que poder\u00e1 ser aplicada em caso de descumprimento da lei estadual.<\/p>\n<div id=\"attachment_124721\" style=\"width: 609px\" class=\"wp-caption alignnone\"><a href=\"https:\/\/senoticias.com.br\/se\/wp-content\/uploads\/2020\/08\/distribui\u00e7\u00e3o-de-mascara-sao-cristovao-19.08-1-e1597878551800.jpeg\"><img loading=\"lazy\" decoding=\"async\" aria-describedby=\"caption-attachment-124721\" class=\"size-full wp-image-124721\" src=\"https:\/\/senoticias.com.br\/se\/wp-content\/uploads\/2020\/08\/distribui\u00e7\u00e3o-de-mascara-sao-cristovao-19.08-1-e1597878551800.jpeg\" alt=\"\" width=\"599\" height=\"337\" \/><\/a><p id=\"caption-attachment-124721\" class=\"wp-caption-text\">Vigil\u00e2ncia Sanit\u00e1ria distribui m\u00e1scaras de prote\u00e7\u00e3o e orienta popula\u00e7\u00e3o sobre multa de R$ 87,00 (foto: divulga\u00e7\u00e3o\/PMSC)<\/p><\/div>\n<p style=\"font-weight: 400; text-align: justify;\">Segundo K\u00e1tia Vieira, supervisora da Vigil\u00e2ncia Sanit\u00e1ria de S\u00e3o Crist\u00f3v\u00e3o, foi acordado com o estado que a abordagem dever\u00e1 ser feita a partir da distribui\u00e7\u00e3o gratuita de m\u00e1scaras para as pessoas que estiverem na rua sem a prote\u00e7\u00e3o. \u201cEm um segundo momento, se a pessoa for reincidente em n\u00e3o usar a m\u00e1scara, elas ser\u00e3o autuadas atrav\u00e9s da solicita\u00e7\u00e3o do documento de identidade, CPF e endere\u00e7o, que ser\u00e3o enviados \u00e0 secretaria de estado para que a multa seja aplicada\u201d, afirmou.<\/p>\n<p style=\"font-weight: 400; text-align: justify;\">Desde abril, em parceria com a Pol\u00edcia Militar, a Vigil\u00e2ncia Sanit\u00e1ria tem feito v\u00e1rias fiscaliza\u00e7\u00f5es em todo o munic\u00edpio, inclusive em estabelecimentos comerciais, n\u00e3o somente para o uso de m\u00e1scaras, mas tamb\u00e9m de \u00e1lcool gel e import\u00e2ncia do distanciamento social.<\/p>\n<p style=\"font-weight: 400; text-align: justify;\">A Vigil\u00e2ncia Sanit\u00e1ria tamb\u00e9m faz doa\u00e7\u00e3o de m\u00e1scaras para a pol\u00edcia militar, para que ela possa distribuir nas ruas, em caso de abordagem. \u00a0\u201cMuitas pessoas ainda n\u00e3o est\u00e3o usando por descuido, por n\u00e3o acreditar na doen\u00e7a, ent\u00e3o \u00e9 importante conscientizar sobre o uso da m\u00e1scara e tamb\u00e9m pela possibilidade futura de receber uma multa\u201d, concluiu K\u00e1tia Viera, coordenadora de Vigil\u00e2ncia Sanit\u00e1ria de S\u00e3o Crist\u00f3v\u00e3o.<\/p>\n<p style=\"font-weight: 400; text-align: justify;\">Al\u00e9m do apoio da Pol\u00edcia Militar, as equipes da Vigil\u00e2ncia em S\u00e3o Crist\u00f3v\u00e3o t\u00eam apoio da SMTT e da Secretaria Municipal de Meio Ambiente Agricultura e Pesca (<em><strong>Semap<\/strong><\/em>) e da Superintend\u00eancia Municipal de Transportes e Tr\u00e2nsito (<em><strong>SMTT<\/strong><\/em>).<\/p>\n<p style=\"font-weight: 400; text-align: justify;\">A lei n\u00ba\u00a08.726\/2020 sancionada pelo governador Belivaldo Chagas e\u00a0aprovada pela Assembleia Legislativa do Estado prev\u00ea a obrigatoriedade do uso de m\u00e1scara e multa de R$ 87,00 para quem desobedecer a determina\u00e7\u00e3o. J\u00e1 para pessoas jur\u00eddicas, o valor pode variar\u00a0entre R$ 2.178 e R$ 21.785.\u00a0As multas podem ser aplicadas pela Pol\u00edcia Militar, Corpo de Bombeiro, Vigil\u00e2ncia Sanit\u00e1ria Estadual e Coordenadoria Estadual de Prote\u00e7\u00e3o e Defesa do Consumidor (Procon).<\/p>\n<p>&nbsp;<\/p>\n<p><a href=\"https:\/\/senoticias.com.br\/se\/wp-content\/uploads\/2020\/08\/Logo-SE-Noticias-1-1-e1597675148375.jpg\"><img loading=\"lazy\" decoding=\"async\" class=\"alignnone size-full wp-image-124612\" src=\"https:\/\/senoticias.com.br\/se\/wp-content\/uploads\/2020\/08\/Logo-SE-Noticias-1-1-e1597675148375.jpg\" alt=\"\" width=\"550\" height=\"72\" \/><\/a><\/p>\n<p>&nbsp;<\/p>\n<p><strong><em>Acompanhe tamb\u00e9m o SE Not\u00edcias no\u00a0<a href=\"https:\/\/twitter.com\/Senoticias\" target=\"_blank\" rel=\"noopener\">Twitter<\/a>,\u00a0<a href=\"https:\/\/www.facebook.com\/senoticias1\" target=\"_blank\" rel=\"noopener\">Facebook<\/a>\u00a0e no\u00a0<a href=\"https:\/\/www.instagram.com\/senoticias\/\" target=\"_blank\" rel=\"noopener\">Instagram<\/a><\/em><\/strong><\/p>\n<p>&nbsp;<\/p>\n<p><em>Por ascom\/PMSC<\/em><\/p>\n","protected":false},"excerpt":{"rendered":"<p>A Vigil\u00e2ncia Sanit\u00e1ria de S\u00e3o Crist\u00f3v\u00e3o orienta popula\u00e7\u00e3o e estabelecimentos comerciais com rela\u00e7\u00e3o ao uso de m\u00e1scaras. As a\u00e7\u00f5es s\u00e3o realizadas durante toda a semana no centro da cidade e nos bairro Eduardo Gomes e Rosa Elze, principalmente nas regi\u00f5es do mercado. A orienta\u00e7\u00e3o \u00e9 feita para conscientizar a popula\u00e7\u00e3o sobre a import\u00e2ncia do uso [&hellip;]<\/p>\n","protected":false},"author":6557,"featured_media":124721,"comment_status":"closed","ping_status":"closed","sticky":false,"template":"","format":"standard","meta":{"footnotes":""},"categories":[15,38],"tags":[14552,86,81,15366],"class_list":{"0":"post-124720","1":"post","2":"type-post","3":"status-publish","4":"format-standard","5":"has-post-thumbnail","7":"category-destaques","8":"category-municipios","9":"tag-mascaras-de-protecao","10":"tag-policia-militar","11":"tag-prefeitura-de-sao-cristovao","12":"tag-vigilancia-sanitaria-de-sao-cristovao"},"_links":{"self":[{"href":"https:\/\/senoticias.com.br\/se\/wp-json\/wp\/v2\/posts\/124720"}],"collection":[{"href":"https:\/\/senoticias.com.br\/se\/wp-json\/wp\/v2\/posts"}],"about":[{"href":"https:\/\/senoticias.com.br\/se\/wp-json\/wp\/v2\/types\/post"}],"author":[{"embeddable":true,"href":"https:\/\/senoticias.com.br\/se\/wp-json\/wp\/v2\/users\/6557"}],"replies":[{"embeddable":true,"href":"https:\/\/senoticias.com.br\/se\/wp-json\/wp\/v2\/comments?post=124720"}],"version-history":[{"count":0,"href":"https:\/\/senoticias.com.br\/se\/wp-json\/wp\/v2\/posts\/124720\/revisions"}],"wp:featuredmedia":[{"embeddable":true,"href":"https:\/\/senoticias.com.br\/se\/wp-json\/wp\/v2\/media\/124721"}],"wp:attachment":[{"href":"https:\/\/senoticias.com.br\/se\/wp-json\/wp\/v2\/media?parent=124720"}],"wp:term":[{"taxonomy":"category","embeddable":true,"href":"https:\/\/senoticias.com.br\/se\/wp-json\/wp\/v2\/categories?post=124720"},{"taxonomy":"post_tag","embeddable":true,"href":"https:\/\/senoticias.com.br\/se\/wp-json\/wp\/v2\/tags?post=124720"}],"curies":[{"name":"wp","href":"https:\/\/api.w.org\/{rel}","templated":true}]}}