{"id":124712,"date":"2020-08-19T06:35:46","date_gmt":"2020-08-19T09:35:46","guid":{"rendered":"https:\/\/senoticias.com.br\/se\/?p=124712"},"modified":"2020-08-19T06:35:46","modified_gmt":"2020-08-19T09:35:46","slug":"motorista-se-envolve-em-acidente-e-derruba-tres-postes-de-alta-tensao-em-aracaju","status":"publish","type":"post","link":"https:\/\/senoticias.com.br\/se\/motorista-se-envolve-em-acidente-e-derruba-tres-postes-de-alta-tensao-em-aracaju\/","title":{"rendered":"Motorista se envolve em acidente e derruba tr\u00eas postes de alta tens\u00e3o em Aracaju"},"content":{"rendered":"<p style=\"text-align: justify;\">Na noite desta ter\u00e7a-feira (18), um motorista se envolveu em um acidente na Avenida Jos\u00e9 Carlos Silva, na Zona Sul de Aracaju, derrubando tr\u00eas postes de energia el\u00e9trica. N\u00e3o houve registro de pessoas feridas.<\/p>\n<p style=\"text-align: justify;\">De acordo com informa\u00e7\u00f5es da assessoria de comunica\u00e7\u00e3o da Superintend\u00eancia Municipal de Transportes e Tr\u00e2nsito (SMTT), os agentes foram acionados por volta das 19h40 para a ocorr\u00eancia. Devido \u00e0 presen\u00e7a de fios de alta tens\u00e3o na via, a pista da avenida &#8211; no sentido Bairro Atalaia &#8211; foi totalmente bloqueada at\u00e9 que a Energisa realizasse a manuten\u00e7\u00e3o no local.<\/p>\n<div id=\"attachment_124713\" style=\"width: 609px\" class=\"wp-caption alignnone\"><a href=\"https:\/\/senoticias.com.br\/se\/wp-content\/uploads\/2020\/08\/Acidente-en-Aracaju-SE-Noticias.jpg\"><img loading=\"lazy\" decoding=\"async\" aria-describedby=\"caption-attachment-124713\" class=\"size-full wp-image-124713\" src=\"https:\/\/senoticias.com.br\/se\/wp-content\/uploads\/2020\/08\/Acidente-en-Aracaju-SE-Noticias-e1597829607761.jpg\" alt=\"\" width=\"599\" height=\"375\" \/><\/a><p id=\"caption-attachment-124713\" class=\"wp-caption-text\">Agentes da SMTT foram acionados para a ocorr\u00eancia, na Zona Sul, que deixou a pista interrompida (foto: SMTT Aracaju)<\/p><\/div>\n<p style=\"text-align: justify;\">A SMTT informou ainda que o condutor apresentava forte descontrole emocional e foi encaminhado pelos agentes \u00e0 Delegacia Plantonista. O etil\u00f4metro apontou 0,7 mg\/l, sendo comprovada a embriaguez<\/p>\n<p style=\"text-align: justify;\">At\u00e9 por voltas das 23h30, a pista continuava interditada e os agentes de tr\u00e2nsito estavam no local orientando os condutores.<\/p>\n<p>&nbsp;<\/p>\n<p><a href=\"https:\/\/senoticias.com.br\/se\/wp-content\/uploads\/2020\/08\/Logo-SE-Noticias-1-1-e1597675148375.jpg\"><img loading=\"lazy\" decoding=\"async\" class=\"alignnone size-full wp-image-124612\" src=\"https:\/\/senoticias.com.br\/se\/wp-content\/uploads\/2020\/08\/Logo-SE-Noticias-1-1-e1597675148375.jpg\" alt=\"\" width=\"550\" height=\"72\" \/><\/a><\/p>\n<p>&nbsp;<\/p>\n<p><strong><em>Acompanhe tamb\u00e9m o SE Not\u00edcias no\u00a0<a href=\"https:\/\/twitter.com\/Senoticias\" target=\"_blank\" rel=\"noopener\">Twitter<\/a>,\u00a0<a href=\"https:\/\/www.facebook.com\/senoticias1\" target=\"_blank\" rel=\"noopener\">Facebook<\/a>\u00a0e no\u00a0<a href=\"https:\/\/www.instagram.com\/senoticias\/\" target=\"_blank\" rel=\"noopener\">Instagram<\/a><\/em><\/strong><\/p>\n<p>&nbsp;<\/p>\n<p><em>Mat\u00e9ria extra\u00edda do portal <a href=\"https:\/\/g1.globo.com\/se\/sergipe\/noticia\/2020\/08\/18\/motorista-se-envolve-em-acidente-e-derruba-dois-postes-de-alta-tensao-em-aracaju.ghtml\"><strong>G1<\/strong><\/a> SE<\/em><\/p>\n","protected":false},"excerpt":{"rendered":"<p>Na noite desta ter\u00e7a-feira (18), um motorista se envolveu em um acidente na Avenida Jos\u00e9 Carlos Silva, na Zona Sul de Aracaju, derrubando tr\u00eas postes de energia el\u00e9trica. N\u00e3o houve registro de pessoas feridas. De acordo com informa\u00e7\u00f5es da assessoria de comunica\u00e7\u00e3o da Superintend\u00eancia Municipal de Transportes e Tr\u00e2nsito (SMTT), os agentes foram acionados por [&hellip;]<\/p>\n","protected":false},"author":6557,"featured_media":124713,"comment_status":"closed","ping_status":"closed","sticky":false,"template":"","format":"standard","meta":{"footnotes":""},"categories":[15,6],"tags":[4203,15362,2979],"class_list":{"0":"post-124712","1":"post","2":"type-post","3":"status-publish","4":"format-standard","5":"has-post-thumbnail","7":"category-destaques","8":"category-politica","9":"tag-acidente-de-transito","10":"tag-carro-derruba-postes","11":"tag-smtt"},"_links":{"self":[{"href":"https:\/\/senoticias.com.br\/se\/wp-json\/wp\/v2\/posts\/124712"}],"collection":[{"href":"https:\/\/senoticias.com.br\/se\/wp-json\/wp\/v2\/posts"}],"about":[{"href":"https:\/\/senoticias.com.br\/se\/wp-json\/wp\/v2\/types\/post"}],"author":[{"embeddable":true,"href":"https:\/\/senoticias.com.br\/se\/wp-json\/wp\/v2\/users\/6557"}],"replies":[{"embeddable":true,"href":"https:\/\/senoticias.com.br\/se\/wp-json\/wp\/v2\/comments?post=124712"}],"version-history":[{"count":0,"href":"https:\/\/senoticias.com.br\/se\/wp-json\/wp\/v2\/posts\/124712\/revisions"}],"wp:featuredmedia":[{"embeddable":true,"href":"https:\/\/senoticias.com.br\/se\/wp-json\/wp\/v2\/media\/124713"}],"wp:attachment":[{"href":"https:\/\/senoticias.com.br\/se\/wp-json\/wp\/v2\/media?parent=124712"}],"wp:term":[{"taxonomy":"category","embeddable":true,"href":"https:\/\/senoticias.com.br\/se\/wp-json\/wp\/v2\/categories?post=124712"},{"taxonomy":"post_tag","embeddable":true,"href":"https:\/\/senoticias.com.br\/se\/wp-json\/wp\/v2\/tags?post=124712"}],"curies":[{"name":"wp","href":"https:\/\/api.w.org\/{rel}","templated":true}]}}