{"id":124704,"date":"2020-08-18T06:15:19","date_gmt":"2020-08-18T09:15:19","guid":{"rendered":"https:\/\/senoticias.com.br\/se\/?p=124704"},"modified":"2020-08-18T06:15:19","modified_gmt":"2020-08-18T09:15:19","slug":"boletim-aponta-que-itabaiana-saiu-do-pico-e-do-plato-da-pandemia","status":"publish","type":"post","link":"https:\/\/senoticias.com.br\/se\/boletim-aponta-que-itabaiana-saiu-do-pico-e-do-plato-da-pandemia\/","title":{"rendered":"Boletim aponta que Itabaiana saiu do pico e do plat\u00f4 da pandemia"},"content":{"rendered":"<p style=\"text-align: justify;\">Os dados do Boletim Epidemiol\u00f3gico da transmiss\u00e3o do Coronav\u00edrus em Itabaiana mostram que o munic\u00edpio saiu do pico epidemiol\u00f3gico da doen\u00e7a, com uma redu\u00e7\u00e3o, em apenas uma semana, de 61,1% do n\u00famero de novos casos notificados. Os dados foram coletados e divulgados nesta segunda-feira (17) pela Vigil\u00e2ncia Epidemiol\u00f3gica da Secretaria Municipal da Sa\u00fade (SMS) em parceria com a Universidade Federal de Sergipe (UFS) e corresponde \u00e0 33\u00aa semana epidemiol\u00f3gica.<\/p>\n<div id=\"attachment_124705\" style=\"width: 560px\" class=\"wp-caption aligncenter\"><a href=\"https:\/\/senoticias.com.br\/se\/wp-content\/uploads\/2020\/08\/itabaiana_sede_fotoportalinfonet_250520.jpg\"><img loading=\"lazy\" decoding=\"async\" aria-describedby=\"caption-attachment-124705\" class=\"size-full wp-image-124705\" src=\"https:\/\/senoticias.com.br\/se\/wp-content\/uploads\/2020\/08\/itabaiana_sede_fotoportalinfonet_250520.jpg\" alt=\"\" width=\"550\" height=\"365\" srcset=\"https:\/\/senoticias.com.br\/se\/wp-content\/uploads\/2020\/08\/itabaiana_sede_fotoportalinfonet_250520.jpg 550w, https:\/\/senoticias.com.br\/se\/wp-content\/uploads\/2020\/08\/itabaiana_sede_fotoportalinfonet_250520-300x199.jpg 300w, https:\/\/senoticias.com.br\/se\/wp-content\/uploads\/2020\/08\/itabaiana_sede_fotoportalinfonet_250520-90x60.jpg 90w, https:\/\/senoticias.com.br\/se\/wp-content\/uploads\/2020\/08\/itabaiana_sede_fotoportalinfonet_250520-180x120.jpg 180w, https:\/\/senoticias.com.br\/se\/wp-content\/uploads\/2020\/08\/itabaiana_sede_fotoportalinfonet_250520-95x64.jpg 95w\" sizes=\"(max-width: 550px) 100vw, 550px\" \/><\/a><p id=\"caption-attachment-124705\" class=\"wp-caption-text\">Itabaiana \u00e9 primeiro munic\u00edpio sergipano a sair do pico e do plat\u00f4 da pandemia, informa boletim da UFS (Foto: arquivo Portal Infonet)<\/p><\/div>\n<p style=\"text-align: justify;\">De acordo com o boletim, organizado por Ronaldo Santos, um dos professores da UFS que comp\u00f5e a equipe t\u00e9cnica da publica\u00e7\u00e3o, no dia 16 de agosto a m\u00e9dia m\u00f3vel di\u00e1ria (quando comparada \u00e0 m\u00e9dia m\u00f3vel de 15 dias anteriores) registrou uma diminui\u00e7\u00e3o de 38,4%. \u201cUma redu\u00e7\u00e3o maior que 15% marca a sa\u00edda do pico epidemiol\u00f3gico para o munic\u00edpio de Itabaiana\u201d, descreve o boletim.<\/p>\n<p style=\"text-align: justify;\">Al\u00e9m disso, a publica\u00e7\u00e3o da UFS confirma que Itabaiana est\u00e1 em sua terceira semana consecutiva de queda nos casos de novas notifica\u00e7\u00f5es, o que demonstra o sucesso das pol\u00edticas p\u00fablicas de sa\u00fade aplicadas no combate \u00e0 pandemia. \u201cDisse no in\u00edcio e repito: a hora \u00e9 de dar vez e voz \u00e0 ci\u00eancia. Decidimos pela testagem em massa, instalamos o Centro de Refer\u00eancia no Combate \u00e0 Covid-19, distribu\u00edmos 15 mil kits de prote\u00e7\u00e3o e nossas equipes, em todas as frentes, v\u00eam fazendo a sua parte. Ainda n\u00e3o vencemos o v\u00edrus, mas avan\u00e7amos muito e isso \u00e9 um al\u00edvio, pois estamos cuidando das pessoas e salvando vidas, sem tr\u00e9gua\u201d, avaliou o prefeito de Itabaiana, Valmir de Francisquinho.Itabaiana possui, tamb\u00e9m, a maior taxa de curados do estado, com 90,5% de pessoas recuperadas. Dos 4.016 casos notificados, 3.637 j\u00e1 foram curados. O munic\u00edpio representa uma das menores taxas de letalidade de Sergipe (2,0%), considerando o n\u00famero de \u00f3bitos confirmados e o n\u00famero de notifica\u00e7\u00f5es. Itabaiana \u00e9 a cidade que mais tem realizado testagens por 100 mil habitantes.<\/p>\n<p style=\"text-align: justify;\">O boletim alerta, ainda, que \u00e9 necess\u00e1rio que as medidas de enfrentamento continuem sendo adotadas para manter a redu\u00e7\u00e3o do n\u00famero de casos. Segundo ele, \u201ca sa\u00edda do pico epidemiol\u00f3gico deve ser analisada com cautela, uma vez que um novo avan\u00e7o do n\u00famero de casos (segunda onda) pode ocorrer se as medidas de sanitiza\u00e7\u00e3o e cuidados pessoais n\u00e3o forem mantidos\u201d, concluiu a publica\u00e7\u00e3o.<\/p>\n<p style=\"text-align: justify;\">Seguindo o que \u00e9 sugerido pelo Boletim Epidemiol\u00f3gico da UFS, o prefeito de Itabaiana faz coro aos profissionais da sa\u00fade. \u201cM\u00e1scara no rosto, m\u00e3os higienizadas, distanciamento social. Tudo isso \u00e9 simples, mas de uma import\u00e2ncia gigantesca. Ainda mais nesse momento em que os decretos do governo estadual est\u00e3o liberando o funcionamento de todas as atividades. Assim, a prefeitura vai seguir fazendo a sua parte. E seguiremos contando com o apoio de toda a popula\u00e7\u00e3o para vencermos esse momento t\u00e3o dif\u00edcil para toda a humanidade\u201d, finalizou o prefeito Valmir de Francisquinho.<\/p>\n<p style=\"text-align: justify;\">Fonte: Prefeitura de Itabaiana<\/p>\n<p><a href=\"https:\/\/senoticias.com.br\/se\/wp-content\/uploads\/2020\/08\/Logo-SE-Noticias-1.jpg\"><img loading=\"lazy\" decoding=\"async\" class=\"alignnone size-full wp-image-124608\" src=\"https:\/\/senoticias.com.br\/se\/wp-content\/uploads\/2020\/08\/Logo-SE-Noticias-1.jpg\" alt=\"\" width=\"599\" height=\"78\" srcset=\"https:\/\/senoticias.com.br\/se\/wp-content\/uploads\/2020\/08\/Logo-SE-Noticias-1.jpg 599w, https:\/\/senoticias.com.br\/se\/wp-content\/uploads\/2020\/08\/Logo-SE-Noticias-1-300x39.jpg 300w\" sizes=\"(max-width: 599px) 100vw, 599px\" \/><\/a>]<\/p>\n<p><strong><em>Acompanhe tamb\u00e9m o SE Not\u00edcias no\u00a0<a href=\"https:\/\/twitter.com\/Senoticias\" target=\"_blank\" rel=\"noopener\">Twitter<\/a>,\u00a0<a href=\"https:\/\/www.facebook.com\/senoticias1\" target=\"_blank\" rel=\"noopener\">Facebook<\/a>\u00a0e no\u00a0<a href=\"https:\/\/www.instagram.com\/senoticias\/\" target=\"_blank\" rel=\"noopener\">Instagram<\/a><\/em><\/strong><\/p>\n","protected":false},"excerpt":{"rendered":"<p>Os dados do Boletim Epidemiol\u00f3gico da transmiss\u00e3o do Coronav\u00edrus em Itabaiana mostram que o munic\u00edpio saiu do pico epidemiol\u00f3gico da doen\u00e7a, com uma redu\u00e7\u00e3o, em apenas uma semana, de 61,1% do n\u00famero de novos casos notificados. Os dados foram coletados e divulgados nesta segunda-feira (17) pela Vigil\u00e2ncia Epidemiol\u00f3gica da Secretaria Municipal da Sa\u00fade (SMS) em [&hellip;]<\/p>\n","protected":false},"author":6557,"featured_media":0,"comment_status":"closed","ping_status":"closed","sticky":false,"template":"","format":"standard","meta":{"footnotes":""},"categories":[15,38,20],"tags":[14877,5676,236,14369,15358],"class_list":{"0":"post-124704","1":"post","2":"type-post","3":"status-publish","4":"format-standard","6":"category-destaques","7":"category-municipios","8":"category-saude","9":"tag-aponta","10":"tag-boletim","11":"tag-itabaiana","12":"tag-pandemia","13":"tag-pico"},"_links":{"self":[{"href":"https:\/\/senoticias.com.br\/se\/wp-json\/wp\/v2\/posts\/124704"}],"collection":[{"href":"https:\/\/senoticias.com.br\/se\/wp-json\/wp\/v2\/posts"}],"about":[{"href":"https:\/\/senoticias.com.br\/se\/wp-json\/wp\/v2\/types\/post"}],"author":[{"embeddable":true,"href":"https:\/\/senoticias.com.br\/se\/wp-json\/wp\/v2\/users\/6557"}],"replies":[{"embeddable":true,"href":"https:\/\/senoticias.com.br\/se\/wp-json\/wp\/v2\/comments?post=124704"}],"version-history":[{"count":0,"href":"https:\/\/senoticias.com.br\/se\/wp-json\/wp\/v2\/posts\/124704\/revisions"}],"wp:attachment":[{"href":"https:\/\/senoticias.com.br\/se\/wp-json\/wp\/v2\/media?parent=124704"}],"wp:term":[{"taxonomy":"category","embeddable":true,"href":"https:\/\/senoticias.com.br\/se\/wp-json\/wp\/v2\/categories?post=124704"},{"taxonomy":"post_tag","embeddable":true,"href":"https:\/\/senoticias.com.br\/se\/wp-json\/wp\/v2\/tags?post=124704"}],"curies":[{"name":"wp","href":"https:\/\/api.w.org\/{rel}","templated":true}]}}