{"id":124677,"date":"2020-08-17T09:07:53","date_gmt":"2020-08-17T12:07:53","guid":{"rendered":"https:\/\/senoticias.com.br\/se\/?p=124677"},"modified":"2020-08-17T09:07:53","modified_gmt":"2020-08-17T12:07:53","slug":"jair-bolsonaro-vem-a-sergipe-para-inauguracao-da-termoeletrica","status":"publish","type":"post","link":"https:\/\/senoticias.com.br\/se\/jair-bolsonaro-vem-a-sergipe-para-inauguracao-da-termoeletrica\/","title":{"rendered":"Jair Bolsonaro vem a Sergipe para inaugura\u00e7\u00e3o da Termoel\u00e9trica"},"content":{"rendered":"<p style=\"text-align: justify;\">O presidente Jair Bolsonaro desembarca em Sergipe nesta segunda-feira, 17, para a inaugura\u00e7\u00e3o oficial junto ao Governo do Estado de Sergipe e \u00e0s Centrais El\u00e9tricas de Sergipe (Celse) da Usina Termoel\u00e9trica Porto do Sergipe, na Barra dos Coqueiros. Ele tamb\u00e9m far\u00e1 um sobrevoo de helic\u00f3ptero pelo terminal de GNL (o FSRU Golar Nanook), nas imedia\u00e7\u00f5es do Porto de Sergipe e da T\u00e9rmica.<\/p>\n<div id=\"attachment_124678\" style=\"width: 560px\" class=\"wp-caption aligncenter\"><a href=\"https:\/\/senoticias.com.br\/se\/wp-content\/uploads\/2020\/08\/bolsonaro_fotomarcelocamargo_ebc_140820.jpg\"><img loading=\"lazy\" decoding=\"async\" aria-describedby=\"caption-attachment-124678\" class=\"size-full wp-image-124678\" src=\"https:\/\/senoticias.com.br\/se\/wp-content\/uploads\/2020\/08\/bolsonaro_fotomarcelocamargo_ebc_140820.jpg\" alt=\"\" width=\"550\" height=\"329\" srcset=\"https:\/\/senoticias.com.br\/se\/wp-content\/uploads\/2020\/08\/bolsonaro_fotomarcelocamargo_ebc_140820.jpg 550w, https:\/\/senoticias.com.br\/se\/wp-content\/uploads\/2020\/08\/bolsonaro_fotomarcelocamargo_ebc_140820-300x179.jpg 300w\" sizes=\"(max-width: 550px) 100vw, 550px\" \/><\/a><p id=\"caption-attachment-124678\" class=\"wp-caption-text\">Bolsonaro vai a Sergipe participar de inaugura\u00e7\u00e3o de Usina Termoel\u00e9trica Porto do Sergipe (Foto: Marcelo Camargo\/Ag\u00eancia Brasil)<\/p><\/div>\n<p style=\"text-align: justify;\">A solenidade contar\u00e1 com a presen\u00e7a do o Ministro de Minas e Energia, Bento Costa Lima Leite de Albuquerque Junior, do Governador do Estado de Sergipe, Belivaldo Chagas, do CEO da Golar Power, Eduardo Antonello, do Presidente da Celse, Pedro Akos Litsek e do Deputado Federal, La\u00e9rcio Oliveira (PP-SE) e outras autoridades.<\/p>\n<p style=\"text-align: justify;\">A UTE Porto Sergipe I, localizada dentro da Termoel\u00e9trica, em Barra dos Coqueiros, entrou em opera\u00e7\u00e3o comercial em mar\u00e7o de 2020. O combust\u00edvel utilizado \u00e9 o g\u00e1s natural, trazido para Sergipe na forma de g\u00e1s natural liquefeito \u2013 GNL, e regaseificado na Unidade Flutuante de Armazenamento e Regaseifica\u00e7\u00e3o (FSRU), uma solu\u00e7\u00e3o mais eficaz e menos poluente na compara\u00e7\u00e3o com o diesel e o carv\u00e3o, j\u00e1 que reduz a emiss\u00e3o de gases em at\u00e9 90%. A usina, considerada uma das maiores da Am\u00e9rica Latina, tem capacidade de atender 15% da demanda de energia do Nordeste.Sergipe como vetor de desenvolvimento da ind\u00fastria nacional de petr\u00f3leo e g\u00e1s<\/p>\n<p style=\"text-align: justify;\">A cerim\u00f4nia de inaugura\u00e7\u00e3o refor\u00e7a o momento de transforma\u00e7\u00e3o de Sergipe em um ambiente promissor para as empresas que j\u00e1 est\u00e3o no estado, e para aquelas que t\u00eam interesse em se instalar na regi\u00e3o. O Estado tem se associado \u00e0s diretrizes do Novo Mercado de G\u00e1s, implantado pelo governo federal, seja por meio das altera\u00e7\u00f5es feitas na legisla\u00e7\u00e3o estadual para reduzir ou isentar de ICMS do g\u00e1s a atividade industrial ou at\u00e9 mesmo pelo novo Regulamento dos Servi\u00e7os Locais de G\u00e1s Canalizado do Estado de Sergipe, recentemente aprovado pelo Conselho Superior da Ag\u00eancia Reguladora de Servi\u00e7os P\u00fablicos do Estado de Sergipe (Agrese).<\/p>\n<p style=\"text-align: justify;\">Sergipe ter\u00e1 na pr\u00f3xima d\u00e9cada uma grande disponibilidade de g\u00e1s para ser utilizado a partir da produ\u00e7\u00e3o de petr\u00f3leo e g\u00e1s em \u00e1guas profundas do litoral do estado, com volume estimado que corresponde a mais de quatro vezes a atual capacidade de consumo da regi\u00e3o Nordeste do Brasil. O estado disp\u00f5e hoje do primeiro terminal privado de GNL integrante do projeto termoel\u00e9trico Porto de Sergipe, com capacidade de regaseifica\u00e7\u00e3o de at\u00e9 21 milh\u00f5es de m\u00b3\/dia e possibilidade de atendimento a diversas demandas de GNL e g\u00e1s natural.<\/p>\n<p style=\"text-align: justify;\">Em dezembro de 2019, o F\u00f3rum Sergipano de Petr\u00f3leo e G\u00e1s (FSP&amp;G), evento no qual foram lan\u00e7ados os primeiros caminh\u00f5es movidos 100% a GNL do Brasil, foi o primeiro marco desse movimento que culminou na inaugura\u00e7\u00e3o da Usina.<\/p>\n<p style=\"text-align: justify;\"><em>Com informa\u00e7\u00f5es da Assessoria de Imprensa\u00a0<\/em><\/p>\n<p><a href=\"https:\/\/senoticias.com.br\/se\/wp-content\/uploads\/2020\/08\/Logo-SE-Noticias-1.jpg\"><img loading=\"lazy\" decoding=\"async\" class=\"alignnone size-full wp-image-124608\" src=\"https:\/\/senoticias.com.br\/se\/wp-content\/uploads\/2020\/08\/Logo-SE-Noticias-1.jpg\" alt=\"\" width=\"599\" height=\"78\" srcset=\"https:\/\/senoticias.com.br\/se\/wp-content\/uploads\/2020\/08\/Logo-SE-Noticias-1.jpg 599w, https:\/\/senoticias.com.br\/se\/wp-content\/uploads\/2020\/08\/Logo-SE-Noticias-1-300x39.jpg 300w\" sizes=\"(max-width: 599px) 100vw, 599px\" \/><\/a><\/p>\n<p><strong><em>Acompanhe tamb\u00e9m o SE Not\u00edcias no\u00a0<a href=\"https:\/\/twitter.com\/Senoticias\" target=\"_blank\" rel=\"noopener\">Twitter<\/a>,\u00a0<a href=\"https:\/\/www.facebook.com\/senoticias1\" target=\"_blank\" rel=\"noopener\">Facebook<\/a>\u00a0e no\u00a0<a href=\"https:\/\/www.instagram.com\/senoticias\/\" target=\"_blank\" rel=\"noopener\">Instagram<\/a><\/em><\/strong><\/p>\n","protected":false},"excerpt":{"rendered":"<p>O presidente Jair Bolsonaro desembarca em Sergipe nesta segunda-feira, 17, para a inaugura\u00e7\u00e3o oficial junto ao Governo do Estado de Sergipe e \u00e0s Centrais El\u00e9tricas de Sergipe (Celse) da Usina Termoel\u00e9trica Porto do Sergipe, na Barra dos Coqueiros. Ele tamb\u00e9m far\u00e1 um sobrevoo de helic\u00f3ptero pelo terminal de GNL (o FSRU Golar Nanook), nas imedia\u00e7\u00f5es [&hellip;]<\/p>\n","protected":false},"author":6557,"featured_media":0,"comment_status":"closed","ping_status":"closed","sticky":false,"template":"","format":"standard","meta":{"footnotes":""},"categories":[15,6],"tags":[4239,6189,223,846],"class_list":{"0":"post-124677","1":"post","2":"type-post","3":"status-publish","4":"format-standard","6":"category-destaques","7":"category-politica","8":"tag-inauguracao","9":"tag-jair-bolsonaro","10":"tag-sergipe","11":"tag-termoeletrica"},"_links":{"self":[{"href":"https:\/\/senoticias.com.br\/se\/wp-json\/wp\/v2\/posts\/124677"}],"collection":[{"href":"https:\/\/senoticias.com.br\/se\/wp-json\/wp\/v2\/posts"}],"about":[{"href":"https:\/\/senoticias.com.br\/se\/wp-json\/wp\/v2\/types\/post"}],"author":[{"embeddable":true,"href":"https:\/\/senoticias.com.br\/se\/wp-json\/wp\/v2\/users\/6557"}],"replies":[{"embeddable":true,"href":"https:\/\/senoticias.com.br\/se\/wp-json\/wp\/v2\/comments?post=124677"}],"version-history":[{"count":0,"href":"https:\/\/senoticias.com.br\/se\/wp-json\/wp\/v2\/posts\/124677\/revisions"}],"wp:attachment":[{"href":"https:\/\/senoticias.com.br\/se\/wp-json\/wp\/v2\/media?parent=124677"}],"wp:term":[{"taxonomy":"category","embeddable":true,"href":"https:\/\/senoticias.com.br\/se\/wp-json\/wp\/v2\/categories?post=124677"},{"taxonomy":"post_tag","embeddable":true,"href":"https:\/\/senoticias.com.br\/se\/wp-json\/wp\/v2\/tags?post=124677"}],"curies":[{"name":"wp","href":"https:\/\/api.w.org\/{rel}","templated":true}]}}