{"id":124639,"date":"2020-08-13T11:51:57","date_gmt":"2020-08-13T14:51:57","guid":{"rendered":"https:\/\/senoticias.com.br\/se\/?p=124639"},"modified":"2020-08-13T11:54:32","modified_gmt":"2020-08-13T14:54:32","slug":"ibovespa-sobe-apos-surpresa-com-dado-americano-mas-preocupacao-com-ambiente-fiscal-segue-no-radar-dolar-cai","status":"publish","type":"post","link":"https:\/\/senoticias.com.br\/se\/ibovespa-sobe-apos-surpresa-com-dado-americano-mas-preocupacao-com-ambiente-fiscal-segue-no-radar-dolar-cai\/","title":{"rendered":"Ibovespa sobe ap\u00f3s surpresa com dado americano, mas preocupa\u00e7\u00e3o com ambiente fiscal segue no radar; d\u00f3lar cai"},"content":{"rendered":"<p style=\"text-align: justify;\">S\u00c3O PAULO \u2013 O Ibovespa opera em leve alta nesta quinta-feira (13), em meio ao dado de pedidos de seguro-desemprego nos EUA, que ficou abaixo de um milh\u00e3o pela primeira vez desde mar\u00e7o. Os investidores tamb\u00e9m est\u00e3o atentos \u00e0 continuidade das negocia\u00e7\u00f5es entre democratas e republicanos para um pacote de est\u00edmulos contra os impactos da pandemia.<\/p>\n<div id=\"attachment_124640\" style=\"width: 609px\" class=\"wp-caption alignnone\"><a href=\"https:\/\/senoticias.com.br\/se\/wp-content\/uploads\/2020\/08\/bolsa-Se-Noticias-e1597330042163.jpg\"><img loading=\"lazy\" decoding=\"async\" aria-describedby=\"caption-attachment-124640\" class=\"size-full wp-image-124640\" src=\"https:\/\/senoticias.com.br\/se\/wp-content\/uploads\/2020\/08\/bolsa-Se-Noticias-e1597330042163.jpg\" alt=\"\" width=\"599\" height=\"399\" \/><\/a><p id=\"caption-attachment-124640\" class=\"wp-caption-text\"><br \/>Mercado tem dia de alta em meio a indicadores positivos do mercado de trabalho americano<\/p><\/div>\n<p style=\"text-align: justify;\">No Brasil, a principal preocupa\u00e7\u00e3o \u00e9 com as medidas de cunho fiscal. O ministro da Economia, Paulo Guedes, quer evitar que a regra do teto de gastos seja flexibilizada, embora ocorra, dentro do governo, uma press\u00e3o para o aumento de gastos como forma de lidar com a pandemia do novo coronav\u00edrus.<\/p>\n<p style=\"text-align: justify;\">Outra agenda de Guedes \u00e9 a cria\u00e7\u00e3o da carteira de trabalho verde amarela, que permitiria a contrata\u00e7\u00e3o de trabalhadores pelo regime de horas. O objetivo \u00e9 estimular a cria\u00e7\u00e3o de novas vagas.<\/p>\n<p style=\"text-align: justify;\">Vale destacar que, na v\u00e9spera, Bolsonaro reuniu-se com Guedes e os presidentes da C\u00e2mara e do Senado para mostrar apoio ao ministro e defender o teto de gastos, em uma iniciativa ap\u00f3s a rea\u00e7\u00e3o negativa do mercado \u00e0 debandada de secret\u00e1rios, diante do receio de desidrata\u00e7\u00e3o da agenda liberal.<\/p>\n<p style=\"text-align: justify;\">Entre os indicadores nacionais, o volume de servi\u00e7os cresceu 5% em junho na compara\u00e7\u00e3o mensal e caiu 12,1% na base anual, mostrou a Pesquisa Mensal de Servi\u00e7os (PMS) do Instituto Brasileiro de Geografia e Estat\u00edstica (IBGE).<\/p>\n<p style=\"text-align: justify;\">\u00c0s 10h15 (hor\u00e1rio de Bras\u00edlia) o Ibovespa registrava leve alta de 0,79% a 102.926 pontos.<\/p>\n<p style=\"text-align: justify;\">O d\u00f3lar comercial cai 0,76% a R$ 5,4103 na compra e a R$ 5,4113 na venda. Enquanto isso, o d\u00f3lar futuro para setembro tem baixa de 0,28% a R$ 5,424.<\/p>\n<p style=\"text-align: justify;\">No mercado de juros futuros, o DI para janeiro de 2022 sobe cinco pontos-base a 2,75%, o DI para janeiro de 2023 registra ganhos de quatro pontos-base a 3,90% e o DI para janeiro de 2025 avan\u00e7a sete pontos-base a 5,69%.<\/p>\n<p style=\"text-align: justify;\">Tamb\u00e9m faz pre\u00e7o hoje a temporada de resultados, com alta de 10% da Marfrig depois do resultado da empresa no segundo trimestre.<\/p>\n<p style=\"text-align: justify;\"><strong>Ajuste fiscal<\/strong><\/p>\n<p style=\"text-align: justify;\">Para lidar com a press\u00e3o para mudan\u00e7as no testo de gastos, o ministro da Economia, Paulo Guedes, e lideran\u00e7as do Congresso querem acelerar a vota\u00e7\u00e3o de uma proposta que permite ao governo acionar em 2021 medidas de conten\u00e7\u00e3o dos gastos j\u00e1 previstas na Constitui\u00e7\u00e3o, al\u00e9m de criar novos freios para as contas p\u00fablicas, segundo reportagem do jornal \u201cO Estado de S\u00e3o Paulo\u201c.<\/p>\n<p style=\"text-align: justify;\">Entre as medidas que poderiam ser adotadas est\u00e3o a proibi\u00e7\u00e3o de cria\u00e7\u00e3o de despesas obrigat\u00f3rias (como sal\u00e1rios e o pagamento de benef\u00edcios da Previd\u00eancia), cria\u00e7\u00e3o de novos cargos, amplia\u00e7\u00e3o de benef\u00edcio tribut\u00e1rio (como isen\u00e7\u00f5es dadas a empresas e fam\u00edlias) e corte de ren\u00fancias j\u00e1 concedidas.<\/p>\n<p style=\"text-align: justify;\">Essas medidas corretivas seriam adotadas pelo governo automaticamente, j\u00e1 no ano que vem, e evitariam o estouro do teto de gastos \u2013 a regra que impede o crescimento das despesas acima da infla\u00e7\u00e3o.<\/p>\n<p style=\"text-align: justify;\">Apesar da tentativa de Guedes de manter o ajuste fiscal, h\u00e1 uma demanda, inclusive dentro do governo, para a expans\u00e3o dos gastos p\u00fablicos como resposta \u00e0 crise da pandemia da Covid-19.<\/p>\n<p style=\"text-align: justify;\"><strong>Carteira Verde Amarela<\/strong><\/p>\n<p style=\"text-align: justify;\">O governo federal quer afrouxar as regras de contrata\u00e7\u00e3o de trabalhadores permitindo que at\u00e9 metade dos empregados sejam pagos por hora trabalhada e n\u00e3o por um sal\u00e1rio mensal. Essa forma de contrata\u00e7\u00e3o seria a base da proposta da carteira verde e amarela, segundo reportagem publicada pelo portal UOL.<\/p>\n<p style=\"text-align: justify;\">O objetivo do governo seria estimular a cria\u00e7\u00e3o de novas vagas, sendo que o valor b\u00e1sico por hora trabalhada ser\u00e1 baseado no sal\u00e1rio m\u00ednimo (R$ 1.045 atualmente).<\/p>\n<p style=\"text-align: justify;\">As mudan\u00e7as na lei trabalhista, feitas em 2017, permitem o pagamento por hora no regime de trabalho intermitente. No entanto, nesse regime, o trabalho n\u00e3o pode ser cont\u00ednuo.<\/p>\n<p style=\"text-align: justify;\">Segundo a reportagem, a ideia do ministro da Economia, Paulo Guedes, \u00e9 que esse regime n\u00e3o desse direito a f\u00e9rias remuneradas, 13\u00ba sal\u00e1rio e recolhimento ao FGTS, mas t\u00e9cnicos da equipe econ\u00f4mica alertaram que esses benef\u00edcios s\u00e3o constitucionais e a proposta sofreria grande oposi\u00e7\u00e3o dos parlamentares.<\/p>\n<p style=\"text-align: justify;\"><strong>Radar corporativo<\/strong><\/p>\n<p style=\"text-align: justify;\">A Marfrig registrou lucro l\u00edquido de R$ 1,59 bilh\u00e3o no segundo trimestre, ante apenas R$ 86,5 milh\u00f5es em igual per\u00edodo do ano passado. Segundo a empresa, um melhor desempenho operacional e a demanda chinesa garantiram esse resultado.<\/p>\n<p style=\"text-align: justify;\">O Ebitda ajustado entre abril e junho ficou em R$ 4,1 bilh\u00f5es, alta de 266% no comparativo anual. A receita l\u00edquida consolidada foi de R$ 18,9 bilh\u00f5es, avan\u00e7o de 54% na compara\u00e7\u00e3o com igual per\u00edodo de 2019. Esse avan\u00e7o contou com a ajuda das exporta\u00e7\u00f5es da Am\u00e9rica do Sul para a \u00c1sia, que subiram 145% no trimestre.<\/p>\n<p style=\"text-align: justify;\">A empresa informou ainda que o pre\u00e7o m\u00e9dio de seus produtos subiu 18%, ante 11% do mercado.<\/p>\n<p style=\"text-align: justify;\">J\u00e1 a Ultrapar registrou lucro l\u00edquido de R$ 50 milh\u00f5es no segundo trimestre do ano, uma queda de 60% na compara\u00e7\u00e3o com igual per\u00edodo do ano passado. Esse resultado \u00e9 explicado pela queda de 18% das vendas de combust\u00edveis na rede de postos Ipiranga, um dos setores afetados pelas medidas de distanciamento social adotadas para frear o avan\u00e7o da Covid-19.<\/p>\n<p style=\"text-align: justify;\">O Ebitda ajustado da companhia foi de R$ 611 milh\u00f5es, queda de 14%.<\/p>\n<p style=\"text-align: justify;\">Ainda na temporada de balan\u00e7os, a Via Varejo, dona das marcas Casas Bahia e Ponto Frio, registrou lucro l\u00edquido de R$ 65 milh\u00f5es no segundo trimestre do ano, ante preju\u00edzo de R$ 162 milh\u00f5es em igual per\u00edodo de 2019.<\/p>\n<p style=\"text-align: justify;\">A receita l\u00edquida da empresa entre abril e junho foi de R$ 5,2 bilh\u00f5es, queda de 12,4% no comparativo anual. J\u00e1 o Ebitda ficou em R$ 532 milh\u00f5es, uma alta de 71,7%.<\/p>\n<p style=\"text-align: justify;\">E a varejista ainda vai entrar nos \u00edndices acion\u00e1rios MSCI, incluindo o Global Standard. A revis\u00e3o trimestral contou com a entrada da Via Varejo e a exclus\u00e3o da brMalls.<\/p>\n<p style=\"text-align: justify;\">No MSCI Global Small Caps, considerando apenas as mudan\u00e7as nos pap\u00e9is brasileiros, foram inclu\u00eddas as a\u00e7\u00f5es de brMalls e exclu\u00eddo o papel da Via Varejo.<\/p>\n<p style=\"text-align: justify;\">Essas mudan\u00e7as entram em vigor no dia 31 de agosto.<\/p>\n<p style=\"text-align: justify;\">(Com Ag\u00eancia Estado e Bloomberg)<\/p>\n<p><a href=\"https:\/\/senoticias.com.br\/se\/wp-content\/uploads\/2020\/08\/Logo-SE-Noticias-1.jpg\"><img loading=\"lazy\" decoding=\"async\" class=\"alignnone size-full wp-image-124608\" src=\"https:\/\/senoticias.com.br\/se\/wp-content\/uploads\/2020\/08\/Logo-SE-Noticias-1.jpg\" alt=\"\" width=\"599\" height=\"78\" srcset=\"https:\/\/senoticias.com.br\/se\/wp-content\/uploads\/2020\/08\/Logo-SE-Noticias-1.jpg 599w, https:\/\/senoticias.com.br\/se\/wp-content\/uploads\/2020\/08\/Logo-SE-Noticias-1-300x39.jpg 300w\" sizes=\"(max-width: 599px) 100vw, 599px\" \/><\/a><\/p>\n<p><strong><em>Acompanhe tamb\u00e9m o SE Not\u00edcias no\u00a0<a href=\"https:\/\/twitter.com\/Senoticias\" target=\"_blank\" rel=\"noopener\">Twitter<\/a>,\u00a0<a href=\"https:\/\/www.facebook.com\/senoticias1\" target=\"_blank\" rel=\"noopener\">Facebook<\/a>\u00a0e no\u00a0<a href=\"https:\/\/www.instagram.com\/senoticias\/\" target=\"_blank\" rel=\"noopener\">Instagram<\/a><\/em><\/strong><\/p>\n<p>Mat\u00e9ria extra\u00edda do <a href=\"https:\/\/www.infomoney.com.br\/mercados\/ibovespa-sobe-apos-surpresa-com-dado-americano-mas-preocupacao-com-ambiente-fiscal-segue-no-radar-dolar-cai\/\"><strong>site<\/strong><\/a> InfoMoney<\/p>\n","protected":false},"excerpt":{"rendered":"<p>S\u00c3O PAULO \u2013 O Ibovespa opera em leve alta nesta quinta-feira (13), em meio ao dado de pedidos de seguro-desemprego nos EUA, que ficou abaixo de um milh\u00e3o pela primeira vez desde mar\u00e7o. Os investidores tamb\u00e9m est\u00e3o atentos \u00e0 continuidade das negocia\u00e7\u00f5es entre democratas e republicanos para um pacote de est\u00edmulos contra os impactos da [&hellip;]<\/p>\n","protected":false},"author":6557,"featured_media":0,"comment_status":"closed","ping_status":"closed","sticky":false,"template":"","format":"standard","meta":{"footnotes":""},"categories":[15,2961],"tags":[8135,3272,15331,3829,15332,10982],"class_list":{"0":"post-124639","1":"post","2":"type-post","3":"status-publish","4":"format-standard","6":"category-destaques","7":"category-nacional","8":"tag-bolsa-de-valores","9":"tag-bolsonaro","10":"tag-dolar-cai","11":"tag-economia","12":"tag-ibovespa","13":"tag-paulo-guedes"},"_links":{"self":[{"href":"https:\/\/senoticias.com.br\/se\/wp-json\/wp\/v2\/posts\/124639"}],"collection":[{"href":"https:\/\/senoticias.com.br\/se\/wp-json\/wp\/v2\/posts"}],"about":[{"href":"https:\/\/senoticias.com.br\/se\/wp-json\/wp\/v2\/types\/post"}],"author":[{"embeddable":true,"href":"https:\/\/senoticias.com.br\/se\/wp-json\/wp\/v2\/users\/6557"}],"replies":[{"embeddable":true,"href":"https:\/\/senoticias.com.br\/se\/wp-json\/wp\/v2\/comments?post=124639"}],"version-history":[{"count":0,"href":"https:\/\/senoticias.com.br\/se\/wp-json\/wp\/v2\/posts\/124639\/revisions"}],"wp:attachment":[{"href":"https:\/\/senoticias.com.br\/se\/wp-json\/wp\/v2\/media?parent=124639"}],"wp:term":[{"taxonomy":"category","embeddable":true,"href":"https:\/\/senoticias.com.br\/se\/wp-json\/wp\/v2\/categories?post=124639"},{"taxonomy":"post_tag","embeddable":true,"href":"https:\/\/senoticias.com.br\/se\/wp-json\/wp\/v2\/tags?post=124639"}],"curies":[{"name":"wp","href":"https:\/\/api.w.org\/{rel}","templated":true}]}}