{"id":124625,"date":"2020-08-12T16:06:57","date_gmt":"2020-08-12T19:06:57","guid":{"rendered":"https:\/\/senoticias.com.br\/se\/?p=124625"},"modified":"2020-08-12T16:06:57","modified_gmt":"2020-08-12T19:06:57","slug":"ceasa-de-itabaiana-ira-gerar-cerca-de-600-postos-de-trabalho","status":"publish","type":"post","link":"https:\/\/senoticias.com.br\/se\/ceasa-de-itabaiana-ira-gerar-cerca-de-600-postos-de-trabalho\/","title":{"rendered":"Ceasa de Itabaiana ir\u00e1 gerar cerca de 600 postos de trabalho"},"content":{"rendered":"<p style=\"text-align: justify;\">Estudos preliminares do Governo de Sergipe indicam que na nova Central de Abastecimento (Ceasa) de Itabaiana ir\u00e1 abrir cerca de 600 postos de trabalho, al\u00e9m de oportunizar servi\u00e7os remunerados indiretos relacionados \u00e0 log\u00edstica de carga e descarga de alimentos e transporte, gerando novas oportunidades de gera\u00e7\u00e3o de renda para a popula\u00e7\u00e3o. Cada vez mais perto de entrar em funcionamento, a Ceasa j\u00e1 tem concession\u00e1ria definida, ap\u00f3s realiza\u00e7\u00e3o de licita\u00e7\u00e3o, e \u00e9 o primeiro projeto do Programa de Parcerias P\u00fablico-Privadas (PPP) do governo do Estado. O contrato de concess\u00e3o de uso foi assinado com a Iconbras (Inova\u00e7\u00e3o em Concess\u00f5es do Brasil SPE Ltda.) pelo governador Belivaldo Chagas, na \u00faltima semana.<\/p>\n<div id=\"attachment_124626\" style=\"width: 560px\" class=\"wp-caption aligncenter\"><a href=\"https:\/\/senoticias.com.br\/se\/wp-content\/uploads\/2020\/08\/Ceasa-de-itabaiana_foto_seagri_12082020.jpg\"><img loading=\"lazy\" decoding=\"async\" aria-describedby=\"caption-attachment-124626\" class=\"size-full wp-image-124626\" src=\"https:\/\/senoticias.com.br\/se\/wp-content\/uploads\/2020\/08\/Ceasa-de-itabaiana_foto_seagri_12082020.jpg\" alt=\"\" width=\"550\" height=\"330\" srcset=\"https:\/\/senoticias.com.br\/se\/wp-content\/uploads\/2020\/08\/Ceasa-de-itabaiana_foto_seagri_12082020.jpg 550w, https:\/\/senoticias.com.br\/se\/wp-content\/uploads\/2020\/08\/Ceasa-de-itabaiana_foto_seagri_12082020-300x180.jpg 300w\" sizes=\"(max-width: 550px) 100vw, 550px\" \/><\/a><p id=\"caption-attachment-124626\" class=\"wp-caption-text\">A estimativa \u00e9 que sejam internalizadas 6.800 toneladas de alimentos hortifr\u00fati e carnes de modo geral (Foto: Seagri)<\/p><\/div>\n<p style=\"text-align: justify;\">A empresa dever\u00e1 modernizar, manter e administrar o espa\u00e7o, que \u00e9 alvo de grandes expectativas dos produtores da regi\u00e3o, enquanto canal impulsionador para o escoamento da produ\u00e7\u00e3o agr\u00edcola do Agreste, j\u00e1 conhecido pela for\u00e7a do seu com\u00e9rcio. Outro aspecto importante, segundo o estudo, \u00e9 o aumento no volume de mercadorias comercializadas. A estimativa \u00e9 que sejam internalizadas 6.800 toneladas de alimentos hortifr\u00fati e carnes de modo geral, mas com expectativa concreta de amplia\u00e7\u00e3o, visto que na regi\u00e3o existem dois per\u00edmetros irrigados da Cohidro que, juntos, j\u00e1 chegaram a produzir em m\u00e9dia mais de 20 mil toneladas.<\/p>\n<p style=\"text-align: justify;\">Segundo o governador Belivaldo Chagas, a Ceasa de Itabaiana resulta de um investimento de mais de R$ 30 milh\u00f5es. \u201cOs feirantes e clientes v\u00e3o poder desfrutar de um espa\u00e7o amplo e moderno para organizar os produtos e abastecer as feiras dos povoados e munic\u00edpios pr\u00f3ximos. Quando a empresa passar a administrar a Ceasa de Itabaiana, ela vai fazer investimentos de mais aproximadamente R$ 9 milh\u00f5es de reais. A Ceasa impulsionar\u00e1 o com\u00e9rcio da regi\u00e3o\u201d, pontuou o governador. O administrador da Iconbras, Bruno Barreto, reconheceu a qualidade da estrutura que j\u00e1 est\u00e1 pronta no local. \u201cA estrutura que existe na Ceasa de Itabaiana, hoje, \u00e9 uma estrutura muito boa. \u00c9 uma estrutura que, realmente, precisa somente ser adequada a algumas atividades. Por isso vamos fazer investimentos adicionais. E a\u00ed a gente vai aplicar tamb\u00e9m em toda a parte operacional\u201d, afirmou.Produtores e comerciantes se mostram confiantes. O produtor Jos\u00e9 Carlos Nascimento, vem de uma gera\u00e7\u00e3o de pais irrigantes no per\u00edmetro Jacarecica I e reafirma a import\u00e2ncia da Ceasa para quem planta. \u201cVai ter mais facilidade para comercializar nossa produ\u00e7\u00e3o, com pre\u00e7os melhores para os feirantes de nossa regi\u00e3o, evitando pagar frete para feiras distantes\u201d, diz o produtor. O produtor Jos\u00e9 Wilson, que comercializa hortifr\u00fati h\u00e1 mais de 15 anos no mercado de Itabaiana, conta que se apressou em fazer o cadastro para comercializar na Ceasa, porque v\u00ea vantagens no novo espa\u00e7o.<\/p>\n<p style=\"text-align: justify;\">\u201cSou comerciante de verduras no mercad\u00e3o de Itabaiana, trabalho com uma variedade de hortali\u00e7as como repolho roxo e verde, acelga, berinjela, abobrinha, chuchu, pepino, piment\u00e3o. Acho que a Ceasa vai ser de grande vantagem pra n\u00f3s, uma benfeitoria. Estive l\u00e1 para conhecer e vi que vai ter ag\u00eancia banc\u00e1ria que ajudando na seguran\u00e7a, tem vigilante, tem espa\u00e7o para descarregar o caminh\u00e3o com facilidade, o ponto de venda \u00e9 coberto e tem limpeza \u2013 tudo que n\u00e3o temos hoje. Porque quem trabalha aqui mercad\u00e3o sabe que o espa\u00e7o \u00e9 pequeno, n\u00e3o tem como descarregar as mercadorias pr\u00f3ximo, n\u00e3o tem seguran\u00e7a e comercializamos no meio da rua. Por todas essas vantagens que j\u00e1 fiz meu cadastro no CEASA e estou incentivando outros colegas a fazer o mesmo\u201d, conta Jos\u00e9 Wilson.<\/p>\n<p style=\"text-align: justify;\">A Secretaria de Estado da Agricultura, Desenvolvimento Agr\u00e1rio e da Pesca (Seagri) ser\u00e1 a respons\u00e1vel por coordenar o processo de concess\u00e3o de uso da CEASA Itabaiana, conforme decreto n\u00ba 40.516\/2020. Segundo o dispositivo, a Seagri dever\u00e1 fiscalizar, acompanhar, normatizar e gerir o contrato, cumprindo seu papel na operacionaliza\u00e7\u00e3o da atividade de escoamento de produtos agr\u00edcolas e de oferta de alimentos. O secret\u00e1rio de Estado da Agricultura, Andr\u00e9 Bomfim, comemorou e destacou a relev\u00e2ncia da concess\u00e3o. \u201cA popula\u00e7\u00e3o vai ter mais uma op\u00e7\u00e3o de aquisi\u00e7\u00e3o de alimentos e por isso a gente espera que toda a Agricultura saia fortalecida desse processo. \u00c9 motivo de comemora\u00e7\u00e3o tamb\u00e9m a cria\u00e7\u00e3o de dezenas de empregos, diretos e indiretos, que a Central vai gerar na regi\u00e3o e tem odo estado\u201d, conclui Andr\u00e9 Bomfim, que realizou nova visita na Ceasa na \u00faltima quinta-feira (06), para acompanhar de perto o andamento das atividades no local.<\/p>\n<p style=\"text-align: justify;\">Fonte: Seagri<\/p>\n<p><a href=\"https:\/\/senoticias.com.br\/se\/wp-content\/uploads\/2020\/08\/Logo-SE-Noticias-1.jpg\"><img loading=\"lazy\" decoding=\"async\" class=\"alignnone size-full wp-image-124608\" src=\"https:\/\/senoticias.com.br\/se\/wp-content\/uploads\/2020\/08\/Logo-SE-Noticias-1.jpg\" alt=\"\" width=\"599\" height=\"78\" srcset=\"https:\/\/senoticias.com.br\/se\/wp-content\/uploads\/2020\/08\/Logo-SE-Noticias-1.jpg 599w, https:\/\/senoticias.com.br\/se\/wp-content\/uploads\/2020\/08\/Logo-SE-Noticias-1-300x39.jpg 300w\" sizes=\"(max-width: 599px) 100vw, 599px\" \/><\/a><\/p>\n<p><strong><em>Acompanhe tamb\u00e9m o SE Not\u00edcias no\u00a0<a href=\"https:\/\/twitter.com\/Senoticias\" target=\"_blank\" rel=\"noopener\">Twitter<\/a>,\u00a0<a href=\"https:\/\/www.facebook.com\/senoticias1\" target=\"_blank\" rel=\"noopener\">Facebook<\/a>\u00a0e no\u00a0<a href=\"https:\/\/www.instagram.com\/senoticias\/\" target=\"_blank\" rel=\"noopener\">Instagram<\/a><\/em><\/strong><\/p>\n","protected":false},"excerpt":{"rendered":"<p>Estudos preliminares do Governo de Sergipe indicam que na nova Central de Abastecimento (Ceasa) de Itabaiana ir\u00e1 abrir cerca de 600 postos de trabalho, al\u00e9m de oportunizar servi\u00e7os remunerados indiretos relacionados \u00e0 log\u00edstica de carga e descarga de alimentos e transporte, gerando novas oportunidades de gera\u00e7\u00e3o de renda para a popula\u00e7\u00e3o. Cada vez mais perto [&hellip;]<\/p>\n","protected":false},"author":6557,"featured_media":0,"comment_status":"closed","ping_status":"closed","sticky":false,"template":"","format":"standard","meta":{"footnotes":""},"categories":[15,10],"tags":[6571,15321,236,4832,1612],"class_list":{"0":"post-124625","1":"post","2":"type-post","3":"status-publish","4":"format-standard","6":"category-destaques","7":"category-empregos","8":"tag-ceasa","9":"tag-gera","10":"tag-itabaiana","11":"tag-postos","12":"tag-trabalho"},"_links":{"self":[{"href":"https:\/\/senoticias.com.br\/se\/wp-json\/wp\/v2\/posts\/124625"}],"collection":[{"href":"https:\/\/senoticias.com.br\/se\/wp-json\/wp\/v2\/posts"}],"about":[{"href":"https:\/\/senoticias.com.br\/se\/wp-json\/wp\/v2\/types\/post"}],"author":[{"embeddable":true,"href":"https:\/\/senoticias.com.br\/se\/wp-json\/wp\/v2\/users\/6557"}],"replies":[{"embeddable":true,"href":"https:\/\/senoticias.com.br\/se\/wp-json\/wp\/v2\/comments?post=124625"}],"version-history":[{"count":0,"href":"https:\/\/senoticias.com.br\/se\/wp-json\/wp\/v2\/posts\/124625\/revisions"}],"wp:attachment":[{"href":"https:\/\/senoticias.com.br\/se\/wp-json\/wp\/v2\/media?parent=124625"}],"wp:term":[{"taxonomy":"category","embeddable":true,"href":"https:\/\/senoticias.com.br\/se\/wp-json\/wp\/v2\/categories?post=124625"},{"taxonomy":"post_tag","embeddable":true,"href":"https:\/\/senoticias.com.br\/se\/wp-json\/wp\/v2\/tags?post=124625"}],"curies":[{"name":"wp","href":"https:\/\/api.w.org\/{rel}","templated":true}]}}