{"id":124614,"date":"2020-08-12T09:19:41","date_gmt":"2020-08-12T12:19:41","guid":{"rendered":"https:\/\/senoticias.com.br\/se\/?p=124614"},"modified":"2020-08-12T09:19:41","modified_gmt":"2020-08-12T12:19:41","slug":"pesquisa-mostra-impactos-socioeconomicos-ocasionados-pela-covid-19-nos-empreendimentos-turisticos-de-aracaju","status":"publish","type":"post","link":"https:\/\/senoticias.com.br\/se\/pesquisa-mostra-impactos-socioeconomicos-ocasionados-pela-covid-19-nos-empreendimentos-turisticos-de-aracaju\/","title":{"rendered":"Pesquisa mostra impactos socioecon\u00f4micos ocasionados pela covid-19 nos empreendimentos tur\u00edsticos de Aracaju"},"content":{"rendered":"<p style=\"text-align: justify;\">Uma pesquisa realizada por tr\u00eas professores universit\u00e1rios mostra os dados dos impactos socioecon\u00f4micos gerados pela covid-19 nos <strong>empreendimentos tur\u00edsticos<\/strong> da capital sergipana. O estudo teve como foco principal o impacto econ\u00f4mico, medidas governamentais para a crise e pol\u00edticas p\u00fablicas para a retomada do turismo.<\/p>\n<div id=\"attachment_124615\" style=\"width: 560px\" class=\"wp-caption aligncenter\"><a href=\"https:\/\/senoticias.com.br\/se\/wp-content\/uploads\/2020\/08\/Pesquisa.png\"><img loading=\"lazy\" decoding=\"async\" aria-describedby=\"caption-attachment-124615\" class=\"wp-image-124615\" src=\"https:\/\/senoticias.com.br\/se\/wp-content\/uploads\/2020\/08\/Pesquisa.png\" alt=\"\" width=\"550\" height=\"247\" srcset=\"https:\/\/senoticias.com.br\/se\/wp-content\/uploads\/2020\/08\/Pesquisa.png 1231w, https:\/\/senoticias.com.br\/se\/wp-content\/uploads\/2020\/08\/Pesquisa-300x135.png 300w, https:\/\/senoticias.com.br\/se\/wp-content\/uploads\/2020\/08\/Pesquisa-768x345.png 768w, https:\/\/senoticias.com.br\/se\/wp-content\/uploads\/2020\/08\/Pesquisa-1024x460.png 1024w\" sizes=\"(max-width: 550px) 100vw, 550px\" \/><\/a><p id=\"caption-attachment-124615\" class=\"wp-caption-text\">Foto: Capa, pesquisa. Enviada pelos autores do artigo<\/p><\/div>\n<p style=\"text-align: justify;\">\nCom os <strong>dados coletados<\/strong> atrav\u00e9s de um question\u00e1rio on-line autoadministrado, os autores do artigo, M\u00f4nica Maria Liberato, Francisco Sandro Rodrigues Holanda, Denio Santos Azevado, obtiveram 76 respostas v\u00e1lidas para a an\u00e1lise que foi realizada por meio da estat\u00edstica descritiva.<\/p>\n<p><em><strong>A tabela explicativa abaixo mostra o impacto econ\u00f4mico nos empreendimentos dos participantes:<\/strong><\/em><\/p>\n<div id=\"attachment_124616\" style=\"width: 560px\" class=\"wp-caption aligncenter\"><a href=\"https:\/\/senoticias.com.br\/se\/wp-content\/uploads\/2020\/08\/Tabela-explicativa-e1597233342229.jpg\"><img loading=\"lazy\" decoding=\"async\" aria-describedby=\"caption-attachment-124616\" class=\"size-full wp-image-124616\" src=\"https:\/\/senoticias.com.br\/se\/wp-content\/uploads\/2020\/08\/Tabela-explicativa-e1597233342229.jpg\" alt=\"\" width=\"550\" height=\"314\" \/><\/a><p id=\"caption-attachment-124616\" class=\"wp-caption-text\">Dos 76 empres\u00e1rios que responderam, 2 tiveram uma perda de 26 a 50% do faturamento, 14 tiveram entre 51 % a 75% e 44 empres\u00e1rios tiveram mais 76% de redu\u00e7\u00e3o no faturamento.<\/p><\/div>\n<p style=\"text-align: center;\"><strong>Caracteriza\u00e7\u00e3o da amostra:<\/strong><\/p>\n<div id=\"attachment_124617\" style=\"width: 560px\" class=\"wp-caption aligncenter\"><a href=\"https:\/\/senoticias.com.br\/se\/wp-content\/uploads\/2020\/08\/Tebela-e1597233525515.png\"><img loading=\"lazy\" decoding=\"async\" aria-describedby=\"caption-attachment-124617\" class=\"size-full wp-image-124617\" src=\"https:\/\/senoticias.com.br\/se\/wp-content\/uploads\/2020\/08\/Tebela-e1597233525515.png\" alt=\"\" width=\"550\" height=\"250\" \/><\/a><p id=\"caption-attachment-124617\" class=\"wp-caption-text\">Nota: n=76; fi= frequ\u00eancia \/ Fonte: Liberato, Holanda, Azevedo, 2020.<\/p><\/div>\n<p style=\"text-align: center;\"><strong>Resultado &#8211; Caracteriza\u00e7\u00e3o da amostra\u00a0<\/strong><\/p>\n<div id=\"attachment_124618\" style=\"width: 560px\" class=\"wp-caption aligncenter\"><a href=\"https:\/\/senoticias.com.br\/se\/wp-content\/uploads\/2020\/08\/Resultado-de-amostra-dos-empreendimentos-e1597233738385.png\"><img loading=\"lazy\" decoding=\"async\" aria-describedby=\"caption-attachment-124618\" class=\"size-full wp-image-124618\" src=\"https:\/\/senoticias.com.br\/se\/wp-content\/uploads\/2020\/08\/Resultado-de-amostra-dos-empreendimentos-e1597233738385.png\" alt=\"\" width=\"550\" height=\"257\" \/><\/a><p id=\"caption-attachment-124618\" class=\"wp-caption-text\">Nota: n=76; fi= frequ\u00eancia \/ Fonte: Liberato, Holanda, Azevedo, 2020.<\/p><\/div>\n<p><strong>Resultado &#8211; Caracteriza\u00e7\u00e3o da amostra<\/strong><\/p>\n<div id=\"attachment_124619\" style=\"width: 560px\" class=\"wp-caption aligncenter\"><a href=\"https:\/\/senoticias.com.br\/se\/wp-content\/uploads\/2020\/08\/resultado-e1597233910985.png\"><img loading=\"lazy\" decoding=\"async\" aria-describedby=\"caption-attachment-124619\" class=\"wp-image-124619 size-full\" src=\"https:\/\/senoticias.com.br\/se\/wp-content\/uploads\/2020\/08\/resultado-e1597233910985.png\" alt=\"\" width=\"550\" height=\"293\" \/><\/a><p id=\"caption-attachment-124619\" class=\"wp-caption-text\">\u00a0Nota: n=76; fi= frequ\u00eancia \/ Fonte: Liberato, Holanda, Azevedo, 2020<\/p><\/div>\n<p style=\"text-align: center;\"><strong>Resultado-Caracteriza\u00e7\u00e3o de amostra<\/strong><\/p>\n<div id=\"attachment_124620\" style=\"width: 560px\" class=\"wp-caption aligncenter\"><a href=\"https:\/\/senoticias.com.br\/se\/wp-content\/uploads\/2020\/08\/R-e1597234123415.png\"><img loading=\"lazy\" decoding=\"async\" aria-describedby=\"caption-attachment-124620\" class=\"size-full wp-image-124620\" src=\"https:\/\/senoticias.com.br\/se\/wp-content\/uploads\/2020\/08\/R-e1597234123415.png\" alt=\"\" width=\"550\" height=\"297\" \/><\/a><p id=\"caption-attachment-124620\" class=\"wp-caption-text\">Nota: n=76; fi= frequ\u00eancia \/ Fonte: Liberato, Holanda, Azevedo, 2020<\/p><\/div>\n<p style=\"text-align: center;\"><strong>Medidas do Governo relevantes na crise\u00a0<\/strong><\/p>\n<div id=\"attachment_124621\" style=\"width: 560px\" class=\"wp-caption aligncenter\"><a href=\"https:\/\/senoticias.com.br\/se\/wp-content\/uploads\/2020\/08\/Medidas-do-Governo-e1597234300615.png\"><img loading=\"lazy\" decoding=\"async\" aria-describedby=\"caption-attachment-124621\" class=\"size-full wp-image-124621\" src=\"https:\/\/senoticias.com.br\/se\/wp-content\/uploads\/2020\/08\/Medidas-do-Governo-e1597234300615.png\" alt=\"\" width=\"550\" height=\"283\" \/><\/a><p id=\"caption-attachment-124621\" class=\"wp-caption-text\">Nota: n= 106; fi= frequ\u00eancia \/ Nota: n=76; Fonte: Liberato, fi= frequ\u00eancia \/ Holnda, Azevedo, 2020<\/p><\/div>\n<p style=\"text-align: center;\"><strong>Resultado &#8211; Pol\u00edticas P\u00fablicas para a retomada do turismo\u00a0<\/strong><\/p>\n<div id=\"attachment_124622\" style=\"width: 560px\" class=\"wp-caption aligncenter\"><a href=\"https:\/\/senoticias.com.br\/se\/wp-content\/uploads\/2020\/08\/Pol\u00edticas-P\u00fablicas-e1597234431747.png\"><img loading=\"lazy\" decoding=\"async\" aria-describedby=\"caption-attachment-124622\" class=\"size-full wp-image-124622\" src=\"https:\/\/senoticias.com.br\/se\/wp-content\/uploads\/2020\/08\/Pol\u00edticas-P\u00fablicas-e1597234431747.png\" alt=\"\" width=\"550\" height=\"275\" \/><\/a><p id=\"caption-attachment-124622\" class=\"wp-caption-text\">Nota: n= 105; fi= frequ\u00eancia \/ Nota: n=76; Fonte: Liberato, fi= frequ\u00eancia \/ Holanda, Azevedo, 2020 Fonte: Liberato, Holanda, Azevedo, 2020. .<\/p><\/div>\n<p>Para ver o artigo na \u00edntegra, <a href=\"file:\/\/\/C:\/Users\/PC\/Downloads\/apresenta%C3%A7%C3%A3o%20da%20pesquisa%20(3).pdf\"><strong>clique aqui<\/strong><\/a><\/p>\n<p><em>Por SE Not\u00edcias, com informa\u00e7\u00f5es do autores do artigo\u00a0<\/em><\/p>\n<p><a href=\"https:\/\/senoticias.com.br\/se\/wp-content\/uploads\/2020\/07\/Logo-SE-Noticias-1.jpg\"><img loading=\"lazy\" decoding=\"async\" class=\"alignnone size-full wp-image-124377\" src=\"https:\/\/senoticias.com.br\/se\/wp-content\/uploads\/2020\/07\/Logo-SE-Noticias-1.jpg\" alt=\"\" width=\"599\" height=\"78\" srcset=\"https:\/\/senoticias.com.br\/se\/wp-content\/uploads\/2020\/07\/Logo-SE-Noticias-1.jpg 599w, https:\/\/senoticias.com.br\/se\/wp-content\/uploads\/2020\/07\/Logo-SE-Noticias-1-300x39.jpg 300w\" sizes=\"(max-width: 599px) 100vw, 599px\" \/><\/a><\/p>\n<p><strong><em>Acompanhe tamb\u00e9m o SE Not\u00edcias no\u00a0<a href=\"https:\/\/twitter.com\/Senoticias\" target=\"_blank\" rel=\"noopener\">Twitter<\/a>,\u00a0<a href=\"https:\/\/www.facebook.com\/senoticias1\" target=\"_blank\" rel=\"noopener\">Facebook<\/a>\u00a0e no\u00a0<a href=\"https:\/\/www.instagram.com\/senoticias\/\" target=\"_blank\" rel=\"noopener\">Instagram<\/a><\/em><\/strong><\/p>\n","protected":false},"excerpt":{"rendered":"<p>Uma pesquisa realizada por tr\u00eas professores universit\u00e1rios mostra os dados dos impactos socioecon\u00f4micos gerados pela covid-19 nos empreendimentos tur\u00edsticos da capital sergipana. O estudo teve como foco principal o impacto econ\u00f4mico, medidas governamentais para a crise e pol\u00edticas p\u00fablicas para a retomada do turismo. Com os dados coletados atrav\u00e9s de um question\u00e1rio on-line autoadministrado, os [&hellip;]<\/p>\n","protected":false},"author":6557,"featured_media":0,"comment_status":"closed","ping_status":"closed","sticky":false,"template":"","format":"standard","meta":{"footnotes":""},"categories":[37,15,42],"tags":[339,14270,15320,14409,2999],"class_list":{"0":"post-124614","1":"post","2":"type-post","3":"status-publish","4":"format-standard","6":"category-artigos","7":"category-destaques","8":"category-turismo","9":"tag-aracaju","10":"tag-covid-19","11":"tag-empreendimentos-turisticos","12":"tag-impactos","13":"tag-pesquisa"},"_links":{"self":[{"href":"https:\/\/senoticias.com.br\/se\/wp-json\/wp\/v2\/posts\/124614"}],"collection":[{"href":"https:\/\/senoticias.com.br\/se\/wp-json\/wp\/v2\/posts"}],"about":[{"href":"https:\/\/senoticias.com.br\/se\/wp-json\/wp\/v2\/types\/post"}],"author":[{"embeddable":true,"href":"https:\/\/senoticias.com.br\/se\/wp-json\/wp\/v2\/users\/6557"}],"replies":[{"embeddable":true,"href":"https:\/\/senoticias.com.br\/se\/wp-json\/wp\/v2\/comments?post=124614"}],"version-history":[{"count":0,"href":"https:\/\/senoticias.com.br\/se\/wp-json\/wp\/v2\/posts\/124614\/revisions"}],"wp:attachment":[{"href":"https:\/\/senoticias.com.br\/se\/wp-json\/wp\/v2\/media?parent=124614"}],"wp:term":[{"taxonomy":"category","embeddable":true,"href":"https:\/\/senoticias.com.br\/se\/wp-json\/wp\/v2\/categories?post=124614"},{"taxonomy":"post_tag","embeddable":true,"href":"https:\/\/senoticias.com.br\/se\/wp-json\/wp\/v2\/tags?post=124614"}],"curies":[{"name":"wp","href":"https:\/\/api.w.org\/{rel}","templated":true}]}}