{"id":124609,"date":"2020-08-12T17:38:18","date_gmt":"2020-08-12T20:38:18","guid":{"rendered":"https:\/\/senoticias.com.br\/se\/?p=124609"},"modified":"2020-08-12T20:45:08","modified_gmt":"2020-08-12T23:45:08","slug":"prefeitura-de-sao-cristovao-comeca-a-pagar-artistas-sergipanos-que-se-apresentaram-no-fasc","status":"publish","type":"post","link":"https:\/\/senoticias.com.br\/se\/prefeitura-de-sao-cristovao-comeca-a-pagar-artistas-sergipanos-que-se-apresentaram-no-fasc\/","title":{"rendered":"Prefeitura de S\u00e3o Crist\u00f3v\u00e3o come\u00e7a a pagar artistas sergipanos que se apresentaram no FASC"},"content":{"rendered":"<p style=\"text-align: justify;\">Ap\u00f3s o governo federal liberar os recursos, a Prefeitura de S\u00e3o Crist\u00f3v\u00e3o deu in\u00edcio ao pagamento dos artistas sergipanos que se apresentaram no Festival de Artes de S\u00e3o Crist\u00f3v\u00e3o (FASC) em 2019.<\/p>\n<p style=\"text-align: justify;\">O pagamento estava em atraso devido as novas exig\u00eancias do Minist\u00e9rio da Cidadania logo ap\u00f3s a realiza\u00e7\u00e3o do evento.<\/p>\n<div id=\"attachment_124631\" style=\"width: 609px\" class=\"wp-caption alignnone\"><a href=\"https:\/\/senoticias.com.br\/se\/wp-content\/uploads\/2020\/08\/fasc-e1597275214930.jpeg\"><img loading=\"lazy\" decoding=\"async\" aria-describedby=\"caption-attachment-124631\" class=\"size-full wp-image-124631\" src=\"https:\/\/senoticias.com.br\/se\/wp-content\/uploads\/2020\/08\/fasc-e1597275214930.jpeg\" alt=\"\" width=\"599\" height=\"494\" \/><\/a><p id=\"caption-attachment-124631\" class=\"wp-caption-text\">Mais de 150 atra\u00e7\u00f5es passaram pelo festival de 14 a 17 de novembro de 2019<\/p><\/div>\n<p style=\"text-align: justify;\">Dentre os novos protocolos cobrados pelo Minist\u00e9rio estavam pareceres t\u00e9cnicos, jur\u00eddicos, pre\u00e7o referencial de artistas e publica\u00e7\u00e3o no Di\u00e1rio Oficial da Uni\u00e3o, que segundo a prefeitura foram prontamente atendidos ainda em 2019. No entanto a partir de mar\u00e7o deste ano, a situa\u00e7\u00e3o complexa de paralisa\u00e7\u00e3o dos trabalhos em Bras\u00edlia por conta da pandemia, fez com que todo o tr\u00e2mite legal ficasse estagnado.<\/p>\n<p style=\"text-align: justify;\">A <strong>36\u00aa edi\u00e7\u00e3o<\/strong> do Festival de Artes de S\u00e3o Crist\u00f3v\u00e3o reuniu em sua programa\u00e7\u00e3o o que h\u00e1 de melhor da m\u00fasica popular produzida atualmente em Sergipe.<\/p>\n<p>Alegria, m\u00fasica, teatro, literatura, cinema, dan\u00e7a e muita cultura popular. Este foi o ritmo da 36\u00aa edi\u00e7\u00e3o, do Festival de Artes da Cidade M\u00e3e de Sergipe, S\u00e3o Crist\u00f3v\u00e3o, que recebeu o tema <strong>Resistir para Existir<\/strong>.<\/p>\n<p style=\"text-align: justify;\">O evento atraiu multid\u00f5es e teve grande aprova\u00e7\u00e3o do publico. Este ano o evento n\u00e3o ser\u00e1 realizado por conta das restri\u00e7\u00f5es impostas pelas medidas sanit\u00e1rias para conter a <strong>pandemia da Covid 19<\/strong>.<\/p>\n<p>&nbsp;<\/p>\n<p><a href=\"https:\/\/senoticias.com.br\/se\/wp-content\/uploads\/2020\/08\/Logo-SE-Noticias-1-1.jpg\"><img loading=\"lazy\" decoding=\"async\" class=\"alignnone size-full wp-image-124612\" src=\"https:\/\/senoticias.com.br\/se\/wp-content\/uploads\/2020\/08\/Logo-SE-Noticias-1-1.jpg\" alt=\"\" width=\"599\" height=\"78\" \/><\/a><\/p>\n<p><strong><em>Acompanhe tamb\u00e9m o SE Not\u00edcias no\u00a0<a href=\"https:\/\/twitter.com\/Senoticias\" target=\"_blank\" rel=\"noopener\">Twitter<\/a>,\u00a0<a href=\"https:\/\/www.facebook.com\/senoticias1\" target=\"_blank\" rel=\"noopener\">Facebook<\/a>\u00a0e no\u00a0<a href=\"https:\/\/www.instagram.com\/senoticias\/\" target=\"_blank\" rel=\"noopener\">Instagram<\/a><\/em><\/strong><\/p>\n<p style=\"text-align: justify;\">Por SE Not\u00edcias com informa\u00e7\u00f5es de leitor<\/p>\n","protected":false},"excerpt":{"rendered":"<p>Ap\u00f3s o governo federal liberar os recursos, a Prefeitura de S\u00e3o Crist\u00f3v\u00e3o deu in\u00edcio ao pagamento dos artistas sergipanos que se apresentaram no Festival de Artes de S\u00e3o Crist\u00f3v\u00e3o (FASC) em 2019. O pagamento estava em atraso devido as novas exig\u00eancias do Minist\u00e9rio da Cidadania logo ap\u00f3s a realiza\u00e7\u00e3o do evento. Dentre os novos protocolos [&hellip;]<\/p>\n","protected":false},"author":6557,"featured_media":124631,"comment_status":"closed","ping_status":"closed","sticky":false,"template":"","format":"standard","meta":{"footnotes":""},"categories":[15,38],"tags":[6904,15327,81],"class_list":{"0":"post-124609","1":"post","2":"type-post","3":"status-publish","4":"format-standard","5":"has-post-thumbnail","7":"category-destaques","8":"category-municipios","9":"tag-fasc","10":"tag-fasc-2020","11":"tag-prefeitura-de-sao-cristovao"},"_links":{"self":[{"href":"https:\/\/senoticias.com.br\/se\/wp-json\/wp\/v2\/posts\/124609"}],"collection":[{"href":"https:\/\/senoticias.com.br\/se\/wp-json\/wp\/v2\/posts"}],"about":[{"href":"https:\/\/senoticias.com.br\/se\/wp-json\/wp\/v2\/types\/post"}],"author":[{"embeddable":true,"href":"https:\/\/senoticias.com.br\/se\/wp-json\/wp\/v2\/users\/6557"}],"replies":[{"embeddable":true,"href":"https:\/\/senoticias.com.br\/se\/wp-json\/wp\/v2\/comments?post=124609"}],"version-history":[{"count":0,"href":"https:\/\/senoticias.com.br\/se\/wp-json\/wp\/v2\/posts\/124609\/revisions"}],"wp:featuredmedia":[{"embeddable":true,"href":"https:\/\/senoticias.com.br\/se\/wp-json\/wp\/v2\/media\/124631"}],"wp:attachment":[{"href":"https:\/\/senoticias.com.br\/se\/wp-json\/wp\/v2\/media?parent=124609"}],"wp:term":[{"taxonomy":"category","embeddable":true,"href":"https:\/\/senoticias.com.br\/se\/wp-json\/wp\/v2\/categories?post=124609"},{"taxonomy":"post_tag","embeddable":true,"href":"https:\/\/senoticias.com.br\/se\/wp-json\/wp\/v2\/tags?post=124609"}],"curies":[{"name":"wp","href":"https:\/\/api.w.org\/{rel}","templated":true}]}}