{"id":124594,"date":"2020-08-11T12:01:49","date_gmt":"2020-08-11T15:01:49","guid":{"rendered":"https:\/\/senoticias.com.br\/se\/?p=124594"},"modified":"2020-08-12T05:17:46","modified_gmt":"2020-08-12T08:17:46","slug":"com-285-casos-aracaju-registra-surto-de-dengue-e-chikungunya","status":"publish","type":"post","link":"https:\/\/senoticias.com.br\/se\/com-285-casos-aracaju-registra-surto-de-dengue-e-chikungunya\/","title":{"rendered":"Com 285 casos, Aracaju registra surto de dengue e chikungunya"},"content":{"rendered":"<p style=\"text-align: justify;\">O crescente n\u00famero nos casos de dengue e chikungunya na capital tem deixado a Secretaria Municipal de Sa\u00fade (SMS) cada vez mais em alerta. Nos primeiros sete meses deste ano, a SMS j\u00e1 contabiliza um surto das doen\u00e7as, com 285 casos confirmados no munic\u00edpio de Aracaju. Segundo o coordenador do Programa de Controle de Endemias da SMS, Jeferson Santana, al\u00e9m do surto de dengue e chikungunya, o n\u00famero de casos do Zika V\u00edrus (tr\u00eas at\u00e9 o momento) tamb\u00e9m \u00e9 um dado preocupante.<\/p>\n<div id=\"attachment_124595\" style=\"width: 560px\" class=\"wp-caption aligncenter\"><a href=\"https:\/\/senoticias.com.br\/se\/wp-content\/uploads\/2020\/08\/dengue_mosquito_fotoagenciabrasil_031114-e1556657816550.jpg\"><img loading=\"lazy\" decoding=\"async\" aria-describedby=\"caption-attachment-124595\" class=\"size-full wp-image-124595\" src=\"https:\/\/senoticias.com.br\/se\/wp-content\/uploads\/2020\/08\/dengue_mosquito_fotoagenciabrasil_031114-e1556657816550.jpg\" alt=\"\" width=\"550\" height=\"365\" srcset=\"https:\/\/senoticias.com.br\/se\/wp-content\/uploads\/2020\/08\/dengue_mosquito_fotoagenciabrasil_031114-e1556657816550.jpg 550w, https:\/\/senoticias.com.br\/se\/wp-content\/uploads\/2020\/08\/dengue_mosquito_fotoagenciabrasil_031114-e1556657816550-300x199.jpg 300w, https:\/\/senoticias.com.br\/se\/wp-content\/uploads\/2020\/08\/dengue_mosquito_fotoagenciabrasil_031114-e1556657816550-90x60.jpg 90w, https:\/\/senoticias.com.br\/se\/wp-content\/uploads\/2020\/08\/dengue_mosquito_fotoagenciabrasil_031114-e1556657816550-180x120.jpg 180w, https:\/\/senoticias.com.br\/se\/wp-content\/uploads\/2020\/08\/dengue_mosquito_fotoagenciabrasil_031114-e1556657816550-95x64.jpg 95w\" sizes=\"(max-width: 550px) 100vw, 550px\" \/><\/a><p id=\"caption-attachment-124595\" class=\"wp-caption-text\">Doen\u00e7as s\u00e3o causadas pelo mosquito Aedes aegypti (Foto: Ag\u00eancia Brasil)<\/p><\/div>\n<p style=\"text-align: justify;\">\u201cEmbora tenha ocorrido uma desacelera\u00e7\u00e3o nas \u00faltimas semanas, o n\u00famero de casos n\u00e3o para de subir\u201d, pontua Jeferson Santana. Segundo ele, a t\u00edmida queda est\u00e1 ligada as baixas temperaturas que a capital vem apresentando nos \u00faltimos dias. Contudo, ele afirma que \u00e9 preciso est\u00e1 focado no combate e controle da doen\u00e7a. \u201cSe continuar do jeito que est\u00e1, a tend\u00eancia \u00e9 que os n\u00fameros cres\u00e7am ainda mais com o aumento da temperatura nos pr\u00f3ximos meses\u201d, salienta Santana.Em virtude desse aumento, Jeferson conta que a SMS tem trabalhado em \u201ctr\u00eas frentes\u201d para combater o mosquito nos locais onde h\u00e1 uma grande incid\u00eancia de casos das doen\u00e7as. \u201cEstamos desenvolvendo a\u00e7\u00f5es no bairro Porto Dantas, bairro Industrial, no Parque da Cidade e no bairro Luzia\u201d, afirma Jeferson.<\/p>\n<p style=\"text-align: justify;\">Ainda segundo ele, devido \u00e0 pandemia, houve mudan\u00e7as em a\u00e7\u00f5es da SMS. \u201cDeixamos de realizar a vistoria dentro das resid\u00eancias. Nossas visitas passaram a ser externas, com o intuito de orientar a popula\u00e7\u00e3o\u201d, afirma. Ele orienta tamb\u00e9m que a popula\u00e7\u00e3o siga tomando as provid\u00eancias necess\u00e1rias, evitando deixar \u00e1gua parada em alguns locais, como pneus velhos, garrafas, e vasos de planta. \u201c\u00c9 imprescind\u00edvel eliminar os focos do mosquito\u201d, destaca.<\/p>\n<p style=\"text-align: justify;\">por Jo\u00e3o Paulo Schneider e Verlane Est\u00e1cio, do portal Infonet<\/p>\n<p><a href=\"https:\/\/senoticias.com.br\/se\/wp-content\/uploads\/2020\/07\/Logo-SE-Noticias-1.jpg\"><img loading=\"lazy\" decoding=\"async\" class=\"alignnone size-full wp-image-124377\" src=\"https:\/\/senoticias.com.br\/se\/wp-content\/uploads\/2020\/07\/Logo-SE-Noticias-1.jpg\" alt=\"\" width=\"599\" height=\"78\" srcset=\"https:\/\/senoticias.com.br\/se\/wp-content\/uploads\/2020\/07\/Logo-SE-Noticias-1.jpg 599w, https:\/\/senoticias.com.br\/se\/wp-content\/uploads\/2020\/07\/Logo-SE-Noticias-1-300x39.jpg 300w\" sizes=\"(max-width: 599px) 100vw, 599px\" \/><\/a><\/p>\n<p><strong><em>Acompanhe tamb\u00e9m o SE Not\u00edcias no\u00a0<a href=\"https:\/\/twitter.com\/Senoticias\" target=\"_blank\" rel=\"noopener\">Twitter<\/a>,\u00a0<a href=\"https:\/\/www.facebook.com\/senoticias1\" target=\"_blank\" rel=\"noopener\">Facebook<\/a>\u00a0e no\u00a0<a href=\"https:\/\/www.instagram.com\/senoticias\/\" target=\"_blank\" rel=\"noopener\">Instagram<\/a><\/em><\/strong><\/p>\n","protected":false},"excerpt":{"rendered":"<p>O crescente n\u00famero nos casos de dengue e chikungunya na capital tem deixado a Secretaria Municipal de Sa\u00fade (SMS) cada vez mais em alerta. Nos primeiros sete meses deste ano, a SMS j\u00e1 contabiliza um surto das doen\u00e7as, com 285 casos confirmados no munic\u00edpio de Aracaju. Segundo o coordenador do Programa de Controle de Endemias [&hellip;]<\/p>\n","protected":false},"author":6557,"featured_media":0,"comment_status":"closed","ping_status":"closed","sticky":false,"template":"","format":"standard","meta":{"footnotes":""},"categories":[15,6,20],"tags":[339,3944,15312,3943],"class_list":{"0":"post-124594","1":"post","2":"type-post","3":"status-publish","4":"format-standard","6":"category-destaques","7":"category-politica","8":"category-saude","9":"tag-aracaju","10":"tag-casos","11":"tag-chikungunya","12":"tag-dengue"},"_links":{"self":[{"href":"https:\/\/senoticias.com.br\/se\/wp-json\/wp\/v2\/posts\/124594"}],"collection":[{"href":"https:\/\/senoticias.com.br\/se\/wp-json\/wp\/v2\/posts"}],"about":[{"href":"https:\/\/senoticias.com.br\/se\/wp-json\/wp\/v2\/types\/post"}],"author":[{"embeddable":true,"href":"https:\/\/senoticias.com.br\/se\/wp-json\/wp\/v2\/users\/6557"}],"replies":[{"embeddable":true,"href":"https:\/\/senoticias.com.br\/se\/wp-json\/wp\/v2\/comments?post=124594"}],"version-history":[{"count":0,"href":"https:\/\/senoticias.com.br\/se\/wp-json\/wp\/v2\/posts\/124594\/revisions"}],"wp:attachment":[{"href":"https:\/\/senoticias.com.br\/se\/wp-json\/wp\/v2\/media?parent=124594"}],"wp:term":[{"taxonomy":"category","embeddable":true,"href":"https:\/\/senoticias.com.br\/se\/wp-json\/wp\/v2\/categories?post=124594"},{"taxonomy":"post_tag","embeddable":true,"href":"https:\/\/senoticias.com.br\/se\/wp-json\/wp\/v2\/tags?post=124594"}],"curies":[{"name":"wp","href":"https:\/\/api.w.org\/{rel}","templated":true}]}}