{"id":124589,"date":"2020-08-11T09:09:34","date_gmt":"2020-08-11T12:09:34","guid":{"rendered":"https:\/\/senoticias.com.br\/se\/?p=124589"},"modified":"2020-08-12T05:12:30","modified_gmt":"2020-08-12T08:12:30","slug":"hcamp-segue-com-capacidade-reduzida-e-aguarda-julgamento-de-recurso","status":"publish","type":"post","link":"https:\/\/senoticias.com.br\/se\/hcamp-segue-com-capacidade-reduzida-e-aguarda-julgamento-de-recurso\/","title":{"rendered":"Hospital de Campanha de Aracaju segue com capacidade reduzida e aguarda julgamento de recurso"},"content":{"rendered":"<p style=\"text-align: justify;\">Na semana em que a retomada comercial de Sergipe entra em nova etapa, com a libera\u00e7\u00e3o dos shoppings, o Hospital de Campanha de Aracaju, principal unidade da rede municipal de Sa\u00fade para combate para atender v\u00edtimas da Covid-19, segue com a indefini\u00e7\u00e3o sobre a expans\u00e3o de leitos. Atualmente a unidade tem 60 leitos ativos, enquanto a capacidade \u00e9 de 152.<\/p>\n<div id=\"attachment_124590\" style=\"width: 560px\" class=\"wp-caption aligncenter\"><a href=\"https:\/\/senoticias.com.br\/se\/wp-content\/uploads\/2020\/08\/hospital-campanha2-e1597147411573.jpg\"><img loading=\"lazy\" decoding=\"async\" aria-describedby=\"caption-attachment-124590\" class=\"size-full wp-image-124590\" src=\"https:\/\/senoticias.com.br\/se\/wp-content\/uploads\/2020\/08\/hospital-campanha2-e1597147411573.jpg\" alt=\"\" width=\"550\" height=\"309\" \/><\/a><p id=\"caption-attachment-124590\" class=\"wp-caption-text\">Hospital nunca chegou a funcionar em plena capacidade (foto: PMA)<\/p><\/div>\n<p style=\"text-align: justify;\">A expans\u00e3o s\u00f3 n\u00e3o \u00e9 poss\u00edvel porque, segundo a PMA, h\u00e1 dificuldades de encontrar profissionais m\u00e9dicos que queiram trabalhar no hospital.A alternativa encontrada pela administra\u00e7\u00e3o foi contratar m\u00e9dicos estrangeiros com registros provis\u00f3rios, ou seja, que ainda n\u00e3o passaram pela valida\u00e7\u00e3o dos seus diplomas no Brasil. Em junho o Hcamp chegou a ter 102 leitos ativos, mas uma decis\u00e3o da Justi\u00e7a proibiu a contrata\u00e7\u00e3o desse grupo de m\u00e9dicos e a oferta de leitos voltou a cair. Segundo a Secretaria Municipal de Sa\u00fade (SMS), a Prefeitura recorreu da decis\u00e3o e continua aguardando julgamento do recurso.<\/p>\n<p style=\"text-align: justify;\">Dos 60 leitos ativos na unidade, a ocupa\u00e7\u00e3o atualmente \u00e9 de 33,6%. Segundo a SMS, os n\u00fameros apontam para uma tend\u00eancia de queda, mas informou que \u201co munic\u00edpio continua implementando a\u00e7\u00f5es para ampliar a testagem e a identifica\u00e7\u00e3o de pessoas infectadas com covid-19. O \u00faltimo exemplo dessas a\u00e7\u00f5es foi o lan\u00e7amento do Projeto TerstAju nesta segunda, dia 10, que disponibilizou 20 profissionais para realizar testes na popula\u00e7\u00e3o em todos os bairros pelos pr\u00f3ximos dois meses\u201d, disse em nota.<\/p>\n<p style=\"text-align: justify;\">Por \u00cdcaro Novaes, do portal Infonet<\/p>\n<p style=\"text-align: justify;\"><a href=\"https:\/\/senoticias.com.br\/se\/wp-content\/uploads\/2020\/07\/Logo-SE-Noticias-1.jpg\"><img loading=\"lazy\" decoding=\"async\" class=\"alignnone size-full wp-image-124377\" src=\"https:\/\/senoticias.com.br\/se\/wp-content\/uploads\/2020\/07\/Logo-SE-Noticias-1.jpg\" alt=\"\" width=\"599\" height=\"78\" srcset=\"https:\/\/senoticias.com.br\/se\/wp-content\/uploads\/2020\/07\/Logo-SE-Noticias-1.jpg 599w, https:\/\/senoticias.com.br\/se\/wp-content\/uploads\/2020\/07\/Logo-SE-Noticias-1-300x39.jpg 300w\" sizes=\"(max-width: 599px) 100vw, 599px\" \/><\/a><\/p>\n<p><strong><em>Acompanhe tamb\u00e9m o SE Not\u00edcias no\u00a0<a href=\"https:\/\/twitter.com\/Senoticias\" target=\"_blank\" rel=\"noopener\">Twitter<\/a>,\u00a0<a href=\"https:\/\/www.facebook.com\/senoticias1\" target=\"_blank\" rel=\"noopener\">Facebook<\/a>\u00a0e no\u00a0<a href=\"https:\/\/www.instagram.com\/senoticias\/\" target=\"_blank\" rel=\"noopener\">Instagram<\/a><\/em><\/strong><\/p>\n<p>&nbsp;<\/p>\n","protected":false},"excerpt":{"rendered":"<p>Na semana em que a retomada comercial de Sergipe entra em nova etapa, com a libera\u00e7\u00e3o dos shoppings, o Hospital de Campanha de Aracaju, principal unidade da rede municipal de Sa\u00fade para combate para atender v\u00edtimas da Covid-19, segue com a indefini\u00e7\u00e3o sobre a expans\u00e3o de leitos. Atualmente a unidade tem 60 leitos ativos, enquanto [&hellip;]<\/p>\n","protected":false},"author":6557,"featured_media":0,"comment_status":"closed","ping_status":"closed","sticky":false,"template":"","format":"standard","meta":{"footnotes":""},"categories":[15,6],"tags":[14279,14629,15316,14369,213],"class_list":{"0":"post-124589","1":"post","2":"type-post","3":"status-publish","4":"format-standard","6":"category-destaques","7":"category-politica","8":"tag-covid19","9":"tag-hospital-de-campanha","10":"tag-hospital-de-campanha-de-aracaju","11":"tag-pandemia","12":"tag-prefeitura-de-aracaju"},"_links":{"self":[{"href":"https:\/\/senoticias.com.br\/se\/wp-json\/wp\/v2\/posts\/124589"}],"collection":[{"href":"https:\/\/senoticias.com.br\/se\/wp-json\/wp\/v2\/posts"}],"about":[{"href":"https:\/\/senoticias.com.br\/se\/wp-json\/wp\/v2\/types\/post"}],"author":[{"embeddable":true,"href":"https:\/\/senoticias.com.br\/se\/wp-json\/wp\/v2\/users\/6557"}],"replies":[{"embeddable":true,"href":"https:\/\/senoticias.com.br\/se\/wp-json\/wp\/v2\/comments?post=124589"}],"version-history":[{"count":0,"href":"https:\/\/senoticias.com.br\/se\/wp-json\/wp\/v2\/posts\/124589\/revisions"}],"wp:attachment":[{"href":"https:\/\/senoticias.com.br\/se\/wp-json\/wp\/v2\/media?parent=124589"}],"wp:term":[{"taxonomy":"category","embeddable":true,"href":"https:\/\/senoticias.com.br\/se\/wp-json\/wp\/v2\/categories?post=124589"},{"taxonomy":"post_tag","embeddable":true,"href":"https:\/\/senoticias.com.br\/se\/wp-json\/wp\/v2\/tags?post=124589"}],"curies":[{"name":"wp","href":"https:\/\/api.w.org\/{rel}","templated":true}]}}