{"id":124537,"date":"2020-08-06T15:55:13","date_gmt":"2020-08-06T18:55:13","guid":{"rendered":"https:\/\/senoticias.com.br\/se\/?p=124537"},"modified":"2020-08-06T15:55:13","modified_gmt":"2020-08-06T18:55:13","slug":"luciano-pimentel-manifesta-apoio-aos-profissionais-de-educacao-fisica","status":"publish","type":"post","link":"https:\/\/senoticias.com.br\/se\/luciano-pimentel-manifesta-apoio-aos-profissionais-de-educacao-fisica\/","title":{"rendered":"Luciano Pimentel manifesta apoio aos profissionais de educa\u00e7\u00e3o f\u00edsica"},"content":{"rendered":"<p style=\"text-align: justify;\">Os profissionais de educa\u00e7\u00e3o f\u00edsica est\u00e3o lutando para que a categoria seja inserida na pr\u00f3xima fase do plano de retomada da economia. Nesta quinta-feira, 6, durante a sess\u00e3o remota da Assembleia Legislativa, o deputado estadual Luciano Pimentel fez uso da palavra para manifestar apoio \u00e0 classe e ao projeto de lei que disp\u00f5e sobre o reconhecimento da atividade f\u00edsica como essencial, destacando a import\u00e2ncia dos trabalhadores dessa \u00e1rea no enfrentamento \u00e0 Covid-19.<\/p>\n<div id=\"attachment_124538\" style=\"width: 560px\" class=\"wp-caption aligncenter\"><a href=\"https:\/\/senoticias.com.br\/se\/wp-content\/uploads\/2020\/08\/Luciano-Pimentel-e1596740030336.jpg\"><img loading=\"lazy\" decoding=\"async\" aria-describedby=\"caption-attachment-124538\" class=\"size-full wp-image-124538\" src=\"https:\/\/senoticias.com.br\/se\/wp-content\/uploads\/2020\/08\/Luciano-Pimentel-e1596740030336.jpg\" alt=\"\" width=\"550\" height=\"367\" \/><\/a><p id=\"caption-attachment-124538\" class=\"wp-caption-text\">Foto: Assessoria parlamentar<\/p><\/div>\n<p style=\"text-align: justify;\">&#8220;Concordo inteiramente com esse projeto. Inclusive, a pedido do presidente do Conselho Regional de Educa\u00e7\u00e3o F\u00edsica, Gilson D\u00f3rea, tenho feito interlocu\u00e7\u00f5es junto \u00e0s autoridades estaduais no sentido de obter esse reconhecimento estabelecido no PL&#8221;, destacou Luciano Pimentel.<\/p>\n<p style=\"text-align: justify;\">De acordo com o parlamentar, os profissionais da educa\u00e7\u00e3o f\u00edsica podem desempenhar um papel extremamente importante durante a pandemia, tendo em vista que a pr\u00e1tica de exerc\u00edcios deixa o organismo mais resistente. &#8220;S\u00e3o pessoas qualificadas, habilitadas, e que,certamente, contribuir\u00e3o com o processo de combate \u00e0 Covid. O trabalho realizado por esses profissionais fortalece o sistema imunol\u00f3gico e tamb\u00e9m \u00e9 fundamental para sa\u00fade mental, que tem sido motivo de grande preocupa\u00e7\u00e3o em raz\u00e3o do isolamento social&#8221;, ressaltou.<\/p>\n<p style=\"text-align: justify;\">O projeto foi protocolado pelo deputado Garibalde Mendon\u00e7a e dever\u00e1 ser apreciado em breve pelos parlamentares.<\/p>\n<p style=\"text-align: justify;\">Assessoria Parlamentar<\/p>\n<p><a href=\"https:\/\/senoticias.com.br\/se\/wp-content\/uploads\/2020\/07\/Logo-SE-Noticias-1.jpg\"><img loading=\"lazy\" decoding=\"async\" class=\"alignnone size-full wp-image-124377\" src=\"https:\/\/senoticias.com.br\/se\/wp-content\/uploads\/2020\/07\/Logo-SE-Noticias-1.jpg\" alt=\"\" width=\"599\" height=\"78\" srcset=\"https:\/\/senoticias.com.br\/se\/wp-content\/uploads\/2020\/07\/Logo-SE-Noticias-1.jpg 599w, https:\/\/senoticias.com.br\/se\/wp-content\/uploads\/2020\/07\/Logo-SE-Noticias-1-300x39.jpg 300w\" sizes=\"(max-width: 599px) 100vw, 599px\" \/><\/a><\/p>\n<p><strong><em>Acompanhe tamb\u00e9m o SE Not\u00edcias no\u00a0<a href=\"https:\/\/twitter.com\/Senoticias\" target=\"_blank\" rel=\"noopener\">Twitter<\/a>,\u00a0<a href=\"https:\/\/www.facebook.com\/senoticias1\" target=\"_blank\" rel=\"noopener\">Facebook<\/a>\u00a0e no\u00a0<a href=\"https:\/\/www.instagram.com\/senoticias\/\" target=\"_blank\" rel=\"noopener\">Instagram<\/a><\/em><\/strong><\/p>\n","protected":false},"excerpt":{"rendered":"<p>Os profissionais de educa\u00e7\u00e3o f\u00edsica est\u00e3o lutando para que a categoria seja inserida na pr\u00f3xima fase do plano de retomada da economia. Nesta quinta-feira, 6, durante a sess\u00e3o remota da Assembleia Legislativa, o deputado estadual Luciano Pimentel fez uso da palavra para manifestar apoio \u00e0 classe e ao projeto de lei que disp\u00f5e sobre o [&hellip;]<\/p>\n","protected":false},"author":6557,"featured_media":0,"comment_status":"closed","ping_status":"closed","sticky":false,"template":"","format":"standard","meta":{"footnotes":""},"categories":[15,6],"tags":[4766,8120,9296,15285,914],"class_list":{"0":"post-124537","1":"post","2":"type-post","3":"status-publish","4":"format-standard","6":"category-destaques","7":"category-politica","8":"tag-apoio","9":"tag-educacao-fisica","10":"tag-luciano-pimentel","11":"tag-manifesta","12":"tag-profissionais"},"_links":{"self":[{"href":"https:\/\/senoticias.com.br\/se\/wp-json\/wp\/v2\/posts\/124537"}],"collection":[{"href":"https:\/\/senoticias.com.br\/se\/wp-json\/wp\/v2\/posts"}],"about":[{"href":"https:\/\/senoticias.com.br\/se\/wp-json\/wp\/v2\/types\/post"}],"author":[{"embeddable":true,"href":"https:\/\/senoticias.com.br\/se\/wp-json\/wp\/v2\/users\/6557"}],"replies":[{"embeddable":true,"href":"https:\/\/senoticias.com.br\/se\/wp-json\/wp\/v2\/comments?post=124537"}],"version-history":[{"count":0,"href":"https:\/\/senoticias.com.br\/se\/wp-json\/wp\/v2\/posts\/124537\/revisions"}],"wp:attachment":[{"href":"https:\/\/senoticias.com.br\/se\/wp-json\/wp\/v2\/media?parent=124537"}],"wp:term":[{"taxonomy":"category","embeddable":true,"href":"https:\/\/senoticias.com.br\/se\/wp-json\/wp\/v2\/categories?post=124537"},{"taxonomy":"post_tag","embeddable":true,"href":"https:\/\/senoticias.com.br\/se\/wp-json\/wp\/v2\/tags?post=124537"}],"curies":[{"name":"wp","href":"https:\/\/api.w.org\/{rel}","templated":true}]}}