{"id":124533,"date":"2020-08-06T12:34:52","date_gmt":"2020-08-06T15:34:52","guid":{"rendered":"https:\/\/senoticias.com.br\/se\/?p=124533"},"modified":"2020-08-06T12:34:52","modified_gmt":"2020-08-06T15:34:52","slug":"agentes-de-saude-recebem-tablets-para-o-atendimento-domiciliar-em-caninde-de-sao-francisco","status":"publish","type":"post","link":"https:\/\/senoticias.com.br\/se\/agentes-de-saude-recebem-tablets-para-o-atendimento-domiciliar-em-caninde-de-sao-francisco\/","title":{"rendered":"Agentes de sa\u00fade recebem tablets para o atendimento domiciliar em Canind\u00e9 de S\u00e3o Francisco"},"content":{"rendered":"<p style=\"text-align: justify;\">Os Agentes Comunit\u00e1rios de Sa\u00fade (ACS) de Canind\u00e9 de S\u00e3o Francisco receberam 55 tablets que ser\u00e3o utilizados como instrumentos de trabalho durante as visitas domiciliares utilizando o sistema E-SUS AB TERRITORIAL.<\/p>\n<div id=\"attachment_124534\" style=\"width: 609px\" class=\"wp-caption alignnone\"><a href=\"https:\/\/senoticias.com.br\/se\/wp-content\/uploads\/2020\/08\/agentes-Se-Noticias-e1596727770301.jpg\"><img loading=\"lazy\" decoding=\"async\" aria-describedby=\"caption-attachment-124534\" class=\"size-full wp-image-124534\" src=\"https:\/\/senoticias.com.br\/se\/wp-content\/uploads\/2020\/08\/agentes-Se-Noticias-e1596727770301.jpg\" alt=\"\" width=\"599\" height=\"449\" \/><\/a><p id=\"caption-attachment-124534\" class=\"wp-caption-text\">Foto: ascom\/PMCSF<\/p><\/div>\n<p style=\"text-align: justify;\">O mun\u00edcipio est\u00e1 implantando o Programa de Apoio e Informatiza\u00e7\u00e3o e Qualifica\u00e7\u00e3o dos dados da Aten\u00e7\u00e3o Prim\u00e1ria \u00e0 Sa\u00fade- Inform\u00e1tica APS, e a aquisi\u00e7\u00e3o destes tablets \u00e9 uma parceria com o Minist\u00e9rio da Sa\u00fade. Segundo a secret\u00e1ria da sa\u00fade, Elke Riany, neste programa, toda a popula\u00e7\u00e3o ser\u00e1 cadastrada dentro da \u00e1rea de abrang\u00eancia de cada unidade de Sa\u00fade utilizando cart\u00e3o SUS e facilitando o acesso de porta de entrada ao atendimento da rede prim\u00e1ria.<\/p>\n<p>A ferramenta facilita e agiliza os trabalhos dos agentes, possibilitando a troca das fichas com preenchimento manual pelos tablets, melhorando assim a otimiza\u00e7\u00e3o do tempo, que os agentes utilizam para o atendimento e orienta\u00e7\u00f5es \u00e0 popula\u00e7\u00e3o. &#8220;O cadastro familiar que levaria 20 minutos para preencher, no tablet levar no m\u00e1ximo 10 minutos , ele ser\u00e1 utilizado nas nossas visitas domiciliares, eliminando assim o preenchimento de centenas de fichas de maneira manual e que tinhamos que deixar guardada pois era imposs\u00edvel carregar todas na bolsa e agora teremos todos os dados na palma da m\u00e3o&#8221;, pontuou presidente da ACACSACE, Edim\u00ea Gomes.<\/p>\n<p style=\"text-align: justify;\">\u201cA tecnologia adotada pelo Munic\u00edpio contribui com o importante trabalho dos agentes comunit\u00e1rios de sa\u00fade, dar agilidade e qualidade no atendimento \u00e0 popula\u00e7\u00e3o. A partir dessa ferramenta, o compartilhamento online das informa\u00e7\u00f5es entre os profissionais, as unidades de sa\u00fade e a secretaria municipal passa a ser mais segura e confi\u00e1vel\u201d, destacou o prefeito Ednaldo da Farm\u00e1cia.<\/p>\n<p><a href=\"https:\/\/senoticias.com.br\/se\/wp-content\/uploads\/2020\/07\/Logo-SE-Noticias.jpg\"><img loading=\"lazy\" decoding=\"async\" class=\"alignnone size-full wp-image-124113\" src=\"https:\/\/senoticias.com.br\/se\/wp-content\/uploads\/2020\/07\/Logo-SE-Noticias.jpg\" alt=\"\" width=\"599\" height=\"78\" srcset=\"https:\/\/senoticias.com.br\/se\/wp-content\/uploads\/2020\/07\/Logo-SE-Noticias.jpg 599w, https:\/\/senoticias.com.br\/se\/wp-content\/uploads\/2020\/07\/Logo-SE-Noticias-300x39.jpg 300w\" sizes=\"(max-width: 599px) 100vw, 599px\" \/><\/a><\/p>\n<p><strong><em>Acompanhe tamb\u00e9m o SE Not\u00edcias no\u00a0<a href=\"https:\/\/twitter.com\/Senoticias\" target=\"_blank\" rel=\"noopener\">Twitter<\/a>,\u00a0<a href=\"https:\/\/www.facebook.com\/senoticias1\" target=\"_blank\" rel=\"noopener\">Facebook<\/a>\u00a0e no\u00a0<a href=\"https:\/\/www.instagram.com\/senoticias\/\" target=\"_blank\" rel=\"noopener\">Instagram<\/a><\/em><\/strong><\/p>\n","protected":false},"excerpt":{"rendered":"<p>Os Agentes Comunit\u00e1rios de Sa\u00fade (ACS) de Canind\u00e9 de S\u00e3o Francisco receberam 55 tablets que ser\u00e3o utilizados como instrumentos de trabalho durante as visitas domiciliares utilizando o sistema E-SUS AB TERRITORIAL. O mun\u00edcipio est\u00e1 implantando o Programa de Apoio e Informatiza\u00e7\u00e3o e Qualifica\u00e7\u00e3o dos dados da Aten\u00e7\u00e3o Prim\u00e1ria \u00e0 Sa\u00fade- Inform\u00e1tica APS, e a aquisi\u00e7\u00e3o [&hellip;]<\/p>\n","protected":false},"author":6557,"featured_media":0,"comment_status":"closed","ping_status":"closed","sticky":false,"template":"","format":"standard","meta":{"footnotes":""},"categories":[15,20],"tags":[418,15284,1953],"class_list":{"0":"post-124533","1":"post","2":"type-post","3":"status-publish","4":"format-standard","6":"category-destaques","7":"category-saude","8":"tag-agentes-de-saude","9":"tag-atendimento-domiciliar","10":"tag-caninde-de-sao-francisco"},"_links":{"self":[{"href":"https:\/\/senoticias.com.br\/se\/wp-json\/wp\/v2\/posts\/124533"}],"collection":[{"href":"https:\/\/senoticias.com.br\/se\/wp-json\/wp\/v2\/posts"}],"about":[{"href":"https:\/\/senoticias.com.br\/se\/wp-json\/wp\/v2\/types\/post"}],"author":[{"embeddable":true,"href":"https:\/\/senoticias.com.br\/se\/wp-json\/wp\/v2\/users\/6557"}],"replies":[{"embeddable":true,"href":"https:\/\/senoticias.com.br\/se\/wp-json\/wp\/v2\/comments?post=124533"}],"version-history":[{"count":0,"href":"https:\/\/senoticias.com.br\/se\/wp-json\/wp\/v2\/posts\/124533\/revisions"}],"wp:attachment":[{"href":"https:\/\/senoticias.com.br\/se\/wp-json\/wp\/v2\/media?parent=124533"}],"wp:term":[{"taxonomy":"category","embeddable":true,"href":"https:\/\/senoticias.com.br\/se\/wp-json\/wp\/v2\/categories?post=124533"},{"taxonomy":"post_tag","embeddable":true,"href":"https:\/\/senoticias.com.br\/se\/wp-json\/wp\/v2\/tags?post=124533"}],"curies":[{"name":"wp","href":"https:\/\/api.w.org\/{rel}","templated":true}]}}