{"id":124483,"date":"2020-08-03T20:38:10","date_gmt":"2020-08-03T23:38:10","guid":{"rendered":"https:\/\/senoticias.com.br\/se\/?p=124483"},"modified":"2020-08-03T20:55:42","modified_gmt":"2020-08-03T23:55:42","slug":"prefeitura-de-sao-cristovao-recebe-diretores-da-deso-para-discutir-obras-da-avenida-irineu-neri","status":"publish","type":"post","link":"https:\/\/senoticias.com.br\/se\/prefeitura-de-sao-cristovao-recebe-diretores-da-deso-para-discutir-obras-da-avenida-irineu-neri\/","title":{"rendered":"Prefeitura de S\u00e3o Crist\u00f3v\u00e3o recebe Diretores da Deso para discutir obras da Avenida Irineu Neri"},"content":{"rendered":"<p style=\"text-align: justify;\">Na tarde desta segunda-feira, 3, o prefeito de S\u00e3o Crist\u00f3v\u00e3o, Marcos Santana recebeu na <strong>sala de reuni\u00e3o do gabinete<\/strong> a equipe da Deso para tratar da situa\u00e7\u00e3o da avenida Irineu Neri. Durante o encontro, o gestor municipal recebeu informa\u00e7\u00f5es sobre o t\u00e9rmino da obra, dentro das perspectivas do cronograma estabelecido pela companhia de saneamento.<\/p>\n<p style=\"text-align: justify;\">Acompanhando dos t\u00e9cnicos da Secretaria Municipal de Infraestrutura, o <strong>engenheiro e diretor de obras da Deso, Gabriel Campos<\/strong>, explicou que a previs\u00e3o da Deso para concluir as obras nesta localidade \u00e9 at\u00e9 final de agosto.<\/p>\n<div id=\"attachment_124494\" style=\"width: 609px\" class=\"wp-caption alignnone\"><a href=\"https:\/\/senoticias.com.br\/se\/wp-content\/uploads\/2020\/08\/Marcos-Santana-recebe-diretores-da-Deso-SE-Noticias.jpg\"><img loading=\"lazy\" decoding=\"async\" aria-describedby=\"caption-attachment-124494\" class=\"size-full wp-image-124494\" src=\"https:\/\/senoticias.com.br\/se\/wp-content\/uploads\/2020\/08\/Marcos-Santana-recebe-diretores-da-Deso-SE-Noticias-e1596498817785.jpg\" alt=\"\" width=\"599\" height=\"283\" \/><\/a><p id=\"caption-attachment-124494\" class=\"wp-caption-text\">Prefeito Marcos Santana recebe diretores da Deso para discutir obra da Avenida Irineu Nery (foto: ascom\/PMSC)<\/p><\/div>\n<p style=\"text-align: justify;\">\u201cInicialmente faremos uma raspagem do material que vinha sendo colocado na avenida, para diminuirmos assim os buracos e fazermos a desobstru\u00e7\u00e3o da rede de drenagem. Infelizmente a rede de drenagem de l\u00e1 est\u00e1 subdimensionada, o que causa obstru\u00e7\u00f5es constantes. Vamos pedir tamb\u00e9m \u00e0 Prefeitura de S\u00e3o Crist\u00f3v\u00e3o que a SMTT do munic\u00edpio possa nos auxiliar limitando a passagem apenas para carros de passeio e transporte coletivo, pra que assim, juntamente, com o refor\u00e7o de equipes que est\u00e3o trabalhando no local, a gente possa concluir o trabalho o mais r\u00e1pido poss\u00edvel\u201d, explicou Gabriel Campos.<\/p>\n<p style=\"text-align: justify;\">O prefeito Marcos Santana pontuou que entrou em contato tanto com os moradores da Irineu Neri quanto com os residentes da Enseada, Col\u00f4nia Miranda, Rita Cacete, Baixa Divin\u00e9ia, Conjunto Arnaldo Ramos de Moura,\u00a0 Carmo, Coqueiro, Apicum, Arame I e II e Florestan Fernandes, que diariamente utilizam a avenida para se solidarizar com a situa\u00e7\u00e3o. \u201cQuero deixar claro que estamos acompanhando essa obra da Deso todos os dias, sempre pedindo celeridade na conclus\u00e3o dos trabalhos. Tamb\u00e9m nesta segunda pedimos ao governador do estado, Belivaldo Chagas que intercedesse para que a Deso terminasse o quanto antes as obras nesta localidade\u201d, disse o prefeito.<\/p>\n<p style=\"text-align: justify;\">O prefeito falou, ainda, que tem cobrado diariamente a conclus\u00e3o porque sabe dos problemas que t\u00eam causado na vida dos moradores.<\/p>\n<p style=\"text-align: justify;\"><strong>Empresa Camel<\/strong><\/p>\n<p style=\"text-align: justify;\">De acordo com o engenheiro da empresa Camel, Igor Ribeiro, a rede de esgoto desta avenida \u00e9 considerada a respons\u00e1vel por colocar todo o sistema em funcionamento. Seja da cidade alta ou baixa, o esgotamento passa primeiro por ela e em seguida \u00e9 destinado ao tratamento.<\/p>\n<p style=\"text-align: justify;\">Acontece que a rede est\u00e1 com uma <strong>profundidade de aproximadamente 4 metros<\/strong>, o que para o engenheiro respons\u00e1vel pela obra atrasa o servi\u00e7o. \u201cImagine uma via aonde tem 6 metros e quarenta de largura e ainda precisar realizar a escava\u00e7\u00e3o de 4 metros em um terreno que o len\u00e7ol fre\u00e1tico \u00e9 quase superficial, sem contar com o vazamento de \u00e1gua e o grande fluxo de ve\u00edculos\u201d, explica Igor.<\/p>\n<p style=\"text-align: justify;\">O engenheiro disse que todos esses fatores dificultam a execu\u00e7\u00e3o da obra na regi\u00e3o, e que o grande fluxo do ve\u00edculo do outro lado da via acabou ocasionando buracos e retardando o processo de conclus\u00e3o.<\/p>\n<p style=\"text-align: justify;\">\u201cO grande fluxo do ve\u00edculo somente de um lado e a \u00e1gua acumulada nos buracos que j\u00e1 existiam foram danificando ainda mais a pavimenta\u00e7\u00e3o existente, e por conta disso causou transtornos a todos\u201d, reconhece.<\/p>\n<p>&nbsp;<\/p>\n<p><strong><em>Acompanhe tamb\u00e9m o SE Not\u00edcias no\u00a0<a href=\"https:\/\/twitter.com\/Senoticias\" target=\"_blank\" rel=\"noopener\">Twitter<\/a>,\u00a0<a href=\"https:\/\/www.facebook.com\/senoticias1\" target=\"_blank\" rel=\"noopener\">Facebook<\/a>\u00a0e no\u00a0<a href=\"https:\/\/www.instagram.com\/senoticias\/\" target=\"_blank\" rel=\"noopener\">Instagram<\/a><\/em><\/strong><\/p>\n<p>&nbsp;<\/p>\n<p>&nbsp;<\/p>\n<p><a href=\"https:\/\/senoticias.com.br\/se\/wp-content\/uploads\/2020\/07\/Logo-SE-Noticias-1.jpg\"><img loading=\"lazy\" decoding=\"async\" class=\"alignnone size-full wp-image-124377\" src=\"https:\/\/senoticias.com.br\/se\/wp-content\/uploads\/2020\/07\/Logo-SE-Noticias-1.jpg\" alt=\"\" width=\"599\" height=\"78\" srcset=\"https:\/\/senoticias.com.br\/se\/wp-content\/uploads\/2020\/07\/Logo-SE-Noticias-1.jpg 599w, https:\/\/senoticias.com.br\/se\/wp-content\/uploads\/2020\/07\/Logo-SE-Noticias-1-300x39.jpg 300w\" sizes=\"(max-width: 599px) 100vw, 599px\" \/><\/a><\/p>\n<p>&nbsp;<\/p>\n<p><em>Reda\u00e7\u00e3o SE Not\u00edcias com informa\u00e7\u00f5es da ascom\/PMSC<\/em><\/p>\n","protected":false},"excerpt":{"rendered":"<p>Na tarde desta segunda-feira, 3, o prefeito de S\u00e3o Crist\u00f3v\u00e3o, Marcos Santana recebeu na sala de reuni\u00e3o do gabinete a equipe da Deso para tratar da situa\u00e7\u00e3o da avenida Irineu Neri. Durante o encontro, o gestor municipal recebeu informa\u00e7\u00f5es sobre o t\u00e9rmino da obra, dentro das perspectivas do cronograma estabelecido pela companhia de saneamento. Acompanhando [&hellip;]<\/p>\n","protected":false},"author":6557,"featured_media":124494,"comment_status":"closed","ping_status":"closed","sticky":false,"template":"","format":"standard","meta":{"footnotes":""},"categories":[15,6,1],"tags":[208,15263,15264,15262,335],"class_list":{"0":"post-124483","1":"post","2":"type-post","3":"status-publish","4":"format-standard","5":"has-post-thumbnail","7":"category-destaques","8":"category-politica","9":"category-sem-categoria","10":"tag-deso","11":"tag-empresa-camel","12":"tag-obra-de-esgotamento-sanitario","13":"tag-obras-da-deso","14":"tag-sao-cristovao"},"_links":{"self":[{"href":"https:\/\/senoticias.com.br\/se\/wp-json\/wp\/v2\/posts\/124483"}],"collection":[{"href":"https:\/\/senoticias.com.br\/se\/wp-json\/wp\/v2\/posts"}],"about":[{"href":"https:\/\/senoticias.com.br\/se\/wp-json\/wp\/v2\/types\/post"}],"author":[{"embeddable":true,"href":"https:\/\/senoticias.com.br\/se\/wp-json\/wp\/v2\/users\/6557"}],"replies":[{"embeddable":true,"href":"https:\/\/senoticias.com.br\/se\/wp-json\/wp\/v2\/comments?post=124483"}],"version-history":[{"count":0,"href":"https:\/\/senoticias.com.br\/se\/wp-json\/wp\/v2\/posts\/124483\/revisions"}],"wp:featuredmedia":[{"embeddable":true,"href":"https:\/\/senoticias.com.br\/se\/wp-json\/wp\/v2\/media\/124494"}],"wp:attachment":[{"href":"https:\/\/senoticias.com.br\/se\/wp-json\/wp\/v2\/media?parent=124483"}],"wp:term":[{"taxonomy":"category","embeddable":true,"href":"https:\/\/senoticias.com.br\/se\/wp-json\/wp\/v2\/categories?post=124483"},{"taxonomy":"post_tag","embeddable":true,"href":"https:\/\/senoticias.com.br\/se\/wp-json\/wp\/v2\/tags?post=124483"}],"curies":[{"name":"wp","href":"https:\/\/api.w.org\/{rel}","templated":true}]}}