{"id":124477,"date":"2020-08-03T05:47:08","date_gmt":"2020-08-03T08:47:08","guid":{"rendered":"https:\/\/senoticias.com.br\/se\/?p=124477"},"modified":"2020-08-03T05:47:08","modified_gmt":"2020-08-03T08:47:08","slug":"vaquejada-com-mais-de-100-inscritos-e-flagrada-no-interior-do-estado","status":"publish","type":"post","link":"https:\/\/senoticias.com.br\/se\/vaquejada-com-mais-de-100-inscritos-e-flagrada-no-interior-do-estado\/","title":{"rendered":"Vaquejada com mais de 100 inscritos \u00e9 flagrada no interior do estado"},"content":{"rendered":"<div class=\"mc-column content-text active-extra-styles \" data-block-type=\"unstyled\" data-block-weight=\"44\" data-block-id=\"2\">\n<p class=\"content-text__container \" style=\"text-align: justify;\" data-track-category=\"Link no Texto\" data-track-links=\"\">Uma vaquejada com 119 pessoas inscritas foi flagrada em uma fazenda do Povoado Mata Pia do C\u00e1gado, no munic\u00edpio de Po\u00e7o Redondo nesse s\u00e1bado (1\u00ba). O evento descumpriu o decreto estadual que estabelece medidas restritivas para o combate da pandemia do novo coronav\u00edrus.<\/p>\n<div id=\"attachment_124478\" style=\"width: 609px\" class=\"wp-caption aligncenter\"><a href=\"https:\/\/senoticias.com.br\/se\/wp-content\/uploads\/2020\/08\/Vaquejada-Se-Noticias-e1596444249720.jpg\"><img loading=\"lazy\" decoding=\"async\" aria-describedby=\"caption-attachment-124478\" class=\"size-full wp-image-124478\" src=\"https:\/\/senoticias.com.br\/se\/wp-content\/uploads\/2020\/08\/Vaquejada-Se-Noticias-e1596444249720.jpg\" alt=\"\" width=\"599\" height=\"375\" \/><\/a><p id=\"caption-attachment-124478\" class=\"wp-caption-text\">De acordo com a Companhia Independente de Opera\u00e7\u00f5es Policiais em \u00c1rea de Caatinga, centenas de pessoas estavam aglomeradas no local (foto: PM\/SE)<\/p><\/div>\n<\/div>\n<div class=\"wall protected-content\">\n<div class=\"mc-column content-text active-extra-styles \" style=\"text-align: justify;\" data-block-type=\"unstyled\" data-block-weight=\"28\" data-block-id=\"3\">\n<p class=\"content-text__container \" data-track-category=\"Link no Texto\" data-track-links=\"\">De acordo com a Companhia Independente de Opera\u00e7\u00f5es Policiais em \u00c1rea de Caatinga, centenas de pessoas estavam aglomeradas no local assistindo \u00e0s disputas entre vaqueiros montados a cavalo.<\/p>\n<\/div>\n<div class=\"mc-column content-text active-extra-styles \" style=\"text-align: justify;\" data-block-type=\"unstyled\" data-block-weight=\"33\" data-block-id=\"4\">\n<p class=\"content-text__container \" data-track-category=\"Link no Texto\" data-track-links=\"\">As fichas de inscri\u00e7\u00e3o preenchidas foram apreendidas com um dos organizadores. Ele foi levado \u00e0 Delegacia Plantonista de Nossa Senhora da Gl\u00f3ria, onde o caso foi registrado e ser\u00e1 investigado pela Pol\u00edcia Civil.<\/p>\n<\/div>\n<div class=\"mc-column content-text active-extra-styles \" data-block-type=\"unstyled\" data-block-weight=\"27\" data-block-id=\"5\">\n<p class=\"content-text__container \" style=\"text-align: justify;\" data-track-category=\"Link no Texto\" data-track-links=\"\">Na cidade foram registradas pela Secretaria de Estado da Sa\u00fade, at\u00e9 a noite desse domingo, cinco mortes por causa da Covid-19 e 130 casos do novo coronav\u00edrus.<\/p>\n<p data-track-category=\"Link no Texto\" data-track-links=\"\">\n<\/div>\n<p data-track-category=\"Link no Texto\" data-track-links=\"\"><a href=\"https:\/\/senoticias.com.br\/se\/wp-content\/uploads\/2020\/07\/Logo-SE-Noticias-1.jpg\"><img loading=\"lazy\" decoding=\"async\" class=\"aligncenter size-full wp-image-124377\" src=\"https:\/\/senoticias.com.br\/se\/wp-content\/uploads\/2020\/07\/Logo-SE-Noticias-1.jpg\" alt=\"\" width=\"599\" height=\"78\" srcset=\"https:\/\/senoticias.com.br\/se\/wp-content\/uploads\/2020\/07\/Logo-SE-Noticias-1.jpg 599w, https:\/\/senoticias.com.br\/se\/wp-content\/uploads\/2020\/07\/Logo-SE-Noticias-1-300x39.jpg 300w\" sizes=\"(max-width: 599px) 100vw, 599px\" \/><\/a><\/p>\n<\/div>\n<p data-track-category=\"Link no Texto\" data-track-links=\"\">\n<p data-track-category=\"Link no Texto\" data-track-links=\"\"><strong><em>Acompanhe tamb\u00e9m o SE Not\u00edcias no\u00a0<a href=\"https:\/\/twitter.com\/Senoticias\" target=\"_blank\" rel=\"noopener\">Twitter<\/a>,\u00a0<a href=\"https:\/\/www.facebook.com\/senoticias1\" target=\"_blank\" rel=\"noopener\">Facebook<\/a>\u00a0e no\u00a0<a href=\"https:\/\/www.instagram.com\/senoticias\/\" target=\"_blank\" rel=\"noopener\">Instagram<\/a><\/em><\/strong><\/p>\n<p data-track-category=\"Link no Texto\" data-track-links=\"\">\n<p data-track-category=\"Link no Texto\" data-track-links=\"\"><em>Mat\u00e9ria extra\u00edda do portal<a href=\"https:\/\/g1.globo.com\/se\/sergipe\/noticia\/2020\/08\/02\/vaquejada-com-mais-de-100-inscritos-e-flagrada-em-poco-redondo.ghtml\"> G1 SE<\/a><\/em><\/p>\n","protected":false},"excerpt":{"rendered":"<p>Uma vaquejada com 119 pessoas inscritas foi flagrada em uma fazenda do Povoado Mata Pia do C\u00e1gado, no munic\u00edpio de Po\u00e7o Redondo nesse s\u00e1bado (1\u00ba). O evento descumpriu o decreto estadual que estabelece medidas restritivas para o combate da pandemia do novo coronav\u00edrus. De acordo com a Companhia Independente de Opera\u00e7\u00f5es Policiais em \u00c1rea de [&hellip;]<\/p>\n","protected":false},"author":6557,"featured_media":124478,"comment_status":"closed","ping_status":"closed","sticky":false,"template":"","format":"standard","meta":{"footnotes":""},"categories":[15,38],"tags":[15253,14369,3544,86,15252],"class_list":{"0":"post-124477","1":"post","2":"type-post","3":"status-publish","4":"format-standard","5":"has-post-thumbnail","7":"category-destaques","8":"category-municipios","9":"tag-companhia-independente-de-operacoes-policiais-em-area-de-caatinga","10":"tag-pandemia","11":"tag-poco-redondo","12":"tag-policia-militar","13":"tag-povoado-mata-pia-do-cagado"},"_links":{"self":[{"href":"https:\/\/senoticias.com.br\/se\/wp-json\/wp\/v2\/posts\/124477"}],"collection":[{"href":"https:\/\/senoticias.com.br\/se\/wp-json\/wp\/v2\/posts"}],"about":[{"href":"https:\/\/senoticias.com.br\/se\/wp-json\/wp\/v2\/types\/post"}],"author":[{"embeddable":true,"href":"https:\/\/senoticias.com.br\/se\/wp-json\/wp\/v2\/users\/6557"}],"replies":[{"embeddable":true,"href":"https:\/\/senoticias.com.br\/se\/wp-json\/wp\/v2\/comments?post=124477"}],"version-history":[{"count":0,"href":"https:\/\/senoticias.com.br\/se\/wp-json\/wp\/v2\/posts\/124477\/revisions"}],"wp:featuredmedia":[{"embeddable":true,"href":"https:\/\/senoticias.com.br\/se\/wp-json\/wp\/v2\/media\/124478"}],"wp:attachment":[{"href":"https:\/\/senoticias.com.br\/se\/wp-json\/wp\/v2\/media?parent=124477"}],"wp:term":[{"taxonomy":"category","embeddable":true,"href":"https:\/\/senoticias.com.br\/se\/wp-json\/wp\/v2\/categories?post=124477"},{"taxonomy":"post_tag","embeddable":true,"href":"https:\/\/senoticias.com.br\/se\/wp-json\/wp\/v2\/tags?post=124477"}],"curies":[{"name":"wp","href":"https:\/\/api.w.org\/{rel}","templated":true}]}}