{"id":124454,"date":"2020-07-30T14:30:14","date_gmt":"2020-07-30T17:30:14","guid":{"rendered":"https:\/\/senoticias.com.br\/se\/?p=124454"},"modified":"2020-07-30T14:30:14","modified_gmt":"2020-07-30T17:30:14","slug":"pandemia-campanha-busca-orientar-a-populacao-sobre-a-automedicacao","status":"publish","type":"post","link":"https:\/\/senoticias.com.br\/se\/pandemia-campanha-busca-orientar-a-populacao-sobre-a-automedicacao\/","title":{"rendered":"Pandemia: campanha busca orientar a popula\u00e7\u00e3o sobre a automedica\u00e7\u00e3o"},"content":{"rendered":"<p style=\"text-align: justify;\">Na tentativa de alertar a popula\u00e7\u00e3o sobre os perigos do uso incorreto de medicamentos durante a pandemia, o Conselho Regional de Farm\u00e1cia de Sergipe (CRF\/SE) lan\u00e7ou uma campanha sobre a automedica\u00e7\u00e3o.<\/p>\n<div id=\"attachment_124455\" style=\"width: 560px\" class=\"wp-caption aligncenter\"><a href=\"https:\/\/senoticias.com.br\/se\/wp-content\/uploads\/2020\/07\/medicamentos-aumento-de-pre\u00e7o-foto-ag\u00eancia-brasil-23062020.jpg\"><img loading=\"lazy\" decoding=\"async\" aria-describedby=\"caption-attachment-124455\" class=\"size-full wp-image-124455\" src=\"https:\/\/senoticias.com.br\/se\/wp-content\/uploads\/2020\/07\/medicamentos-aumento-de-pre\u00e7o-foto-ag\u00eancia-brasil-23062020.jpg\" alt=\"\" width=\"550\" height=\"330\" srcset=\"https:\/\/senoticias.com.br\/se\/wp-content\/uploads\/2020\/07\/medicamentos-aumento-de-pre\u00e7o-foto-ag\u00eancia-brasil-23062020.jpg 550w, https:\/\/senoticias.com.br\/se\/wp-content\/uploads\/2020\/07\/medicamentos-aumento-de-pre\u00e7o-foto-ag\u00eancia-brasil-23062020-300x180.jpg 300w\" sizes=\"(max-width: 550px) 100vw, 550px\" \/><\/a><p id=\"caption-attachment-124455\" class=\"wp-caption-text\">Campanha busca orientar os consumidores (Foto: Ag\u00eancia Brasil)<\/p><\/div>\n<p style=\"text-align: justify;\">Atrav\u00e9s das redes sociais do Conselho, os consumidores poder\u00e3o obter informa\u00e7\u00f5es a respeito de como proceder na automedica\u00e7\u00e3o. Segundo o CRF\/SE, um fato que preocupa \u00e9 em rela\u00e7\u00e3o ao compartilhamento de \u2018fake news\u2019 quanto ao uso de algum determinado medicamento no combate a Covid-19, o que motivou a realiza\u00e7\u00e3o da campanha.<\/p>\n<p style=\"text-align: justify;\">De acordo com a diretora-tesoureira do CRF\/SE, Larissa Carvalho, o consumo de alguns medicamentos aumentaram na pandemia. \u201c\u00c9 preciso que as pessoas n\u00e3o compartilhem essas informa\u00e7\u00f5es falsas sobre a eficacia de algum medicamento. N\u00e3o temos dados oficiais sobre o perfil de consumo de medicamento sem prescri\u00e7\u00e3o m\u00e9dica, mas como sempre fazemos fiscaliza\u00e7\u00f5es, sabemos que aumentou o uso de medicamentos como polivitam\u00ednicos, antigripais e at\u00e9 da Ivermectina como sendo usado para o tratamento da Covid-19\u201d, conta.A recomenda\u00e7\u00e3o do Conselho \u00e9 para que em caso de automedica\u00e7\u00e3o, o pr\u00f3prio consumidor procure orienta\u00e7\u00f5es junto a um profissional farmac\u00eautico. \u201cSe a pessoa fizer uso da automedica\u00e7\u00e3o que ela procure orienta\u00e7\u00f5es de um farmac\u00eautico porque ele \u00e9 a pessoa mais indicada em dizer se aquele medicamento \u00e9 indicado para ela ou se pode trazer alguma complica\u00e7\u00e3o\u201d, diz.<\/p>\n<p style=\"text-align: justify;\"><strong>Riscos<\/strong><\/p>\n<p style=\"text-align: justify;\">A farmac\u00eautica Larissa Carvalho ressalta ainda sobre os riscos da automedica\u00e7\u00e3o que pode vir a agravar o problema de sa\u00fade do paciente. \u201cO medicamento pode ser contraindicado para a pessoa, ter riscos de intera\u00e7\u00e3o medicamentosa quando tomada com outro medicamento, pode mascarar os sintomas mais graves que a pessoa possa ter, problemas al\u00e9rgicos e at\u00e9 intoxica\u00e7\u00e3o\u201d, detalha.<\/p>\n<p style=\"text-align: justify;\">por Aisla Vasconcelos<\/p>\n<p><a href=\"https:\/\/senoticias.com.br\/se\/wp-content\/uploads\/2020\/07\/Logo-SE-Noticias-1.jpg\"><img loading=\"lazy\" decoding=\"async\" class=\"size-full wp-image-124377 alignleft\" src=\"https:\/\/senoticias.com.br\/se\/wp-content\/uploads\/2020\/07\/Logo-SE-Noticias-1.jpg\" alt=\"\" width=\"599\" height=\"78\" srcset=\"https:\/\/senoticias.com.br\/se\/wp-content\/uploads\/2020\/07\/Logo-SE-Noticias-1.jpg 599w, https:\/\/senoticias.com.br\/se\/wp-content\/uploads\/2020\/07\/Logo-SE-Noticias-1-300x39.jpg 300w\" sizes=\"(max-width: 599px) 100vw, 599px\" \/><\/a><\/p>\n<p>&nbsp;<\/p>\n<p>&nbsp;<\/p>\n<p>&nbsp;<\/p>\n<p><strong><em>Acompanhe tamb\u00e9m o SE Not\u00edcias no\u00a0<a href=\"https:\/\/twitter.com\/Senoticias\" target=\"_blank\" rel=\"noopener\">Twitter<\/a>,\u00a0<a href=\"https:\/\/www.facebook.com\/senoticias1\" target=\"_blank\" rel=\"noopener\">Facebook<\/a>\u00a0e no\u00a0<a href=\"https:\/\/www.instagram.com\/senoticias\/\" target=\"_blank\" rel=\"noopener\">Instagram<\/a><\/em><\/strong><\/p>\n","protected":false},"excerpt":{"rendered":"<p>Na tentativa de alertar a popula\u00e7\u00e3o sobre os perigos do uso incorreto de medicamentos durante a pandemia, o Conselho Regional de Farm\u00e1cia de Sergipe (CRF\/SE) lan\u00e7ou uma campanha sobre a automedica\u00e7\u00e3o. Atrav\u00e9s das redes sociais do Conselho, os consumidores poder\u00e3o obter informa\u00e7\u00f5es a respeito de como proceder na automedica\u00e7\u00e3o. Segundo o CRF\/SE, um fato que [&hellip;]<\/p>\n","protected":false},"author":6557,"featured_media":0,"comment_status":"closed","ping_status":"closed","sticky":false,"template":"","format":"standard","meta":{"footnotes":""},"categories":[15,20],"tags":[3065,15237,14369,2861],"class_list":{"0":"post-124454","1":"post","2":"type-post","3":"status-publish","4":"format-standard","6":"category-destaques","7":"category-saude","8":"tag-campanha","9":"tag-orientacao","10":"tag-pandemia","11":"tag-populacao"},"_links":{"self":[{"href":"https:\/\/senoticias.com.br\/se\/wp-json\/wp\/v2\/posts\/124454"}],"collection":[{"href":"https:\/\/senoticias.com.br\/se\/wp-json\/wp\/v2\/posts"}],"about":[{"href":"https:\/\/senoticias.com.br\/se\/wp-json\/wp\/v2\/types\/post"}],"author":[{"embeddable":true,"href":"https:\/\/senoticias.com.br\/se\/wp-json\/wp\/v2\/users\/6557"}],"replies":[{"embeddable":true,"href":"https:\/\/senoticias.com.br\/se\/wp-json\/wp\/v2\/comments?post=124454"}],"version-history":[{"count":0,"href":"https:\/\/senoticias.com.br\/se\/wp-json\/wp\/v2\/posts\/124454\/revisions"}],"wp:attachment":[{"href":"https:\/\/senoticias.com.br\/se\/wp-json\/wp\/v2\/media?parent=124454"}],"wp:term":[{"taxonomy":"category","embeddable":true,"href":"https:\/\/senoticias.com.br\/se\/wp-json\/wp\/v2\/categories?post=124454"},{"taxonomy":"post_tag","embeddable":true,"href":"https:\/\/senoticias.com.br\/se\/wp-json\/wp\/v2\/tags?post=124454"}],"curies":[{"name":"wp","href":"https:\/\/api.w.org\/{rel}","templated":true}]}}