{"id":124435,"date":"2020-07-29T16:50:12","date_gmt":"2020-07-29T19:50:12","guid":{"rendered":"https:\/\/senoticias.com.br\/se\/?p=124435"},"modified":"2020-07-30T06:13:27","modified_gmt":"2020-07-30T09:13:27","slug":"condutor-perde-o-controle-do-veiculo-e-provoca-grave-acidente-na-avenida-augusto-franco","status":"publish","type":"post","link":"https:\/\/senoticias.com.br\/se\/condutor-perde-o-controle-do-veiculo-e-provoca-grave-acidente-na-avenida-augusto-franco\/","title":{"rendered":"Condutor perde o controle do ve\u00edculo e provoca grave acidente na Avenida Augusto Franco"},"content":{"rendered":"<p style=\"text-align: justify;\">Na tarde desta quarta-feira,29, o condutor\u00a0<strong>Ford Fiesta<\/strong> perdeu o controle do ve\u00edculo ap\u00f3s colidir com uma barra de sinaliza\u00e7\u00e3o da Prefeitura e acabou provocando um grave acidente na Avenida Augusto Franco, em Aracaju.<\/p>\n<div id=\"attachment_124436\" style=\"width: 560px\" class=\"wp-caption aligncenter\"><a href=\"https:\/\/senoticias.com.br\/se\/wp-content\/uploads\/2020\/07\/8aeb1e29-7439-4342-b445-be2c0b6dd1dd-e1596051899236.jpg\"><img loading=\"lazy\" decoding=\"async\" aria-describedby=\"caption-attachment-124436\" class=\"size-full wp-image-124436\" src=\"https:\/\/senoticias.com.br\/se\/wp-content\/uploads\/2020\/07\/8aeb1e29-7439-4342-b445-be2c0b6dd1dd-e1596051899236.jpg\" alt=\"\" width=\"550\" height=\"309\" \/><\/a><p id=\"caption-attachment-124436\" class=\"wp-caption-text\">Durante a colis\u00e3o, dois ve\u00edculos que tamb\u00e9m passavam pelo local acabaram sendo atingidos. (Foto: CPTran)<\/p><\/div>\n<p style=\"text-align: justify;\">Segundo a <strong>Companhia de Policiamento de Tr\u00e2nsito (CPTRAN)<\/strong>, o condutor do Ford Fiesta foi conduzido para o hospital e o motorista que estava em um dos ve\u00edculos atingidos acabou fugindo do local.<\/p>\n<p style=\"text-align: justify;\">O ve\u00edculo Ford Fiesta foi conduzido ao p\u00e1tio do DETRAN por estar com o licenciamento vencido desde 2018.<\/p>\n<p style=\"text-align: justify;\"><em>Por SE Not\u00edcias com informa\u00e7\u00f5es da CPTRAN<\/em><\/p>\n<p><a href=\"https:\/\/senoticias.com.br\/se\/wp-content\/uploads\/2020\/07\/Logo-SE-Noticias-1.jpg\"><img loading=\"lazy\" decoding=\"async\" class=\"size-full wp-image-124377 alignleft\" src=\"https:\/\/senoticias.com.br\/se\/wp-content\/uploads\/2020\/07\/Logo-SE-Noticias-1.jpg\" alt=\"\" width=\"599\" height=\"78\" srcset=\"https:\/\/senoticias.com.br\/se\/wp-content\/uploads\/2020\/07\/Logo-SE-Noticias-1.jpg 599w, https:\/\/senoticias.com.br\/se\/wp-content\/uploads\/2020\/07\/Logo-SE-Noticias-1-300x39.jpg 300w\" sizes=\"(max-width: 599px) 100vw, 599px\" \/><\/a><\/p>\n<p>&nbsp;<\/p>\n<p>&nbsp;<\/p>\n<p>&nbsp;<\/p>\n<p><strong><em>Acompanhe tamb\u00e9m o SE Not\u00edcias no\u00a0<a href=\"https:\/\/twitter.com\/Senoticias\" target=\"_blank\" rel=\"noopener\">Twitter<\/a>,\u00a0<a href=\"https:\/\/www.facebook.com\/senoticias1\" target=\"_blank\" rel=\"noopener\">Facebook<\/a>\u00a0e no\u00a0<a href=\"https:\/\/www.instagram.com\/senoticias\/\" target=\"_blank\" rel=\"noopener\">Instagram\u00a0<\/a><\/em><\/strong><\/p>\n","protected":false},"excerpt":{"rendered":"<p>Na tarde desta quarta-feira,29, o condutor\u00a0Ford Fiesta perdeu o controle do ve\u00edculo ap\u00f3s colidir com uma barra de sinaliza\u00e7\u00e3o da Prefeitura e acabou provocando um grave acidente na Avenida Augusto Franco, em Aracaju. Segundo a Companhia de Policiamento de Tr\u00e2nsito (CPTRAN), o condutor do Ford Fiesta foi conduzido para o hospital e o motorista que [&hellip;]<\/p>\n","protected":false},"author":6557,"featured_media":0,"comment_status":"closed","ping_status":"closed","sticky":false,"template":"","format":"standard","meta":{"footnotes":""},"categories":[15,7],"tags":[15227,7829,15226,15225,4748],"class_list":{"0":"post-124435","1":"post","2":"type-post","3":"status-publish","4":"format-standard","6":"category-destaques","7":"category-policia","8":"tag-avenida-augusto-franco","9":"tag-condutor","10":"tag-controle","11":"tag-perde","12":"tag-veiculo"},"_links":{"self":[{"href":"https:\/\/senoticias.com.br\/se\/wp-json\/wp\/v2\/posts\/124435"}],"collection":[{"href":"https:\/\/senoticias.com.br\/se\/wp-json\/wp\/v2\/posts"}],"about":[{"href":"https:\/\/senoticias.com.br\/se\/wp-json\/wp\/v2\/types\/post"}],"author":[{"embeddable":true,"href":"https:\/\/senoticias.com.br\/se\/wp-json\/wp\/v2\/users\/6557"}],"replies":[{"embeddable":true,"href":"https:\/\/senoticias.com.br\/se\/wp-json\/wp\/v2\/comments?post=124435"}],"version-history":[{"count":0,"href":"https:\/\/senoticias.com.br\/se\/wp-json\/wp\/v2\/posts\/124435\/revisions"}],"wp:attachment":[{"href":"https:\/\/senoticias.com.br\/se\/wp-json\/wp\/v2\/media?parent=124435"}],"wp:term":[{"taxonomy":"category","embeddable":true,"href":"https:\/\/senoticias.com.br\/se\/wp-json\/wp\/v2\/categories?post=124435"},{"taxonomy":"post_tag","embeddable":true,"href":"https:\/\/senoticias.com.br\/se\/wp-json\/wp\/v2\/tags?post=124435"}],"curies":[{"name":"wp","href":"https:\/\/api.w.org\/{rel}","templated":true}]}}