{"id":124404,"date":"2020-07-27T14:50:44","date_gmt":"2020-07-27T17:50:44","guid":{"rendered":"https:\/\/senoticias.com.br\/se\/?p=124404"},"modified":"2020-07-27T15:00:39","modified_gmt":"2020-07-27T18:00:39","slug":"servidor-da-prefeitura-de-aracaju-foi-afastado-do-cargo-sob-suspeita-de-vazar-dados-da-licitacao","status":"publish","type":"post","link":"https:\/\/senoticias.com.br\/se\/servidor-da-prefeitura-de-aracaju-foi-afastado-do-cargo-sob-suspeita-de-vazar-dados-da-licitacao\/","title":{"rendered":"Servidor da Prefeitura de Aracaju foi afastado do cargo, sob suspeita de vazar dados da licita\u00e7\u00e3o"},"content":{"rendered":"<p style=\"text-align: justify;\">A Pol\u00edcia Federal cumpriu, na manh\u00e3 desta segunda-feira (27\/07), um mandado judicial de afastamento cautelar das fun\u00e7\u00f5es p\u00fablicas de um servidor p\u00fablico da Prefeitura de Aracaju\/SE, em desdobramento da <a href=\"https:\/\/senoticias.com.br\/se\/policia-federal-realiza-operacao-para-investigar-montagem-da-estrutura-do-hospital-de-campanha-da-pma\/\"><strong>OPERA\u00c7\u00c3O SER\u00d4DIO<\/strong><\/a>.<\/p>\n<p style=\"text-align: justify;\">Na deflagra\u00e7\u00e3o da opera\u00e7\u00e3o foram obtidos ind\u00edcios de que um servidor da prefeitura, que atuou na elabora\u00e7\u00e3o da Dispensa de Licita\u00e7\u00e3o n\u00ba 28\/2020, favoreceu o empres\u00e1rio vencedor com a transmiss\u00e3o de informa\u00e7\u00f5es sigilosas e com orienta\u00e7\u00f5es de como a empresa deveria proceder para se esquivar das poss\u00edveis irregularidades.<\/p>\n<div id=\"attachment_123233\" style=\"width: 560px\" class=\"wp-caption aligncenter\"><a href=\"https:\/\/senoticias.com.br\/se\/wp-content\/uploads\/2020\/05\/hospitaldecampanha_fotopma_060520.jpg\"><img loading=\"lazy\" decoding=\"async\" aria-describedby=\"caption-attachment-123233\" class=\"size-full wp-image-123233\" src=\"https:\/\/senoticias.com.br\/se\/wp-content\/uploads\/2020\/05\/hospitaldecampanha_fotopma_060520.jpg\" alt=\"\" width=\"550\" height=\"309\" srcset=\"https:\/\/senoticias.com.br\/se\/wp-content\/uploads\/2020\/05\/hospitaldecampanha_fotopma_060520.jpg 550w, https:\/\/senoticias.com.br\/se\/wp-content\/uploads\/2020\/05\/hospitaldecampanha_fotopma_060520-300x169.jpg 300w\" sizes=\"(max-width: 550px) 100vw, 550px\" \/><\/a><p id=\"caption-attachment-123233\" class=\"wp-caption-text\">A opera\u00e7\u00e3o Ser\u00f4dio contou com o apoio e a participa\u00e7\u00e3o da Controladoria-Geral da Uni\u00e3o (CGU\/SE). (Foto: Secom\/PMA)<\/p><\/div>\n<p style=\"text-align: justify;\">Com base nas informa\u00e7\u00f5es coletadas, a Pol\u00edcia Federal representou pelo afastamento do servidor de suas fun\u00e7\u00f5es p\u00fablicas, o Minist\u00e9rio P\u00fablico Federal opinou pelo deferimento da medida e a 1\u00aa Vara Federal determinou o afastamento cautelar do servidor.<\/p>\n<p style=\"text-align: justify;\">A OPERA\u00c7\u00c3O SER\u00d4DIO apura supostas irregularidades na Dispensa de Licita\u00e7\u00e3o n\u00ba 28\/2020, realizada pela Prefeitura de Aracaju\/SE, com recursos federais, que resultou na contrata\u00e7\u00e3o da empresa, para a montagem do chamado Hospital de Campanha, destinado ao tratamento de casos de novo coronav\u00edrus (Covid-19).<\/p>\n<p>&nbsp;<\/p>\n<p><strong><em>Acompanhe tamb\u00e9m o SE Not\u00edcias no\u00a0<a href=\"https:\/\/twitter.com\/Senoticias\" target=\"_blank\" rel=\"noopener\">Twitter<\/a>,\u00a0<a href=\"https:\/\/www.facebook.com\/senoticias1\" target=\"_blank\" rel=\"noopener\">Facebook<\/a>\u00a0e no\u00a0<a href=\"https:\/\/www.instagram.com\/senoticias\/\" target=\"_blank\" rel=\"noopener\">Instagram<\/a><\/em><\/strong><\/p>\n<p>&nbsp;<\/p>\n<p><a href=\"https:\/\/senoticias.com.br\/se\/wp-content\/uploads\/2020\/07\/Logo-SE-Noticias-1.jpg\"><img loading=\"lazy\" decoding=\"async\" class=\"aligncenter size-full wp-image-124377\" src=\"https:\/\/senoticias.com.br\/se\/wp-content\/uploads\/2020\/07\/Logo-SE-Noticias-1.jpg\" alt=\"\" width=\"599\" height=\"78\" srcset=\"https:\/\/senoticias.com.br\/se\/wp-content\/uploads\/2020\/07\/Logo-SE-Noticias-1.jpg 599w, https:\/\/senoticias.com.br\/se\/wp-content\/uploads\/2020\/07\/Logo-SE-Noticias-1-300x39.jpg 300w\" sizes=\"(max-width: 599px) 100vw, 599px\" \/><\/a><\/p>\n<p>&nbsp;<\/p>\n<p><em>Comunica\u00e7\u00e3o Social\/Pol\u00edcia Federal\/Sergipe<\/em><\/p>\n","protected":false},"excerpt":{"rendered":"<p>A Pol\u00edcia Federal cumpriu, na manh\u00e3 desta segunda-feira (27\/07), um mandado judicial de afastamento cautelar das fun\u00e7\u00f5es p\u00fablicas de um servidor p\u00fablico da Prefeitura de Aracaju\/SE, em desdobramento da OPERA\u00c7\u00c3O SER\u00d4DIO. Na deflagra\u00e7\u00e3o da opera\u00e7\u00e3o foram obtidos ind\u00edcios de que um servidor da prefeitura, que atuou na elabora\u00e7\u00e3o da Dispensa de Licita\u00e7\u00e3o n\u00ba 28\/2020, favoreceu [&hellip;]<\/p>\n","protected":false},"author":6557,"featured_media":123233,"comment_status":"closed","ping_status":"closed","sticky":false,"template":"","format":"standard","meta":{"footnotes":""},"categories":[15,7],"tags":[15200,14629,15199,1947,213],"class_list":{"0":"post-124404","1":"post","2":"type-post","3":"status-publish","4":"format-standard","5":"has-post-thumbnail","7":"category-destaques","8":"category-policia","9":"tag-controladoria-geral-da-uniao","10":"tag-hospital-de-campanha","11":"tag-operacao-serodio","12":"tag-policia-federal","13":"tag-prefeitura-de-aracaju"},"_links":{"self":[{"href":"https:\/\/senoticias.com.br\/se\/wp-json\/wp\/v2\/posts\/124404"}],"collection":[{"href":"https:\/\/senoticias.com.br\/se\/wp-json\/wp\/v2\/posts"}],"about":[{"href":"https:\/\/senoticias.com.br\/se\/wp-json\/wp\/v2\/types\/post"}],"author":[{"embeddable":true,"href":"https:\/\/senoticias.com.br\/se\/wp-json\/wp\/v2\/users\/6557"}],"replies":[{"embeddable":true,"href":"https:\/\/senoticias.com.br\/se\/wp-json\/wp\/v2\/comments?post=124404"}],"version-history":[{"count":0,"href":"https:\/\/senoticias.com.br\/se\/wp-json\/wp\/v2\/posts\/124404\/revisions"}],"wp:featuredmedia":[{"embeddable":true,"href":"https:\/\/senoticias.com.br\/se\/wp-json\/wp\/v2\/media\/123233"}],"wp:attachment":[{"href":"https:\/\/senoticias.com.br\/se\/wp-json\/wp\/v2\/media?parent=124404"}],"wp:term":[{"taxonomy":"category","embeddable":true,"href":"https:\/\/senoticias.com.br\/se\/wp-json\/wp\/v2\/categories?post=124404"},{"taxonomy":"post_tag","embeddable":true,"href":"https:\/\/senoticias.com.br\/se\/wp-json\/wp\/v2\/tags?post=124404"}],"curies":[{"name":"wp","href":"https:\/\/api.w.org\/{rel}","templated":true}]}}