{"id":124340,"date":"2020-07-22T08:21:23","date_gmt":"2020-07-22T11:21:23","guid":{"rendered":"https:\/\/senoticias.com.br\/se\/?p=124340"},"modified":"2020-07-22T19:57:12","modified_gmt":"2020-07-22T22:57:12","slug":"ciclistas-fazem-ato-para-cobrar-seguranca-e-respeito-no-transito","status":"publish","type":"post","link":"https:\/\/senoticias.com.br\/se\/ciclistas-fazem-ato-para-cobrar-seguranca-e-respeito-no-transito\/","title":{"rendered":"Ciclistas fazem ato para cobrar seguran\u00e7a e respeito no tr\u00e2nsito"},"content":{"rendered":"<p style=\"text-align: justify;\">Ciclistas de Aracaju realizaram final da tarde desta ter\u00e7a-feira, 21, nos Arcos da Orla de Atalaia, um ato para cobrar seguran\u00e7a e respeito no tr\u00e2nsito. O ato foi motivado pela morte do <a href=\"https:\/\/senoticias.com.br\/se\/ciclista-morre-apos-ser-atingido-por-carro-na-zona-sul-de-aracaju\/\"><strong>ciclista Andr\u00e9 Rodrigues Espinola<\/strong><\/a>, v\u00edtima de acidente na avenida In\u00e1cio Barbosa, nas proximidades do Banho Doce.<\/p>\n<div id=\"attachment_124341\" style=\"width: 489px\" class=\"wp-caption aligncenter\"><a href=\"https:\/\/senoticias.com.br\/se\/wp-content\/uploads\/2020\/07\/Sem-t\u00edtulo.png\"><img loading=\"lazy\" decoding=\"async\" aria-describedby=\"caption-attachment-124341\" class=\"size-full wp-image-124341\" src=\"https:\/\/senoticias.com.br\/se\/wp-content\/uploads\/2020\/07\/Sem-t\u00edtulo.png\" alt=\"\" width=\"479\" height=\"358\" srcset=\"https:\/\/senoticias.com.br\/se\/wp-content\/uploads\/2020\/07\/Sem-t\u00edtulo.png 479w, https:\/\/senoticias.com.br\/se\/wp-content\/uploads\/2020\/07\/Sem-t\u00edtulo-300x224.png 300w, https:\/\/senoticias.com.br\/se\/wp-content\/uploads\/2020\/07\/Sem-t\u00edtulo-45x35.png 45w\" sizes=\"(max-width: 479px) 100vw, 479px\" \/><\/a><p id=\"caption-attachment-124341\" class=\"wp-caption-text\">Ciclistas fazem ato (foto: Arthur Soares)<\/p><\/div>\n<p style=\"text-align: justify;\">Os ciclistas estavam de m\u00e1scaras e usavam bal\u00f5es brancos nas bicicletas em sinal de paz. Na concentra\u00e7\u00e3o, nos Arcos da Orla de Atalaia, eles fizeram uma ora\u00e7\u00e3o. Logo depois, seguiram em fila \u00fanica at\u00e9 o local do acidente, onde fizeram um minuto de sil\u00eancio. O retorno aos Arcos da Orla marcou o encerramento do ato.<\/p>\n<p style=\"text-align: justify;\">Um dos organizadores do evento, Felipe Dantas, explica que o ato chama aten\u00e7\u00e3o para a necessidade de respeito entre motoristas, motociclistas e ciclistas. \u201cPara que fatos lament\u00e1veis como esse acidente n\u00e3o voltem a acontecer, \u00e9 preciso respeito entre motoristas, motociclistas e ciclistas. As pessoas devem respeita o limite de dist\u00e2ncia do ciclista e entender que se ele est\u00e1 se arriscando em alguma via \u00e9 porque a ciclovia n\u00e3o oferece boas condi\u00e7\u00f5es. Muitas vezes elas s\u00e3o em n\u00famero reduzido e n\u00e3o passam por manuten\u00e7\u00f5es, tem buracos ou faltam subidas e rampas\u201d, explica.Felipe tamb\u00e9m cobra respeito aos ciclistas de alta performance que treinam em nosso estado. \u201cNosso estado tem muitos ciclistas de alta performance (inclusive campe\u00f5es pan-americanos, brasileiros nordestinos), que n\u00e3o t\u00eam local para treinar e precisam se arriscar em vias menos movimentadas, utilizando hor\u00e1rios alternativos. \u00c9 preciso que as pessoas evitem xingamentos e entendam que eles est\u00e3o naqueles locais porque n\u00e3o h\u00e1 como treinar em ciclovias, j\u00e1 que as bicicletas durante o treino chegam a atingir 35 km\/h\u201d, destaca.<\/p>\n<p style=\"text-align: justify;\"><strong>Acidente<\/strong><\/p>\n<p style=\"text-align: justify;\">O acidente que vitimou Andr\u00e9 Rodrigues Espinola ocorreu na noite da \u00faltima segunda-feira, 20. Um carro atingiu outro ve\u00edculo, que capotou v\u00e1rias vezes, e atingiu o ciclista, que veio a \u00f3bito. O condutor do ve\u00edculo que provocou o acidente fez o teste do etil\u00f4metro, que apontou teor alco\u00f3lico muito acima do que \u00e9 permitido por lei. Ele foi preso em flagrante e ap\u00f3s audi\u00eancia de cust\u00f3dia, est\u00e1 preso preventivamente.<\/p>\n<p style=\"text-align: justify;\"><em>Por Verlane Est\u00e1cio, do portal Infonet<\/em><\/p>\n<p>&nbsp;<\/p>\n<p style=\"text-align: justify;\"><a href=\"https:\/\/senoticias.com.br\/se\/wp-content\/uploads\/2020\/07\/Logo-SE-Noticias.jpg\"><img loading=\"lazy\" decoding=\"async\" class=\"size-full wp-image-124113 alignleft\" src=\"https:\/\/senoticias.com.br\/se\/wp-content\/uploads\/2020\/07\/Logo-SE-Noticias.jpg\" alt=\"\" width=\"599\" height=\"78\" srcset=\"https:\/\/senoticias.com.br\/se\/wp-content\/uploads\/2020\/07\/Logo-SE-Noticias.jpg 599w, https:\/\/senoticias.com.br\/se\/wp-content\/uploads\/2020\/07\/Logo-SE-Noticias-300x39.jpg 300w\" sizes=\"(max-width: 599px) 100vw, 599px\" \/><\/a><\/p>\n<p>&nbsp;<\/p>\n<p>&nbsp;<\/p>\n<p>&nbsp;<\/p>\n<p><strong><em>\u00a0Acompanhe tamb\u00e9m o SE Not\u00edcias no\u00a0<a href=\"https:\/\/twitter.com\/Senoticias\" target=\"_blank\" rel=\"noopener\">Twitter<\/a>,\u00a0<a href=\"https:\/\/www.facebook.com\/senoticias1\" target=\"_blank\" rel=\"noopener\">Facebook<\/a>\u00a0e no\u00a0<a href=\"https:\/\/www.instagram.com\/senoticias\/\" target=\"_blank\" rel=\"noopener\">Instagram\u00a0<\/a><\/em><\/strong><\/p>\n","protected":false},"excerpt":{"rendered":"<p>Ciclistas de Aracaju realizaram final da tarde desta ter\u00e7a-feira, 21, nos Arcos da Orla de Atalaia, um ato para cobrar seguran\u00e7a e respeito no tr\u00e2nsito. O ato foi motivado pela morte do ciclista Andr\u00e9 Rodrigues Espinola, v\u00edtima de acidente na avenida In\u00e1cio Barbosa, nas proximidades do Banho Doce. Os ciclistas estavam de m\u00e1scaras e usavam [&hellip;]<\/p>\n","protected":false},"author":6557,"featured_media":0,"comment_status":"closed","ping_status":"closed","sticky":false,"template":"","format":"standard","meta":{"footnotes":""},"categories":[15,7],"tags":[12081,14803,6444,11014,4343,3320],"class_list":{"0":"post-124340","1":"post","2":"type-post","3":"status-publish","4":"format-standard","6":"category-destaques","7":"category-policia","8":"tag-ato","9":"tag-ciclistas","10":"tag-cobranca","11":"tag-respeito","12":"tag-seguranca","13":"tag-transito"},"_links":{"self":[{"href":"https:\/\/senoticias.com.br\/se\/wp-json\/wp\/v2\/posts\/124340"}],"collection":[{"href":"https:\/\/senoticias.com.br\/se\/wp-json\/wp\/v2\/posts"}],"about":[{"href":"https:\/\/senoticias.com.br\/se\/wp-json\/wp\/v2\/types\/post"}],"author":[{"embeddable":true,"href":"https:\/\/senoticias.com.br\/se\/wp-json\/wp\/v2\/users\/6557"}],"replies":[{"embeddable":true,"href":"https:\/\/senoticias.com.br\/se\/wp-json\/wp\/v2\/comments?post=124340"}],"version-history":[{"count":0,"href":"https:\/\/senoticias.com.br\/se\/wp-json\/wp\/v2\/posts\/124340\/revisions"}],"wp:attachment":[{"href":"https:\/\/senoticias.com.br\/se\/wp-json\/wp\/v2\/media?parent=124340"}],"wp:term":[{"taxonomy":"category","embeddable":true,"href":"https:\/\/senoticias.com.br\/se\/wp-json\/wp\/v2\/categories?post=124340"},{"taxonomy":"post_tag","embeddable":true,"href":"https:\/\/senoticias.com.br\/se\/wp-json\/wp\/v2\/tags?post=124340"}],"curies":[{"name":"wp","href":"https:\/\/api.w.org\/{rel}","templated":true}]}}