{"id":124336,"date":"2020-07-21T19:10:13","date_gmt":"2020-07-21T22:10:13","guid":{"rendered":"https:\/\/senoticias.com.br\/se\/?p=124336"},"modified":"2020-07-21T19:10:13","modified_gmt":"2020-07-21T22:10:13","slug":"ministro-paulo-guedes-diz-apoiar-unificacao-de-impostos-federais-e-estaduais","status":"publish","type":"post","link":"https:\/\/senoticias.com.br\/se\/ministro-paulo-guedes-diz-apoiar-unificacao-de-impostos-federais-e-estaduais\/","title":{"rendered":"Ministro Paulo Guedes diz apoiar unifica\u00e7\u00e3o de impostos federais e estaduais"},"content":{"rendered":"<p style=\"text-align: justify;\">\u201cN\u00f3s trazemos um IVA (Imposto de Valor Adicional) dual, que era o que n\u00f3s defendemos desde a campanha e preparamos\u201d, disse o ministro da Economia, Paulo Guedes, ao entregar ao Congresso a primeira parte da proposta do governo para a reforma tribut\u00e1ria.<\/p>\n<p style=\"text-align: justify;\"><a href=\"https:\/\/senoticias.com.br\/se\/wp-content\/uploads\/2020\/07\/senado-Se-Noticias-e1595369039238.jpeg\"><img loading=\"lazy\" decoding=\"async\" class=\"alignnone size-full wp-image-124337\" src=\"https:\/\/senoticias.com.br\/se\/wp-content\/uploads\/2020\/07\/senado-Se-Noticias-e1595369039238.jpeg\" alt=\"\" width=\"599\" height=\"343\" \/><\/a><\/p>\n<p style=\"text-align: justify;\">O ministro disse que a proposta complementa as propostas j\u00e1 em tramita\u00e7\u00e3o no Congresso. \u201cEm respeito \u00e0 Federa\u00e7\u00e3o e em respeito ao Congresso, n\u00e3o cabe ao ministro da Fazenda e sim ao Congresso legislar as rela\u00e7\u00f5es entre os entes federativos\u201d, afirmou em refer\u00eancia ao ICMS e ISS. \u201cEu n\u00e3o posso invadir o territ\u00f3rio dos prefeitos falando sobre ISS ou invadir o territ\u00f3rio dos governadores falando sobre ICMS\u201d.<\/p>\n<p style=\"text-align: justify;\">Ele frisou que h\u00e1, da parte do governo, \u201capoio total\u201d ao que est\u00e1 estipulado na PEC 45, que prop\u00f5e unifica\u00e7\u00e3o de cinco impostos (IPI, PIS, Cofins, ICMS e ISS). \u201cN\u00f3s apoiamos o acoplamento. Pode ser que haja estados que queiram acoplar e estados que n\u00e3o.\u201d<\/p>\n<p style=\"text-align: justify;\">As principais informa\u00e7\u00f5es deste texto foram enviadas antes para os assinantes dos servi\u00e7os premium do Congresso em Foco. Cadastre-se e fa\u00e7a um test drive.<\/p>\n<p style=\"text-align: justify;\">Guedes informou que mudan\u00e7as no IPI, no Imposto de Renda e em tributos sobre dividendos ser\u00e3o enviados ao Congresso oportunamente.<\/p>\n<p style=\"text-align: justify;\">&#8220;\u00c9 a pol\u00edtica que dita o ritmo das reformas. N\u00f3s sempre confiamos no Congresso reformista&#8221;, disse o ministro da Economia. \u201cN\u00f3s confiamos nesse esp\u00edrito construtivo&#8221;, disse ele, acenando aos presidentes da C\u00e2mara e do Senado. Guedes atribuiu o atraso no envio da reforma \u00e0s circunst\u00e2ncias pol\u00edticas e \u00e0 pandemia. Houve sempre uma extraordin\u00e1ria boa vontade, do Senado e da C\u00e2mara, com o Executivo\u201d, disse Guedes.<\/p>\n<p style=\"text-align: justify;\"><strong>Entrega do projeto<\/strong><\/p>\n<p style=\"text-align: justify;\">O presidente Jair Bolsonaro enviou h\u00e1 pouco ao Congresso Nacional o projeto de lei que institui a Contribui\u00e7\u00e3o Social sobre Opera\u00e7\u00f5es com Bens e Servi\u00e7os (CBS), o chamado IVA Federal. A informa\u00e7\u00e3o est\u00e1 no Di\u00e1rio Oficial da Uni\u00e3o. A entrega foi feita pessoalmente pelos ministros da Economia e da Secretaria de Governo, Luiz Eduardo Ramos.<\/p>\n<p style=\"text-align: justify;\">A mensagem com o encaminhamento do texto foi publicada em edi\u00e7\u00e3o extra desta ter\u00e7a-feira (21) do Di\u00e1rio Oficial da Uni\u00e3o. O projeto s\u00f3 deve ser divulgado ap\u00f3s ser entregue pelo ministro da Economia, Paulo Guedes, aos presidentes da C\u00e2mara e do Senado.<\/p>\n<p><a href=\"https:\/\/senoticias.com.br\/se\/wp-content\/uploads\/2020\/07\/Logo-SE-Noticias.jpg\"><img loading=\"lazy\" decoding=\"async\" class=\"alignnone size-full wp-image-124113\" src=\"https:\/\/senoticias.com.br\/se\/wp-content\/uploads\/2020\/07\/Logo-SE-Noticias.jpg\" alt=\"\" width=\"599\" height=\"78\" srcset=\"https:\/\/senoticias.com.br\/se\/wp-content\/uploads\/2020\/07\/Logo-SE-Noticias.jpg 599w, https:\/\/senoticias.com.br\/se\/wp-content\/uploads\/2020\/07\/Logo-SE-Noticias-300x39.jpg 300w\" sizes=\"(max-width: 599px) 100vw, 599px\" \/><\/a><\/p>\n<p><strong><em>Acompanhe tamb\u00e9m o SE Not\u00edcias no\u00a0<a href=\"https:\/\/twitter.com\/Senoticias\" target=\"_blank\" rel=\"noopener\">Twitter<\/a>,\u00a0<a href=\"https:\/\/www.facebook.com\/senoticias1\" target=\"_blank\" rel=\"noopener\">Facebook<\/a>\u00a0e no\u00a0<a href=\"https:\/\/www.instagram.com\/senoticias\/\" target=\"_blank\" rel=\"noopener\">Instagram\u00a0<\/a><\/em><\/strong><\/p>\n<p>Por Fl\u00e1via Said<\/p>\n","protected":false},"excerpt":{"rendered":"<p>\u201cN\u00f3s trazemos um IVA (Imposto de Valor Adicional) dual, que era o que n\u00f3s defendemos desde a campanha e preparamos\u201d, disse o ministro da Economia, Paulo Guedes, ao entregar ao Congresso a primeira parte da proposta do governo para a reforma tribut\u00e1ria. O ministro disse que a proposta complementa as propostas j\u00e1 em tramita\u00e7\u00e3o no [&hellip;]<\/p>\n","protected":false},"author":6557,"featured_media":0,"comment_status":"closed","ping_status":"closed","sticky":false,"template":"","format":"standard","meta":{"footnotes":""},"categories":[15,6],"tags":[73,15154,14342],"class_list":{"0":"post-124336","1":"post","2":"type-post","3":"status-publish","4":"format-standard","6":"category-destaques","7":"category-politica","8":"tag-impostos","9":"tag-impostos-federais","10":"tag-ministro-paulo-guedes"},"_links":{"self":[{"href":"https:\/\/senoticias.com.br\/se\/wp-json\/wp\/v2\/posts\/124336"}],"collection":[{"href":"https:\/\/senoticias.com.br\/se\/wp-json\/wp\/v2\/posts"}],"about":[{"href":"https:\/\/senoticias.com.br\/se\/wp-json\/wp\/v2\/types\/post"}],"author":[{"embeddable":true,"href":"https:\/\/senoticias.com.br\/se\/wp-json\/wp\/v2\/users\/6557"}],"replies":[{"embeddable":true,"href":"https:\/\/senoticias.com.br\/se\/wp-json\/wp\/v2\/comments?post=124336"}],"version-history":[{"count":0,"href":"https:\/\/senoticias.com.br\/se\/wp-json\/wp\/v2\/posts\/124336\/revisions"}],"wp:attachment":[{"href":"https:\/\/senoticias.com.br\/se\/wp-json\/wp\/v2\/media?parent=124336"}],"wp:term":[{"taxonomy":"category","embeddable":true,"href":"https:\/\/senoticias.com.br\/se\/wp-json\/wp\/v2\/categories?post=124336"},{"taxonomy":"post_tag","embeddable":true,"href":"https:\/\/senoticias.com.br\/se\/wp-json\/wp\/v2\/tags?post=124336"}],"curies":[{"name":"wp","href":"https:\/\/api.w.org\/{rel}","templated":true}]}}