{"id":124307,"date":"2020-07-21T19:51:01","date_gmt":"2020-07-21T22:51:01","guid":{"rendered":"https:\/\/senoticias.com.br\/se\/?p=124307"},"modified":"2020-07-21T20:41:00","modified_gmt":"2020-07-21T23:41:00","slug":"secretaria-da-saude-amplia-equipes-de-estrategia-saude-da-familia","status":"publish","type":"post","link":"https:\/\/senoticias.com.br\/se\/secretaria-da-saude-amplia-equipes-de-estrategia-saude-da-familia\/","title":{"rendered":"Prefeitura de S\u00e3o Crist\u00f3v\u00e3o implanta 14 novas equipes de Equipes de Sa\u00fade da Fam\u00edlia"},"content":{"rendered":"<p>&nbsp;<\/p>\n<p style=\"text-align: justify;\">A Prefeitura de S\u00e3o Crist\u00f3v\u00e3o, atrav\u00e9s da Secretaria Municipal da Sa\u00fade (SMS) ampliou de 11 para 24 equipes de Estrat\u00e9gia Sa\u00fade da Fam\u00edlia (ESF), e mais 1 equipe de Sa\u00fade Prisional no Complexo Penitenci\u00e1rio Dr. Manoel Carvalho Neto (Copemcan), chegando a 100% de cobertura da Atenc\u0327a\u0303o Ba\u0301sica. At\u00e9 2017, eram 11 equipes de Estrat\u00e9gia de Sa\u00fade da Fam\u00edlia (ESF). E hoje, S\u00e3o Crist\u00f3v\u00e3o j\u00e1 soma <strong>24 equipes<\/strong>.<\/p>\n<p style=\"text-align: justify;\">As equipes de sau\u0301de bucal tambe\u0301m foram ampliadas e passaram de<strong> 11 para 16<\/strong> na Rede de Aten\u00e7\u00e3o B\u00e1sica do munic\u00edpio. As equipes de ESF s\u00e3o formadas por um m\u00e9dico, um enfermeiro, um t\u00e9cnico ou auxiliar de enfermagem e agentes comunit\u00e1rios de sa\u00fade, todos com carga de 40 horas de trabalho semanal.<\/p>\n<p style=\"text-align: justify;\">As novidades foram trazidas pelo prefeito, Marcos Santana, e pela Diretora de Aten\u00e7\u00e3o \u00e0 Sa\u00fade, Mayra Oliveira, em live transmitida ao vivo pelas redes sociais da Prefeitura Municipal.<\/p>\n<p>&nbsp;<\/p>\n<div id=\"attachment_124323\" style=\"width: 609px\" class=\"wp-caption alignnone\"><a href=\"https:\/\/senoticias.com.br\/se\/wp-content\/uploads\/2020\/07\/Medica-em-atendimento-SE-Noticias-e1595292706621.jpg\"><img loading=\"lazy\" decoding=\"async\" aria-describedby=\"caption-attachment-124323\" class=\"size-full wp-image-124323\" src=\"https:\/\/senoticias.com.br\/se\/wp-content\/uploads\/2020\/07\/Medica-em-atendimento-SE-Noticias-e1595292706621.jpg\" alt=\"\" width=\"599\" height=\"283\" \/><\/a><p id=\"caption-attachment-124323\" class=\"wp-caption-text\">At\u00e9 2017, eram 11 equipes de Estrat\u00e9gia de Sa\u00fade da Fam\u00edlia. E hoje, S\u00e3o Crist\u00f3v\u00e3o j\u00e1 soma 24 equipes (foto: arquivo\/Se Not\u00edcias)<\/p><\/div>\n<p style=\"text-align: justify;\">A atua\u00e7\u00e3o das equipes ocorre nas UBSs; nas resid\u00eancias, por meio das visitas dos agentes comunit\u00e1rios; e na mobiliza\u00e7\u00e3o da comunidade, criando v\u00ednculos de compromisso e de corresponsabilidade entre a popula\u00e7\u00e3o e os profissionais da sa\u00fade. Essa intera\u00e7\u00e3o permite que as equipes acompanhem de perto a situa\u00e7\u00e3o de cada indiv\u00edduo e fam\u00edlia, priorizando a\u00e7\u00f5es de promo\u00e7\u00e3o, prote\u00e7\u00e3o e recupera\u00e7\u00e3o da sa\u00fade.<\/p>\n<p style=\"text-align: justify;\">\u201cDentre os benef\u00edcios da Estrat\u00e9gia de Sa\u00fade da Fam\u00edlia, est\u00e1 a presta\u00e7\u00e3o de um atendimento de qualidade e continuidade, que trabalha a integralidade da fam\u00edlia e garante assim o acesso a assist\u00eancia e a preven\u00e7\u00e3o, com atendimentos por agendamento, com demanda espont\u00e2nea, al\u00e9m das visitas domiciliares e buscas ativas\u201d, destaca o prefeito Marcos Santana.<\/p>\n<p>&nbsp;<\/p>\n<p><a href=\"https:\/\/senoticias.com.br\/se\/wp-content\/uploads\/2020\/07\/Logo-SE-Noticias.jpg\"><img loading=\"lazy\" decoding=\"async\" class=\"alignnone size-full wp-image-124113\" src=\"https:\/\/senoticias.com.br\/se\/wp-content\/uploads\/2020\/07\/Logo-SE-Noticias.jpg\" alt=\"\" width=\"599\" height=\"78\" srcset=\"https:\/\/senoticias.com.br\/se\/wp-content\/uploads\/2020\/07\/Logo-SE-Noticias.jpg 599w, https:\/\/senoticias.com.br\/se\/wp-content\/uploads\/2020\/07\/Logo-SE-Noticias-300x39.jpg 300w\" sizes=\"(max-width: 599px) 100vw, 599px\" \/><\/a><\/p>\n<p>&nbsp;<\/p>\n<p><strong><em>Acompanhe tamb\u00e9m o SE Not\u00edcias no\u00a0<a href=\"https:\/\/twitter.com\/Senoticias\" target=\"_blank\" rel=\"noopener\">Twitter<\/a>,\u00a0<a href=\"https:\/\/www.facebook.com\/senoticias1\" target=\"_blank\" rel=\"noopener\">Facebook<\/a>\u00a0e no\u00a0<a href=\"https:\/\/www.instagram.com\/senoticias\/\" target=\"_blank\" rel=\"noopener\">Instagram<\/a><\/em><\/strong><\/p>\n<p><strong><em>Por Reda\u00e7\u00e3o SE Not\u00edcias<\/em><\/strong><\/p>\n","protected":false},"excerpt":{"rendered":"<p>&nbsp; A Prefeitura de S\u00e3o Crist\u00f3v\u00e3o, atrav\u00e9s da Secretaria Municipal da Sa\u00fade (SMS) ampliou de 11 para 24 equipes de Estrat\u00e9gia Sa\u00fade da Fam\u00edlia (ESF), e mais 1 equipe de Sa\u00fade Prisional no Complexo Penitenci\u00e1rio Dr. Manoel Carvalho Neto (Copemcan), chegando a 100% de cobertura da Atenc\u0327a\u0303o Ba\u0301sica. At\u00e9 2017, eram 11 equipes de Estrat\u00e9gia [&hellip;]<\/p>\n","protected":false},"author":6557,"featured_media":124323,"comment_status":"closed","ping_status":"closed","sticky":false,"template":"","format":"standard","meta":{"footnotes":""},"categories":[15,38],"tags":[9569,15145,81,15146,10799],"class_list":{"0":"post-124307","1":"post","2":"type-post","3":"status-publish","4":"format-standard","5":"has-post-thumbnail","7":"category-destaques","8":"category-municipios","9":"tag-cidade-mae-de-sergipe","10":"tag-equipes-de-saude-da-familia","11":"tag-prefeitura-de-sao-cristovao","12":"tag-psf","13":"tag-secretaria-municipal-de-saude"},"_links":{"self":[{"href":"https:\/\/senoticias.com.br\/se\/wp-json\/wp\/v2\/posts\/124307"}],"collection":[{"href":"https:\/\/senoticias.com.br\/se\/wp-json\/wp\/v2\/posts"}],"about":[{"href":"https:\/\/senoticias.com.br\/se\/wp-json\/wp\/v2\/types\/post"}],"author":[{"embeddable":true,"href":"https:\/\/senoticias.com.br\/se\/wp-json\/wp\/v2\/users\/6557"}],"replies":[{"embeddable":true,"href":"https:\/\/senoticias.com.br\/se\/wp-json\/wp\/v2\/comments?post=124307"}],"version-history":[{"count":0,"href":"https:\/\/senoticias.com.br\/se\/wp-json\/wp\/v2\/posts\/124307\/revisions"}],"wp:featuredmedia":[{"embeddable":true,"href":"https:\/\/senoticias.com.br\/se\/wp-json\/wp\/v2\/media\/124323"}],"wp:attachment":[{"href":"https:\/\/senoticias.com.br\/se\/wp-json\/wp\/v2\/media?parent=124307"}],"wp:term":[{"taxonomy":"category","embeddable":true,"href":"https:\/\/senoticias.com.br\/se\/wp-json\/wp\/v2\/categories?post=124307"},{"taxonomy":"post_tag","embeddable":true,"href":"https:\/\/senoticias.com.br\/se\/wp-json\/wp\/v2\/tags?post=124307"}],"curies":[{"name":"wp","href":"https:\/\/api.w.org\/{rel}","templated":true}]}}