{"id":124291,"date":"2020-07-17T16:04:13","date_gmt":"2020-07-17T19:04:13","guid":{"rendered":"https:\/\/senoticias.com.br\/se\/?p=124291"},"modified":"2020-07-17T16:11:00","modified_gmt":"2020-07-17T19:11:00","slug":"video-do-cantor-devinho-novaes-resulta-em-apreensao-de-celulares-em-presidio","status":"publish","type":"post","link":"https:\/\/senoticias.com.br\/se\/video-do-cantor-devinho-novaes-resulta-em-apreensao-de-celulares-em-presidio\/","title":{"rendered":"V\u00eddeo do cantor Devinho Novaes resulta em apreens\u00e3o de celulares em pres\u00eddio"},"content":{"rendered":"<p style=\"text-align: justify;\">As imagens, que foram gravadas a partir de uma live do cantor, mostram uma sauda\u00e7\u00e3o feita por Devinho \u00e0 pessoas do \u201cP4, cela 7\u201d. A refer\u00eancia em quest\u00e3o se refere ao Pavilh\u00e3o 4 \u2013 cela 7, do Complexo Penitenci\u00e1rio Manoel Carvalho Neto \u2013 Copemcan, no munic\u00edpio de S\u00e3o Crist\u00f3v\u00e3o.<\/p>\n<div id=\"attachment_123630\" style=\"width: 609px\" class=\"wp-caption alignnone\"><a href=\"https:\/\/senoticias.com.br\/se\/wp-content\/uploads\/2020\/06\/Devinho-e1591220424149.jpg\"><img loading=\"lazy\" decoding=\"async\" aria-describedby=\"caption-attachment-123630\" class=\"size-full wp-image-123630\" src=\"https:\/\/senoticias.com.br\/se\/wp-content\/uploads\/2020\/06\/Devinho-e1591220424149.jpg\" alt=\"\" width=\"599\" height=\"337\" \/><\/a><p id=\"caption-attachment-123630\" class=\"wp-caption-text\">Em v\u00eddeo que circula nas redes sociais, o cantor sergipano Devinho Novaes, se envolveu em mais uma pol\u00eamica. (foto: arquivo pessoal)<\/p><\/div>\n<p style=\"text-align: justify;\">Policiais penais da unidade prisional, localizada em S\u00e3o Crist\u00f3v\u00e3o, com o apoio do Gope e do GTE realizaram a Opera\u00e7\u00e3o Fluxo dos Fluxos. A a\u00e7\u00e3o foi desencadeada ap\u00f3s divulga\u00e7\u00e3o de v\u00eddeo publicado pelo cantor mandando sauda\u00e7\u00f5es aos internos de um dos pavilh\u00f5es.<\/p>\n<p style=\"text-align: justify;\">\u201cA opera\u00e7\u00e3o se deu devido a um artista conhecido mandar sauda\u00e7\u00f5es para os internos de um pavilh\u00e3o da unidade. O artista fez essa sauda\u00e7\u00e3o e deu-se a entender, para a dire\u00e7\u00e3o e para o Desipe, que haveria uma comunica\u00e7\u00e3o entre o artista e internos da unidade\u201d, explicou o vice-diretor da unidade prisional, D\u2019klin Cardoso Moreira.<\/p>\n<p style=\"text-align: justify;\">Na a\u00e7\u00e3o, foram apreendidos aparelhos celulares, chu\u00e7os e uma certa quantidade de maconha. O material ser\u00e1 analisado e as medidas administrativas cab\u00edveis ao caso est\u00e3o sendo adotadas.<\/p>\n<p>O v\u00eddeo de Devinho voc\u00ea confere no Instagram do nosso Portal: <a href=\"https:\/\/www.instagram.com\/senoticias\/\"><strong>@senoticias<\/strong><\/a>.<\/p>\n<p>&nbsp;<\/p>\n<p><a href=\"https:\/\/senoticias.com.br\/se\/wp-content\/uploads\/2020\/07\/Logo-SE-Noticias.jpg\"><img loading=\"lazy\" decoding=\"async\" class=\"alignnone size-full wp-image-124113\" src=\"https:\/\/senoticias.com.br\/se\/wp-content\/uploads\/2020\/07\/Logo-SE-Noticias.jpg\" alt=\"\" width=\"599\" height=\"78\" srcset=\"https:\/\/senoticias.com.br\/se\/wp-content\/uploads\/2020\/07\/Logo-SE-Noticias.jpg 599w, https:\/\/senoticias.com.br\/se\/wp-content\/uploads\/2020\/07\/Logo-SE-Noticias-300x39.jpg 300w\" sizes=\"(max-width: 599px) 100vw, 599px\" \/><\/a><\/p>\n<p>&nbsp;<\/p>\n<p><strong><em>Acompanhe tamb\u00e9m o SE Not\u00edcias no\u00a0<a href=\"https:\/\/twitter.com\/Senoticias\" target=\"_blank\" rel=\"noopener\">Twitter<\/a>,\u00a0<a href=\"https:\/\/www.facebook.com\/senoticias1\" target=\"_blank\" rel=\"noopener\">Facebook<\/a>\u00a0e no\u00a0<a href=\"https:\/\/www.instagram.com\/senoticias\/\" target=\"_blank\" rel=\"noopener\">Instagram<\/a><\/em><\/strong><\/p>\n<p>Mat\u00e9ria publicada originalmente no <a href=\"https:\/\/itnet.com.br\/noticia\/41913\/apos-video-do-cantor-devinho-novaes-policia-realiza-operacao-fluxo-dos-fluxos-no-copemcan-e-apreende-celulares\"><strong>Portal Itnet<\/strong><\/a><\/p>\n","protected":false},"excerpt":{"rendered":"<p>As imagens, que foram gravadas a partir de uma live do cantor, mostram uma sauda\u00e7\u00e3o feita por Devinho \u00e0 pessoas do \u201cP4, cela 7\u201d. A refer\u00eancia em quest\u00e3o se refere ao Pavilh\u00e3o 4 \u2013 cela 7, do Complexo Penitenci\u00e1rio Manoel Carvalho Neto \u2013 Copemcan, no munic\u00edpio de S\u00e3o Crist\u00f3v\u00e3o. Policiais penais da unidade prisional, localizada [&hellip;]<\/p>\n","protected":false},"author":6557,"featured_media":123630,"comment_status":"closed","ping_status":"closed","sticky":false,"template":"","format":"standard","meta":{"footnotes":""},"categories":[15,6,1],"tags":[10215,4275,15130,2325],"class_list":{"0":"post-124291","1":"post","2":"type-post","3":"status-publish","4":"format-standard","5":"has-post-thumbnail","7":"category-destaques","8":"category-politica","9":"category-sem-categoria","10":"tag-cantor-devinho-novaes","11":"tag-copemcan","12":"tag-devinho-novais","13":"tag-presidio-de-sao-cristovao"},"_links":{"self":[{"href":"https:\/\/senoticias.com.br\/se\/wp-json\/wp\/v2\/posts\/124291"}],"collection":[{"href":"https:\/\/senoticias.com.br\/se\/wp-json\/wp\/v2\/posts"}],"about":[{"href":"https:\/\/senoticias.com.br\/se\/wp-json\/wp\/v2\/types\/post"}],"author":[{"embeddable":true,"href":"https:\/\/senoticias.com.br\/se\/wp-json\/wp\/v2\/users\/6557"}],"replies":[{"embeddable":true,"href":"https:\/\/senoticias.com.br\/se\/wp-json\/wp\/v2\/comments?post=124291"}],"version-history":[{"count":0,"href":"https:\/\/senoticias.com.br\/se\/wp-json\/wp\/v2\/posts\/124291\/revisions"}],"wp:featuredmedia":[{"embeddable":true,"href":"https:\/\/senoticias.com.br\/se\/wp-json\/wp\/v2\/media\/123630"}],"wp:attachment":[{"href":"https:\/\/senoticias.com.br\/se\/wp-json\/wp\/v2\/media?parent=124291"}],"wp:term":[{"taxonomy":"category","embeddable":true,"href":"https:\/\/senoticias.com.br\/se\/wp-json\/wp\/v2\/categories?post=124291"},{"taxonomy":"post_tag","embeddable":true,"href":"https:\/\/senoticias.com.br\/se\/wp-json\/wp\/v2\/tags?post=124291"}],"curies":[{"name":"wp","href":"https:\/\/api.w.org\/{rel}","templated":true}]}}