{"id":124284,"date":"2020-07-17T07:04:07","date_gmt":"2020-07-17T10:04:07","guid":{"rendered":"https:\/\/senoticias.com.br\/se\/?p=124284"},"modified":"2020-07-17T07:04:07","modified_gmt":"2020-07-17T10:04:07","slug":"lei-aldir-blanc-funcap-orienta-agentes-culturais-e-municipios","status":"publish","type":"post","link":"https:\/\/senoticias.com.br\/se\/lei-aldir-blanc-funcap-orienta-agentes-culturais-e-municipios\/","title":{"rendered":"Lei Aldir Blanc: Funcap orienta agentes culturais e munic\u00edpios"},"content":{"rendered":"<p style=\"text-align: justify;\">A Lei de Emerg\u00eancia Cultural (n\u00ba. 14017\/2020), sancionada no dia 29 de junho, prev\u00ea a\u00e7\u00f5es de apoio ao setor art\u00edstico-cultural prejudicado pela pandemia do novo coronav\u00edrus. A medida ficou conhecida como Lei Aldir Blanc, em homenagem ao escritor e compositor carioca falecido em maio, v\u00edtima da covid-19. Pela lei, a Uni\u00e3o dever\u00e1 transferir recursos aos Estados, Munic\u00edpios e Distrito Federal para que os valores sejam distribu\u00eddos a quem tem direito. Ao todo, o montante \u00e9 de R$ 3 bilh\u00f5es, oriundos do super\u00e1vit do Fundo Nacional de Cultura (FNC).<\/p>\n<div id=\"attachment_124285\" style=\"width: 434px\" class=\"wp-caption aligncenter\"><a href=\"https:\/\/senoticias.com.br\/se\/wp-content\/uploads\/2020\/07\/cartilhafuncap.jpg\"><img loading=\"lazy\" decoding=\"async\" aria-describedby=\"caption-attachment-124285\" class=\"size-full wp-image-124285\" src=\"https:\/\/senoticias.com.br\/se\/wp-content\/uploads\/2020\/07\/cartilhafuncap.jpg\" alt=\"\" width=\"424\" height=\"330\" srcset=\"https:\/\/senoticias.com.br\/se\/wp-content\/uploads\/2020\/07\/cartilhafuncap.jpg 424w, https:\/\/senoticias.com.br\/se\/wp-content\/uploads\/2020\/07\/cartilhafuncap-300x233.jpg 300w, https:\/\/senoticias.com.br\/se\/wp-content\/uploads\/2020\/07\/cartilhafuncap-45x35.jpg 45w\" sizes=\"(max-width: 424px) 100vw, 424px\" \/><\/a><p id=\"caption-attachment-124285\" class=\"wp-caption-text\">Funcap anuncia cartilha de orienta\u00e7\u00e3o aos agentes culturais e munic\u00edpios (Foto: divulga\u00e7\u00e3o)<\/p><\/div>\n<p style=\"text-align: justify;\">Com o intuito de proporcionar um melhor entendimento, o Governo do Estado, atrav\u00e9s da Funda\u00e7\u00e3o de Cultura e Arte Aperip\u00ea (Funcap), produziu uma cartilha voltada aos agentes culturais e munic\u00edpios, baseada nas tratativas de participa\u00e7\u00e3o na Lei Aldir Blanc, pois Sergipe receber\u00e1 um total de R$ 50 milh\u00f5es, dos quais R$ 25 mi ser\u00e3o administrados pelo Governo e investidos na classe art\u00edstica por meio da Funcap, e os demais R$ 25 mi pelos munic\u00edpios sergipanos. Vale ressaltar que a ferramenta oficial para efetuar o cadastramento dos artistas, t\u00e9cnicos e espa\u00e7os de cultura ser\u00e1 pela p\u00e1gina: mapas.cultura.se.gov.br.<\/p>\n<p style=\"text-align: justify;\">\u201cA lei tem tr\u00eas pilares. O primeiro traz a renda emergencial aos trabalhadores da cultura no valor de R$ 600. O segundo \u00e9 referente a subs\u00eddios para manuten\u00e7\u00e3o dos espa\u00e7os art\u00edsticos que tiveram atividades interrompidas por conta da pandemia. E, por fim, h\u00e1 um pilar de car\u00e1ter mais inclusivo dedicado aos editais e chamadas p\u00fablicas, onde as pessoas ser\u00e3o convocadas para participar e ser\u00e3o pagas pelo seu trabalho. A cartilha \u00e9 um produto de gest\u00e3o que pretende facilitar a compreens\u00e3o dos agentes e gestores culturais, e estamos muito satisfeitos com os avan\u00e7os deste trabalho\u201d, afirma a presidente da Funcap, Concei\u00e7\u00e3o Vieira.<\/p>\n<p style=\"text-align: justify;\">A gestora enfatiza, ainda, sobre a programa\u00e7\u00e3o de reuni\u00f5es online intitulada Di\u00e1logo Cultural. \u201cJ\u00e1 temos um calend\u00e1rio de atividades que ir\u00e1 ocorrer no per\u00edodo de 20 a 23 de julho, no qual ser\u00e1 muito positivo a constru\u00e7\u00e3o de a\u00e7\u00f5es com os munic\u00edpios e quem desejar mais detalhes pode entrar em contato com a Diretoria de Cultura pelo 3198-7806\u201d, finaliza.<\/p>\n<p style=\"text-align: justify;\">Programa\u00e7\u00e3o:<\/p>\n<p style=\"text-align: justify;\">20\/07\/2020 \u2013 09hs \u2013 Di\u00e1logo Cultural com o Territ\u00f3rio Baixo S\u00e3o Francisco<br \/>\n20\/07\/2020 \u2013 11hs \u2013 Di\u00e1logo Cultural com o Territ\u00f3rio Centro-Sul<br \/>\n21\/07\/2020- 09hs \u2013 Di\u00e1logo Cultural com o Territ\u00f3rio Alto Sert\u00e3o<br \/>\n21\/07\/2020 \u2013 11hs \u2013 Di\u00e1logo Cultural com o Territ\u00f3rio M\u00e9dio Sert\u00e3o<br \/>\n22\/07\/2020 \u2013 09hs \u2013 Di\u00e1logo Cultural com o Territ\u00f3rio Agreste Sergipano<br \/>\n22\/07\/2020 \u2013 11hs \u2013 Di\u00e1logo Cultural com o Territ\u00f3rio Sul Sergipano<br \/>\n23\/07\/2020 \u2013 09hs \u2013 Di\u00e1logo Cultural com o Territ\u00f3rio Grande Aracaju<br \/>\n23\/07\/2020 \u2013 11hs \u2013 Di\u00e1logo Cultural com o Territ\u00f3rio Leste Sergipano<\/p>\n<p style=\"text-align: justify;\"><a href=\"https:\/\/infonet.com.br\/wp-content\/uploads\/2020\/07\/cartilha-lei-aldir-Blanc.pdf\">Clique aqui para conferir a cartilha.<\/a><\/p>\n<p>Por Portal Infonet<\/p>\n<p><a href=\"https:\/\/senoticias.com.br\/se\/wp-content\/uploads\/2020\/07\/Logo-SE-Noticias.jpg\"><img loading=\"lazy\" decoding=\"async\" class=\"alignnone size-full wp-image-124113\" src=\"https:\/\/senoticias.com.br\/se\/wp-content\/uploads\/2020\/07\/Logo-SE-Noticias.jpg\" alt=\"\" width=\"599\" height=\"78\" srcset=\"https:\/\/senoticias.com.br\/se\/wp-content\/uploads\/2020\/07\/Logo-SE-Noticias.jpg 599w, https:\/\/senoticias.com.br\/se\/wp-content\/uploads\/2020\/07\/Logo-SE-Noticias-300x39.jpg 300w\" sizes=\"(max-width: 599px) 100vw, 599px\" \/><\/a><\/p>\n<p><strong><em>Acompanhe tamb\u00e9m o SE Not\u00edcias no\u00a0<a href=\"https:\/\/twitter.com\/Senoticias\" target=\"_blank\" rel=\"noopener\">Twitter<\/a>,\u00a0<a href=\"https:\/\/www.facebook.com\/senoticias1\" target=\"_blank\" rel=\"noopener\">Facebook<\/a>\u00a0e no\u00a0<a href=\"https:\/\/www.instagram.com\/senoticias\/\" target=\"_blank\" rel=\"noopener\">Instagram<\/a><\/em><\/strong><\/p>\n","protected":false},"excerpt":{"rendered":"<p>A Lei de Emerg\u00eancia Cultural (n\u00ba. 14017\/2020), sancionada no dia 29 de junho, prev\u00ea a\u00e7\u00f5es de apoio ao setor art\u00edstico-cultural prejudicado pela pandemia do novo coronav\u00edrus. A medida ficou conhecida como Lei Aldir Blanc, em homenagem ao escritor e compositor carioca falecido em maio, v\u00edtima da covid-19. Pela lei, a Uni\u00e3o dever\u00e1 transferir recursos aos [&hellip;]<\/p>\n","protected":false},"author":6557,"featured_media":0,"comment_status":"closed","ping_status":"closed","sticky":false,"template":"","format":"standard","meta":{"footnotes":""},"categories":[15,38],"tags":[9885,6576,12013,15125,56,15126],"class_list":{"0":"post-124284","1":"post","2":"type-post","3":"status-publish","4":"format-standard","6":"category-destaques","7":"category-municipios","8":"tag-agentes","9":"tag-culturais","10":"tag-funcap","11":"tag-lei-aldir-blanc","12":"tag-municipios-2","13":"tag-orienta"},"_links":{"self":[{"href":"https:\/\/senoticias.com.br\/se\/wp-json\/wp\/v2\/posts\/124284"}],"collection":[{"href":"https:\/\/senoticias.com.br\/se\/wp-json\/wp\/v2\/posts"}],"about":[{"href":"https:\/\/senoticias.com.br\/se\/wp-json\/wp\/v2\/types\/post"}],"author":[{"embeddable":true,"href":"https:\/\/senoticias.com.br\/se\/wp-json\/wp\/v2\/users\/6557"}],"replies":[{"embeddable":true,"href":"https:\/\/senoticias.com.br\/se\/wp-json\/wp\/v2\/comments?post=124284"}],"version-history":[{"count":0,"href":"https:\/\/senoticias.com.br\/se\/wp-json\/wp\/v2\/posts\/124284\/revisions"}],"wp:attachment":[{"href":"https:\/\/senoticias.com.br\/se\/wp-json\/wp\/v2\/media?parent=124284"}],"wp:term":[{"taxonomy":"category","embeddable":true,"href":"https:\/\/senoticias.com.br\/se\/wp-json\/wp\/v2\/categories?post=124284"},{"taxonomy":"post_tag","embeddable":true,"href":"https:\/\/senoticias.com.br\/se\/wp-json\/wp\/v2\/tags?post=124284"}],"curies":[{"name":"wp","href":"https:\/\/api.w.org\/{rel}","templated":true}]}}