{"id":124282,"date":"2020-07-17T06:55:16","date_gmt":"2020-07-17T09:55:16","guid":{"rendered":"https:\/\/senoticias.com.br\/se\/?p=124282"},"modified":"2020-07-17T06:55:16","modified_gmt":"2020-07-17T09:55:16","slug":"covid-19-sergipe-recebe-r120-milhoes-do-governo-federal","status":"publish","type":"post","link":"https:\/\/senoticias.com.br\/se\/covid-19-sergipe-recebe-r120-milhoes-do-governo-federal\/","title":{"rendered":"Covid-19: Sergipe recebe R$120 milh\u00f5es do Governo Federal"},"content":{"rendered":"<p style=\"text-align: justify;\">O governo do estado de Sergipe recebeu aporte financeiro de mais R$ 120 milh\u00f5es de reais referente \u00e0 segunda parcela do aux\u00edlio do Tesouro Nacional destinado aos entes federativos. Segundo a Secretaria de Estado da Fazenda (Sefaz), os recursos ser\u00e3o divididos entre sa\u00fade, assist\u00eancia social e demais despesas diversas do estado. O aux\u00edlio chegou nas contas do estado no in\u00edcio desta semana.<\/p>\n<div id=\"attachment_124283\" style=\"width: 560px\" class=\"wp-caption aligncenter\"><a href=\"https:\/\/senoticias.com.br\/se\/wp-content\/uploads\/2020\/07\/realmoeda_fotomarcellocasaljr_ebc_090320-e1583794636237.jpg\"><img loading=\"lazy\" decoding=\"async\" aria-describedby=\"caption-attachment-124283\" class=\"size-full wp-image-124283\" src=\"https:\/\/senoticias.com.br\/se\/wp-content\/uploads\/2020\/07\/realmoeda_fotomarcellocasaljr_ebc_090320-e1583794636237.jpg\" alt=\"\" width=\"550\" height=\"329\" srcset=\"https:\/\/senoticias.com.br\/se\/wp-content\/uploads\/2020\/07\/realmoeda_fotomarcellocasaljr_ebc_090320-e1583794636237.jpg 550w, https:\/\/senoticias.com.br\/se\/wp-content\/uploads\/2020\/07\/realmoeda_fotomarcellocasaljr_ebc_090320-e1583794636237-300x179.jpg 300w\" sizes=\"(max-width: 550px) 100vw, 550px\" \/><\/a><p id=\"caption-attachment-124283\" class=\"wp-caption-text\">O aux\u00edlio chegou nas contas do estado no in\u00edcio desta semana (Foto: Marcello Casal Jr\/Ag\u00eancia Brasil<\/p><\/div>\n<p style=\"text-align: justify;\">Ainda segundo a Sefaz, a primeira parcela do benef\u00edcio \u2013 no valor de R$ 113,5 milh\u00f5es \u2013 foi direcionada pelo Governo de Sergipe ao pagamento de parte dos sal\u00e1rios de maio dos servidores, al\u00e9m de investimento nas demais \u00e1reas j\u00e1 citadas.A Sefaz explica que o uso desses recursos devem seguir a Lei Complementar 173\/2020, onde 1\/3 \u00e9 para sa\u00fade e assist\u00eancia social e 2\/3 para utiliza\u00e7\u00e3o diversa. As pr\u00f3ximas parcelas devem ser pagas em 12 de agosto e 11 de setembro de 2020. At\u00e9 l\u00e1, segundo a Sefaz, Sergipe receber\u00e1 no total R$ 313 milh\u00f5es.<\/p>\n<p style=\"text-align: justify;\"><strong>Aux\u00edlio financeiro<\/strong><\/p>\n<p style=\"text-align: justify;\">O aux\u00edlio financeiro \u00e9 oriundo da Lei Complementar 173, sancionada no fim do m\u00eas passado para o combate aos efeitos da pandemia do novo coronav\u00edrus. Segundo o Tesouro Nacional, ser\u00e3o repassados R$ 9,25 bilh\u00f5es para os estados, R$ 5,748 bilh\u00f5es para os munic\u00edpios e R$ 38,6 milh\u00f5es para o Distrito Federal, totalizando R$ 15,036 bilh\u00f5es.<\/p>\n<p style=\"text-align: justify;\">por Jo\u00e3o Paulo Schneider e Verlane Est\u00e1cio<\/p>\n<p><a href=\"https:\/\/senoticias.com.br\/se\/wp-content\/uploads\/2020\/07\/Logo-SE-Noticias.jpg\"><img loading=\"lazy\" decoding=\"async\" class=\"alignnone size-full wp-image-124113\" src=\"https:\/\/senoticias.com.br\/se\/wp-content\/uploads\/2020\/07\/Logo-SE-Noticias.jpg\" alt=\"\" width=\"599\" height=\"78\" srcset=\"https:\/\/senoticias.com.br\/se\/wp-content\/uploads\/2020\/07\/Logo-SE-Noticias.jpg 599w, https:\/\/senoticias.com.br\/se\/wp-content\/uploads\/2020\/07\/Logo-SE-Noticias-300x39.jpg 300w\" sizes=\"(max-width: 599px) 100vw, 599px\" \/><\/a><\/p>\n<p><strong><em>Acompanhe tamb\u00e9m o SE Not\u00edcias no\u00a0<a href=\"https:\/\/twitter.com\/Senoticias\" target=\"_blank\" rel=\"noopener\">Twitter<\/a>,\u00a0<a href=\"https:\/\/www.facebook.com\/senoticias1\" target=\"_blank\" rel=\"noopener\">Facebook<\/a>\u00a0e no\u00a0<a href=\"https:\/\/www.instagram.com\/senoticias\/\" target=\"_blank\" rel=\"noopener\">Instagram<\/a><\/em><\/strong><\/p>\n","protected":false},"excerpt":{"rendered":"<p>O governo do estado de Sergipe recebeu aporte financeiro de mais R$ 120 milh\u00f5es de reais referente \u00e0 segunda parcela do aux\u00edlio do Tesouro Nacional destinado aos entes federativos. Segundo a Secretaria de Estado da Fazenda (Sefaz), os recursos ser\u00e3o divididos entre sa\u00fade, assist\u00eancia social e demais despesas diversas do estado. O aux\u00edlio chegou nas [&hellip;]<\/p>\n","protected":false},"author":6557,"featured_media":0,"comment_status":"closed","ping_status":"closed","sticky":false,"template":"","format":"standard","meta":{"footnotes":""},"categories":[15],"tags":[14270,57,15124,14625,223],"class_list":{"0":"post-124282","1":"post","2":"type-post","3":"status-publish","4":"format-standard","6":"category-destaques","7":"tag-covid-19","8":"tag-governo-federal","9":"tag-r120-milhoes","10":"tag-recebe","11":"tag-sergipe"},"_links":{"self":[{"href":"https:\/\/senoticias.com.br\/se\/wp-json\/wp\/v2\/posts\/124282"}],"collection":[{"href":"https:\/\/senoticias.com.br\/se\/wp-json\/wp\/v2\/posts"}],"about":[{"href":"https:\/\/senoticias.com.br\/se\/wp-json\/wp\/v2\/types\/post"}],"author":[{"embeddable":true,"href":"https:\/\/senoticias.com.br\/se\/wp-json\/wp\/v2\/users\/6557"}],"replies":[{"embeddable":true,"href":"https:\/\/senoticias.com.br\/se\/wp-json\/wp\/v2\/comments?post=124282"}],"version-history":[{"count":0,"href":"https:\/\/senoticias.com.br\/se\/wp-json\/wp\/v2\/posts\/124282\/revisions"}],"wp:attachment":[{"href":"https:\/\/senoticias.com.br\/se\/wp-json\/wp\/v2\/media?parent=124282"}],"wp:term":[{"taxonomy":"category","embeddable":true,"href":"https:\/\/senoticias.com.br\/se\/wp-json\/wp\/v2\/categories?post=124282"},{"taxonomy":"post_tag","embeddable":true,"href":"https:\/\/senoticias.com.br\/se\/wp-json\/wp\/v2\/tags?post=124282"}],"curies":[{"name":"wp","href":"https:\/\/api.w.org\/{rel}","templated":true}]}}