{"id":124268,"date":"2020-07-16T09:28:01","date_gmt":"2020-07-16T12:28:01","guid":{"rendered":"https:\/\/senoticias.com.br\/se\/?p=124268"},"modified":"2020-07-16T09:28:01","modified_gmt":"2020-07-16T12:28:01","slug":"com-gol-no-fim-flamengo-derrota-o-fluminense-e-conquista-o-bi-do-carioca","status":"publish","type":"post","link":"https:\/\/senoticias.com.br\/se\/com-gol-no-fim-flamengo-derrota-o-fluminense-e-conquista-o-bi-do-carioca\/","title":{"rendered":"Com gol no fim, Flamengo derrota o Fluminense e conquista o bi do Carioca"},"content":{"rendered":"<p style=\"text-align: justify;\">O Fluminense foi um advers\u00e1rio duro, que desafiou o Flamengo na reta final do Carioca, mas a equipe de Jorge Jesus confirmou o favoritismo e conquistou o bicampeonato estadual &#8211; o 36\u00ba em sua hist\u00f3ria &#8211; nesta quarta, ao vencer por 1 a 0 no Maracan\u00e3. O gol do t\u00edtulo foi marcado por Vitinho, j\u00e1 nos acr\u00e9scimos. No primeiro jogo da decis\u00e3o, o Rubro-Negro j\u00e1 havia vencido o Tricolor por 2 a 1.<\/p>\n<div id=\"attachment_124269\" style=\"width: 609px\" class=\"wp-caption alignnone\"><a href=\"https:\/\/senoticias.com.br\/se\/wp-content\/uploads\/2020\/07\/Flamengo-Se-Noticias-e1594902151862.jpg\"><img loading=\"lazy\" decoding=\"async\" aria-describedby=\"caption-attachment-124269\" class=\"size-full wp-image-124269\" src=\"https:\/\/senoticias.com.br\/se\/wp-content\/uploads\/2020\/07\/Flamengo-Se-Noticias-e1594902151862.jpg\" alt=\"\" width=\"599\" height=\"402\" \/><\/a><p id=\"caption-attachment-124269\" class=\"wp-caption-text\">Flamengo levanta o t\u00edtulo do Carioca (foto: Gilvan de Souza \/ Agencia O Dia)<\/p><\/div>\n<p style=\"text-align: justify;\">Com as arquibancadas vazias, coube aos atletas e comiss\u00e3o t\u00e9cnica celebrarem entre si. E a comemora\u00e7\u00e3o foi t\u00edmida, mas a cena que entrar\u00e1 para a hist\u00f3ria.<\/p>\n<p style=\"text-align: justify;\">A campanha de 14 vit\u00f3rias, dois empates e uma derrota, sendo esta com o time alternativo no in\u00edcio do torneio, mostram que o estadual n\u00e3o trouxe grandes desafios t\u00e9cnicos ao Flamengo, que levantou sua nona ta\u00e7a desde janeiro de 2019.<\/p>\n<p style=\"text-align: justify;\">Agora, s\u00e3o seis t\u00edtulos com Jorge Jesus: Carioca, Campeonato Brasileiro, Libertadores, Ta\u00e7a Guanabara, Supercopa do Brasil e Recopa Sul-Americana.<\/p>\n<p style=\"text-align: justify;\">O primeiro tempo foi truncado, com forte marca\u00e7\u00e3o do Fluminense e um Flamengo em c\u00e2mera lenta, embora com mais posse de bola. Para quem precisava de dois gols para erguer a ta\u00e7a, o Tricolor foi discreto no ataque, com apenas duas finaliza\u00e7\u00f5es rente \u00e0 meta de Diego Alves, de Evanilson, aos 14, e de Marcos Paulo, aos 25.<\/p>\n<p style=\"text-align: justify;\">Com a vantagem do empate, o Rubro-Negro respondeu aos 27, em chute forte de Willian Ar\u00e3o, assustando Muriel. Nada, por\u00e9m, que chegasse a empolgar. Arrascaeta, aos 42, e Pedro, aos 44, tamb\u00e9m tentaram, em v\u00e3o, abrir o placar. No mais, muita transpira\u00e7\u00e3o, pouca inspira\u00e7\u00e3o e certa indulg\u00eancia por parte das duas equipes.<\/p>\n<p style=\"text-align: justify;\">O segundo tempo, disputado sob garoa, n\u00e3o empolgou. Muitos erros de passe e pouca criatividade na busca do gol foram a t\u00f4nica de uma decis\u00e3o meramente burocr\u00e1tica. O t\u00e9cnico Odair Hellmann ainda mexeu na equipe, mas n\u00e3o mudou a apatia tricolor. O Flamengo, mesmo protocolar, anda chegou \u00e0 vit\u00f3ria. Aos 49, Vitinho chutou de fora da \u00e1rea, a bola desviou em Nino e encobriu Muriel. A ta\u00e7a \u00e9 do Meng\u00e3o.<\/p>\n<p><a href=\"https:\/\/senoticias.com.br\/se\/wp-content\/uploads\/2020\/07\/Logo-SE-Noticias.jpg\"><img loading=\"lazy\" decoding=\"async\" class=\"alignnone size-full wp-image-124113\" src=\"https:\/\/senoticias.com.br\/se\/wp-content\/uploads\/2020\/07\/Logo-SE-Noticias.jpg\" alt=\"\" width=\"599\" height=\"78\" srcset=\"https:\/\/senoticias.com.br\/se\/wp-content\/uploads\/2020\/07\/Logo-SE-Noticias.jpg 599w, https:\/\/senoticias.com.br\/se\/wp-content\/uploads\/2020\/07\/Logo-SE-Noticias-300x39.jpg 300w\" sizes=\"(max-width: 599px) 100vw, 599px\" \/><\/a><\/p>\n<p><strong><em>Acompanhe tamb\u00e9m o SE Not\u00edcias no\u00a0<a href=\"https:\/\/twitter.com\/Senoticias\" target=\"_blank\" rel=\"noopener\">Twitter<\/a>,\u00a0<a href=\"https:\/\/www.facebook.com\/senoticias1\" target=\"_blank\" rel=\"noopener\">Facebook<\/a>\u00a0e no\u00a0<a href=\"https:\/\/www.instagram.com\/senoticias\/\" target=\"_blank\" rel=\"noopener\">Instagram<\/a><\/em><\/strong><\/p>\n<p>Mat\u00e9ria extra\u00edda do <a href=\"https:\/\/odia.ig.com.br\/esporte\/2020\/07\/5952441-com-gol-no-fim--flamengo-derrota-o-fluminense-e-conquista-o-bi-do-carioca.html#foto=1\"><strong>site<\/strong><\/a> O Dia<\/p>\n","protected":false},"excerpt":{"rendered":"<p>O Fluminense foi um advers\u00e1rio duro, que desafiou o Flamengo na reta final do Carioca, mas a equipe de Jorge Jesus confirmou o favoritismo e conquistou o bicampeonato estadual &#8211; o 36\u00ba em sua hist\u00f3ria &#8211; nesta quarta, ao vencer por 1 a 0 no Maracan\u00e3. O gol do t\u00edtulo foi marcado por Vitinho, j\u00e1 [&hellip;]<\/p>\n","protected":false},"author":6557,"featured_media":0,"comment_status":"closed","ping_status":"closed","sticky":false,"template":"","format":"standard","meta":{"footnotes":""},"categories":[15,39,26,2961],"tags":[15112,15113,392,3286],"class_list":{"0":"post-124268","1":"post","2":"type-post","3":"status-publish","4":"format-standard","6":"category-destaques","7":"category-esporte","8":"category-esportes","9":"category-nacional","10":"tag-bicampeao-carioca","11":"tag-carioca","12":"tag-flamengo","13":"tag-fluminense"},"_links":{"self":[{"href":"https:\/\/senoticias.com.br\/se\/wp-json\/wp\/v2\/posts\/124268"}],"collection":[{"href":"https:\/\/senoticias.com.br\/se\/wp-json\/wp\/v2\/posts"}],"about":[{"href":"https:\/\/senoticias.com.br\/se\/wp-json\/wp\/v2\/types\/post"}],"author":[{"embeddable":true,"href":"https:\/\/senoticias.com.br\/se\/wp-json\/wp\/v2\/users\/6557"}],"replies":[{"embeddable":true,"href":"https:\/\/senoticias.com.br\/se\/wp-json\/wp\/v2\/comments?post=124268"}],"version-history":[{"count":0,"href":"https:\/\/senoticias.com.br\/se\/wp-json\/wp\/v2\/posts\/124268\/revisions"}],"wp:attachment":[{"href":"https:\/\/senoticias.com.br\/se\/wp-json\/wp\/v2\/media?parent=124268"}],"wp:term":[{"taxonomy":"category","embeddable":true,"href":"https:\/\/senoticias.com.br\/se\/wp-json\/wp\/v2\/categories?post=124268"},{"taxonomy":"post_tag","embeddable":true,"href":"https:\/\/senoticias.com.br\/se\/wp-json\/wp\/v2\/tags?post=124268"}],"curies":[{"name":"wp","href":"https:\/\/api.w.org\/{rel}","templated":true}]}}