{"id":124252,"date":"2020-07-15T18:23:03","date_gmt":"2020-07-15T21:23:03","guid":{"rendered":"https:\/\/senoticias.com.br\/se\/?p=124252"},"modified":"2020-07-15T18:23:03","modified_gmt":"2020-07-15T21:23:03","slug":"chapa-liderada-pela-professora-denise-albano-repudia-forma-como-eleicao-na-ufs-ocorreu","status":"publish","type":"post","link":"https:\/\/senoticias.com.br\/se\/chapa-liderada-pela-professora-denise-albano-repudia-forma-como-eleicao-na-ufs-ocorreu\/","title":{"rendered":"Chapa liderada pela professora Denise Albano repudia forma como Elei\u00e7\u00e3o na UFS ocorreu"},"content":{"rendered":"<p style=\"text-align: justify;\">Elei\u00e7\u00e3o que definiu a lista tr\u00edplice para reitor e vice foi marcada por protestos de conselheiros e comunidade acad\u00eamica.<\/p>\n<div id=\"attachment_124253\" style=\"width: 560px\" class=\"wp-caption aligncenter\"><a href=\"https:\/\/senoticias.com.br\/se\/wp-content\/uploads\/2020\/07\/ed45b8f8-60dd-4979-b103-95fc6a3cf995-e1594848010574.jpg\"><img loading=\"lazy\" decoding=\"async\" aria-describedby=\"caption-attachment-124253\" class=\"wp-image-124253 size-full\" src=\"https:\/\/senoticias.com.br\/se\/wp-content\/uploads\/2020\/07\/ed45b8f8-60dd-4979-b103-95fc6a3cf995-e1594848010574.jpg\" alt=\"\" width=\"550\" height=\"401\" \/><\/a><p id=\"caption-attachment-124253\" class=\"wp-caption-text\">Foto: Ascom<\/p><\/div>\n<p style=\"text-align: justify;\">Candidata na elei\u00e7\u00e3o da Reitoria da Universidade Federal de Sergipe (UFS), a Chapa 2 (RenasceUFS) &#8211; que tem como candidata a reitora a professora Denise Leal Albano e candidato a vice-reitor o professor Aderval Arag\u00e3o &#8211; repudia a realiza\u00e7\u00e3o da reuni\u00e3o dos Conselhos Superiores da UFS, ocorrida nesta quarta-feira, 15, que definiu a lista tr\u00edplice para a sucess\u00e3o da Reitoria.<\/p>\n<p style=\"text-align: justify;\">\u201cFoi uma elei\u00e7\u00e3o sem respeito \u00e0s regras claras previamente estabelecidas, com falta de transpar\u00eancia, sem o sistema de vota\u00e7\u00e3o ter sido auditado e sem garantia do sigilo dos votos\u201d, enfatiza a professora Denise.<\/p>\n<p style=\"text-align: justify;\">O resultado era previs\u00edvel: os candidatos do atual reitor da UFS, Angelo Antoniolli, foram os &#8220;escolhidos&#8221; por ampla maioria de votos dos conselheiros como reitor (Valter Joviniano) e vice-reitor (Rosalvo Ferreira).<\/p>\n<p style=\"text-align: justify;\">\u201cO Reitor da UFS aproveita o per\u00edodo de pandemia para golpear nossa institui\u00e7\u00e3o, revelando, nesse processo, seu descompromisso com limites \u00e9ticos e legais. Testemunhamos a vit\u00f3ria de pirro de seus candidatos, cujas ideias e propostas ningu\u00e9m conhece. Eles n\u00e3o se inscreveram em um processo eleitoral, a exemplo da Consulta P\u00fablica que seria realizada em mar\u00e7o e foi cancelada devido \u00e0 pandemia do novo coronav\u00edrus\u201d, destaca a professora.<\/p>\n<p style=\"text-align: justify;\">\u201cA realidade \u00e9 que os candidatos do atual reitor fizeram uma campanha esp\u00faria e nem mesmo se declararam impedidos, por imposi\u00e7\u00e3o da moralidade p\u00fablica, de participar de uma vota\u00e7\u00e3o entre algumas dezenas de votantes em que eram candidatos e eleitores\u201d, diz a candidata da chapa 2.<\/p>\n<p style=\"text-align: justify;\">A professora Denise alerta que, caso houvesse o empenho de lideran\u00e7as estudantis e sindicais, e tamb\u00e9m de conselheiros, pela aprova\u00e7\u00e3o da estatuinte, antes t\u00e3o defendida na UFS, a obrigatoriedade de pr\u00e9via consulta \u00e0 comunidade seria hoje uma realidade no processo eleitoral da universidade.<\/p>\n<p style=\"text-align: justify;\">\u201cDiante disso tudo, continuaremos sem compactuar com uma democracia de conveni\u00eancia, lutando por elei\u00e7\u00f5es limpas, regidas pela legalidade e moralidade p\u00fablica, nos termos de um Estado Constitucional e Democr\u00e1tico de Direito\u201d, finaliza Denise.<\/p>\n<p><a href=\"https:\/\/senoticias.com.br\/se\/wp-content\/uploads\/2020\/07\/Logo-SE-Noticias.jpg\"><img loading=\"lazy\" decoding=\"async\" class=\"alignnone size-full wp-image-124113\" src=\"https:\/\/senoticias.com.br\/se\/wp-content\/uploads\/2020\/07\/Logo-SE-Noticias.jpg\" alt=\"\" width=\"599\" height=\"78\" srcset=\"https:\/\/senoticias.com.br\/se\/wp-content\/uploads\/2020\/07\/Logo-SE-Noticias.jpg 599w, https:\/\/senoticias.com.br\/se\/wp-content\/uploads\/2020\/07\/Logo-SE-Noticias-300x39.jpg 300w\" sizes=\"(max-width: 599px) 100vw, 599px\" \/><\/a><\/p>\n<p><strong><em>Acompanhe tamb\u00e9m o SE Not\u00edcias no\u00a0<a href=\"https:\/\/twitter.com\/Senoticias\" target=\"_blank\" rel=\"noopener\">Twitter<\/a>,\u00a0<a href=\"https:\/\/www.facebook.com\/senoticias1\" target=\"_blank\" rel=\"noopener\">Facebook<\/a>\u00a0e no\u00a0<a href=\"https:\/\/www.instagram.com\/senoticias\/\" target=\"_blank\" rel=\"noopener\">Instagram<\/a><\/em><\/strong><\/p>\n<p>Por Ascom<\/p>\n","protected":false},"excerpt":{"rendered":"<p>Elei\u00e7\u00e3o que definiu a lista tr\u00edplice para reitor e vice foi marcada por protestos de conselheiros e comunidade acad\u00eamica. Candidata na elei\u00e7\u00e3o da Reitoria da Universidade Federal de Sergipe (UFS), a Chapa 2 (RenasceUFS) &#8211; que tem como candidata a reitora a professora Denise Leal Albano e candidato a vice-reitor o professor Aderval Arag\u00e3o &#8211; [&hellip;]<\/p>\n","protected":false},"author":6557,"featured_media":0,"comment_status":"closed","ping_status":"closed","sticky":false,"template":"","format":"standard","meta":{"footnotes":""},"categories":[15,44],"tags":[15105,4372,15108,15106,15107,2299],"class_list":{"0":"post-124252","1":"post","2":"type-post","3":"status-publish","4":"format-standard","6":"category-destaques","7":"category-educacao","8":"tag-chapa-liderada","9":"tag-eleicao","10":"tag-forma","11":"tag-professora-denise-albano","12":"tag-repudia","13":"tag-ufs"},"_links":{"self":[{"href":"https:\/\/senoticias.com.br\/se\/wp-json\/wp\/v2\/posts\/124252"}],"collection":[{"href":"https:\/\/senoticias.com.br\/se\/wp-json\/wp\/v2\/posts"}],"about":[{"href":"https:\/\/senoticias.com.br\/se\/wp-json\/wp\/v2\/types\/post"}],"author":[{"embeddable":true,"href":"https:\/\/senoticias.com.br\/se\/wp-json\/wp\/v2\/users\/6557"}],"replies":[{"embeddable":true,"href":"https:\/\/senoticias.com.br\/se\/wp-json\/wp\/v2\/comments?post=124252"}],"version-history":[{"count":0,"href":"https:\/\/senoticias.com.br\/se\/wp-json\/wp\/v2\/posts\/124252\/revisions"}],"wp:attachment":[{"href":"https:\/\/senoticias.com.br\/se\/wp-json\/wp\/v2\/media?parent=124252"}],"wp:term":[{"taxonomy":"category","embeddable":true,"href":"https:\/\/senoticias.com.br\/se\/wp-json\/wp\/v2\/categories?post=124252"},{"taxonomy":"post_tag","embeddable":true,"href":"https:\/\/senoticias.com.br\/se\/wp-json\/wp\/v2\/tags?post=124252"}],"curies":[{"name":"wp","href":"https:\/\/api.w.org\/{rel}","templated":true}]}}