{"id":124245,"date":"2020-07-15T07:42:43","date_gmt":"2020-07-15T10:42:43","guid":{"rendered":"https:\/\/senoticias.com.br\/se\/?p=124245"},"modified":"2020-07-15T07:42:43","modified_gmt":"2020-07-15T10:42:43","slug":"sisu-2020-2-lista-de-selecionados-ja-esta-disponivel","status":"publish","type":"post","link":"https:\/\/senoticias.com.br\/se\/sisu-2020-2-lista-de-selecionados-ja-esta-disponivel\/","title":{"rendered":"Sisu 2020.2: lista de selecionados j\u00e1 est\u00e1 dispon\u00edvel"},"content":{"rendered":"<p style=\"text-align: justify;\">Candidatos do Sistema de Sele\u00e7\u00e3o Unificada (Sisu) 2020.2 j\u00e1 podem conferir o resultado do processo seletivo. Para saber se conseguiu ou n\u00e3o a vaga desejada, o estudante deve acessar o site oficial do Sisu, informando o n\u00famero de inscri\u00e7\u00e3o e a senha.<\/p>\n<div id=\"attachment_124246\" style=\"width: 560px\" class=\"wp-caption aligncenter\"><a href=\"https:\/\/senoticias.com.br\/se\/wp-content\/uploads\/2020\/07\/estudante-foto-agencia-educa-mais-brasil-04052020-1.jpg\"><img loading=\"lazy\" decoding=\"async\" aria-describedby=\"caption-attachment-124246\" class=\"size-full wp-image-124246\" src=\"https:\/\/senoticias.com.br\/se\/wp-content\/uploads\/2020\/07\/estudante-foto-agencia-educa-mais-brasil-04052020-1.jpg\" alt=\"\" width=\"550\" height=\"364\" srcset=\"https:\/\/senoticias.com.br\/se\/wp-content\/uploads\/2020\/07\/estudante-foto-agencia-educa-mais-brasil-04052020-1.jpg 550w, https:\/\/senoticias.com.br\/se\/wp-content\/uploads\/2020\/07\/estudante-foto-agencia-educa-mais-brasil-04052020-1-300x199.jpg 300w, https:\/\/senoticias.com.br\/se\/wp-content\/uploads\/2020\/07\/estudante-foto-agencia-educa-mais-brasil-04052020-1-90x60.jpg 90w, https:\/\/senoticias.com.br\/se\/wp-content\/uploads\/2020\/07\/estudante-foto-agencia-educa-mais-brasil-04052020-1-180x120.jpg 180w, https:\/\/senoticias.com.br\/se\/wp-content\/uploads\/2020\/07\/estudante-foto-agencia-educa-mais-brasil-04052020-1-95x64.jpg 95w\" sizes=\"(max-width: 550px) 100vw, 550px\" \/><\/a><p id=\"caption-attachment-124246\" class=\"wp-caption-text\">Per\u00edodo para matr\u00edcula da chamada regular ser\u00e1 de 16 a 21 de julho (Foto: Pixabay)<\/p><\/div>\n<p style=\"text-align: justify;\">Quem foi selecionado deve ficar atendo ao per\u00edodo para matr\u00edcula da chamada regular que ser\u00e1 de 16 a 21 de julho. J\u00e1 os estudantes n\u00e3o classificados nesta fase podem manifestar o interesse em participar da lista de espera, por meio da p\u00e1gina do Sisu na internet, entre hoje (14) e 21 de julho.A convoca\u00e7\u00e3o para os selecionados na lista de espera come\u00e7ar\u00e1 a ser feita no dia 24 de julho pelas institui\u00e7\u00f5es. A lista de espera \u00e9 uma forma de preencher as vagas que, por algum motivo, acabaram n\u00e3o sendo ocupadas pelos candidatos selecionados. \u00c9 importante que os aprovados observem prazos, procedimentos e documentos exigidos para matr\u00edcula ou para registro acad\u00eamico, estabelecidos em edital pr\u00f3prio da institui\u00e7\u00e3o.<\/p>\n<p style=\"text-align: justify;\">Conforme o edital do Sisu, a classifica\u00e7\u00e3o dos candidatos segue a seguinte ordem de crit\u00e9rios: maior nota na reda\u00e7\u00e3o; maior nota na prova de linguagens, c\u00f3digos e suas tecnologias; maior nota na prova de matem\u00e1tica e suas tecnologias; maior nota na prova de ci\u00eancias da natureza e suas tecnologias e maior nota na prova de ci\u00eancias humanas e suas tecnologias.<\/p>\n<p style=\"text-align: justify;\">Fonte: Ag\u00eancia Educa Mais Brasil<\/p>\n<p><a href=\"https:\/\/senoticias.com.br\/se\/wp-content\/uploads\/2020\/07\/Logo-SE-Noticias.jpg\"><img loading=\"lazy\" decoding=\"async\" class=\"alignnone size-full wp-image-124113\" src=\"https:\/\/senoticias.com.br\/se\/wp-content\/uploads\/2020\/07\/Logo-SE-Noticias.jpg\" alt=\"\" width=\"599\" height=\"78\" srcset=\"https:\/\/senoticias.com.br\/se\/wp-content\/uploads\/2020\/07\/Logo-SE-Noticias.jpg 599w, https:\/\/senoticias.com.br\/se\/wp-content\/uploads\/2020\/07\/Logo-SE-Noticias-300x39.jpg 300w\" sizes=\"(max-width: 599px) 100vw, 599px\" \/><\/a><\/p>\n<p><strong><em>Acompanhe tamb\u00e9m o SE Not\u00edcias no\u00a0<a href=\"https:\/\/twitter.com\/Senoticias\" target=\"_blank\" rel=\"noopener\">Twitter<\/a>,\u00a0<a href=\"https:\/\/www.facebook.com\/senoticias1\" target=\"_blank\" rel=\"noopener\">Facebook<\/a>\u00a0e no\u00a0<a href=\"https:\/\/www.instagram.com\/senoticias\/\" target=\"_blank\" rel=\"noopener\">Instagram<\/a><\/em><\/strong><\/p>\n","protected":false},"excerpt":{"rendered":"<p>Candidatos do Sistema de Sele\u00e7\u00e3o Unificada (Sisu) 2020.2 j\u00e1 podem conferir o resultado do processo seletivo. Para saber se conseguiu ou n\u00e3o a vaga desejada, o estudante deve acessar o site oficial do Sisu, informando o n\u00famero de inscri\u00e7\u00e3o e a senha. Quem foi selecionado deve ficar atendo ao per\u00edodo para matr\u00edcula da chamada regular [&hellip;]<\/p>\n","protected":false},"author":6557,"featured_media":0,"comment_status":"closed","ping_status":"closed","sticky":false,"template":"","format":"standard","meta":{"footnotes":""},"categories":[15,44],"tags":[4317,15100,883],"class_list":{"0":"post-124245","1":"post","2":"type-post","3":"status-publish","4":"format-standard","6":"category-destaques","7":"category-educacao","8":"tag-disponivel","9":"tag-lista-de-selecionados","10":"tag-sisu"},"_links":{"self":[{"href":"https:\/\/senoticias.com.br\/se\/wp-json\/wp\/v2\/posts\/124245"}],"collection":[{"href":"https:\/\/senoticias.com.br\/se\/wp-json\/wp\/v2\/posts"}],"about":[{"href":"https:\/\/senoticias.com.br\/se\/wp-json\/wp\/v2\/types\/post"}],"author":[{"embeddable":true,"href":"https:\/\/senoticias.com.br\/se\/wp-json\/wp\/v2\/users\/6557"}],"replies":[{"embeddable":true,"href":"https:\/\/senoticias.com.br\/se\/wp-json\/wp\/v2\/comments?post=124245"}],"version-history":[{"count":0,"href":"https:\/\/senoticias.com.br\/se\/wp-json\/wp\/v2\/posts\/124245\/revisions"}],"wp:attachment":[{"href":"https:\/\/senoticias.com.br\/se\/wp-json\/wp\/v2\/media?parent=124245"}],"wp:term":[{"taxonomy":"category","embeddable":true,"href":"https:\/\/senoticias.com.br\/se\/wp-json\/wp\/v2\/categories?post=124245"},{"taxonomy":"post_tag","embeddable":true,"href":"https:\/\/senoticias.com.br\/se\/wp-json\/wp\/v2\/tags?post=124245"}],"curies":[{"name":"wp","href":"https:\/\/api.w.org\/{rel}","templated":true}]}}