{"id":124226,"date":"2020-07-14T09:05:01","date_gmt":"2020-07-14T12:05:01","guid":{"rendered":"https:\/\/senoticias.com.br\/se\/?p=124226"},"modified":"2020-07-14T09:05:01","modified_gmt":"2020-07-14T12:05:01","slug":"fies-lei-que-permite-suspensao-de-pagamentos-devido-a-pandemia","status":"publish","type":"post","link":"https:\/\/senoticias.com.br\/se\/fies-lei-que-permite-suspensao-de-pagamentos-devido-a-pandemia\/","title":{"rendered":"Fies: lei que permite suspens\u00e3o de pagamentos devido \u00e0 pandemia"},"content":{"rendered":"<p style=\"text-align: justify;\">J\u00e1 est\u00e1 em vigor a nova Lei n\u00ba 14.024\/2020 que suspende o pagamento das parcelas do Fundo de Financiamento Estudantil (Fies) por conta da pandemia do novo coronav\u00edrus (Covid-19). Quem optar por realizar a suspens\u00e3o das parcelas do Fies ter\u00e3o os saldos dilu\u00eddos nas parcelas restantes, sem a cobran\u00e7a de juros ou multas. Para realizar a solicita\u00e7\u00e3o, no entanto, o estudante financiado n\u00e3o poder\u00e1 ser inscrito em cadastros de inadimplentes.<\/p>\n<div id=\"attachment_124227\" style=\"width: 560px\" class=\"wp-caption aligncenter\"><a href=\"https:\/\/senoticias.com.br\/se\/wp-content\/uploads\/2020\/07\/fies_suspensaodopagamento_fotoagenciaeducamaisbrasil_130720-e1594728223908.jpg\"><img loading=\"lazy\" decoding=\"async\" aria-describedby=\"caption-attachment-124227\" class=\"size-full wp-image-124227\" src=\"https:\/\/senoticias.com.br\/se\/wp-content\/uploads\/2020\/07\/fies_suspensaodopagamento_fotoagenciaeducamaisbrasil_130720-e1594728223908.jpg\" alt=\"\" width=\"550\" height=\"367\" \/><\/a><p id=\"caption-attachment-124227\" class=\"wp-caption-text\">O pagamento das parcelas est\u00e1 previsto para ser suspenso at\u00e9 31 de dezembro (Foto: Ag\u00eancia Educa Mais Brasil)<\/p><\/div>\n<p style=\"text-align: justify;\">A lei publicada no Di\u00e1rio Oficial da Uni\u00e3o (DOU) da \u00faltima sexta-feira (10) al\u00e9m de conceder a pausa aos estudantes que estavam em dia com as presta\u00e7\u00f5es do financiamento at\u00e9 o dia 20 de mar\u00e7o, quando foi decretado o estado de calamidade p\u00fablica no pa\u00eds, tamb\u00e9m se estende a quem est\u00e1 com parcelas em atraso por, no m\u00e1ximo, 180 dias, devidas at\u00e9 20 de mar\u00e7o.<\/p>\n<p style=\"text-align: justify;\">O pagamento das parcelas est\u00e1 previsto para ser suspenso at\u00e9 31 de dezembro. A medida vale para quem se encontra em qualquer uma das fases do Fies: utiliza\u00e7\u00e3o, car\u00eancia ou amortiza\u00e7\u00e3o. Os interessados devem manifestar interesse pelo banco que firmou o contrato do Fies.<\/p>\n<p style=\"text-align: justify;\">O Banco do Brasil e a Caixa Econ\u00f4mica Federal j\u00e1 disponibilizaram formas de acesso, por meio dos seus canais de atendimentos eletr\u00f4nicos. No caso do Banco do Brasil \u00e9 poss\u00edvel fazer pelo aplicativo do banco ou indo presencialmente em uma ag\u00eancia banc\u00e1ria. J\u00e1 a Caixa disponibilizou a op\u00e7\u00e3o pelo pr\u00f3prio site.<\/p>\n<p style=\"text-align: justify;\">Refinanciamento do FiesO texto aprovado no m\u00eas passado, no Congresso, tamb\u00e9m cria um sistema de refinanciamento. Ao quitar o financiamento de forma integral at\u00e9 31 de dezembro, haver\u00e1 redu\u00e7\u00e3o de 100% dos encargos morat\u00f3rios, que<\/p>\n<p style=\"text-align: justify;\">na regra atual corresponde a 50%. Tamb\u00e9m \u00e9 permitida at\u00e9 31 de dezembro de 2022 a liquida\u00e7\u00e3o em quatro parcelas semestrais ou 24 parcelas mensais, com redu\u00e7\u00e3o de 60% dos encargos e pagamento a partir de 31 de mar\u00e7o de 2021.<\/p>\n<p style=\"text-align: justify;\">J\u00e1 os parcelamentos feitos em 145 ou 175 parcelas mensais receber\u00e3o redu\u00e7\u00e3o de 40% e 25%, respectivamente, e os pagamentos come\u00e7am a partir de janeiro de 2021.<\/p>\n<p style=\"text-align: justify;\">Abatimento para profissionais da \u00e1rea de sa\u00fade<\/p>\n<p style=\"text-align: justify;\">Entre os dispositivos trazidos pela nova lei est\u00e1 o abatimento mensal de 1% do saldo devedor do Fies para m\u00e9dicos, enfermeiros e outros profissionais de sa\u00fade que atuaram com um m\u00ednimo de seis meses trabalhando no atendimento a infectados pelo coronav\u00edrus. Esses profissionais tamb\u00e9m podem requerer o abatimento de at\u00e9 50% do valor mensal devido ao Fies.<\/p>\n<p style=\"text-align: justify;\">Fonte: Ag\u00eancia Educa Mais Brasil com informa\u00e7\u00f5es da Ag\u00eancia Brasil<\/p>\n<p><a href=\"https:\/\/senoticias.com.br\/se\/wp-content\/uploads\/2020\/07\/Logo-SE-Noticias.jpg\"><img loading=\"lazy\" decoding=\"async\" class=\"alignnone size-full wp-image-124113\" src=\"https:\/\/senoticias.com.br\/se\/wp-content\/uploads\/2020\/07\/Logo-SE-Noticias.jpg\" alt=\"\" width=\"599\" height=\"78\" srcset=\"https:\/\/senoticias.com.br\/se\/wp-content\/uploads\/2020\/07\/Logo-SE-Noticias.jpg 599w, https:\/\/senoticias.com.br\/se\/wp-content\/uploads\/2020\/07\/Logo-SE-Noticias-300x39.jpg 300w\" sizes=\"(max-width: 599px) 100vw, 599px\" \/><\/a><\/p>\n<p><strong><em>Acompanhe tamb\u00e9m o SE Not\u00edcias no\u00a0<a href=\"https:\/\/twitter.com\/Senoticias\" target=\"_blank\" rel=\"noopener\">Twitter<\/a>,\u00a0<a href=\"https:\/\/www.facebook.com\/senoticias1\" target=\"_blank\" rel=\"noopener\">Facebook<\/a>\u00a0e no\u00a0<a href=\"https:\/\/www.instagram.com\/senoticias\/\" target=\"_blank\" rel=\"noopener\">Instagram<\/a><\/em><\/strong><\/p>\n","protected":false},"excerpt":{"rendered":"<p>J\u00e1 est\u00e1 em vigor a nova Lei n\u00ba 14.024\/2020 que suspende o pagamento das parcelas do Fundo de Financiamento Estudantil (Fies) por conta da pandemia do novo coronav\u00edrus (Covid-19). Quem optar por realizar a suspens\u00e3o das parcelas do Fies ter\u00e3o os saldos dilu\u00eddos nas parcelas restantes, sem a cobran\u00e7a de juros ou multas. Para realizar [&hellip;]<\/p>\n","protected":false},"author":6557,"featured_media":0,"comment_status":"closed","ping_status":"closed","sticky":false,"template":"","format":"standard","meta":{"footnotes":""},"categories":[15,44],"tags":[844,4688,15091,14369,15090,3545],"class_list":{"0":"post-124226","1":"post","2":"type-post","3":"status-publish","4":"format-standard","6":"category-destaques","7":"category-educacao","8":"tag-fies","9":"tag-lei","10":"tag-pagamentos","11":"tag-pandemia","12":"tag-permite","13":"tag-suspensao"},"_links":{"self":[{"href":"https:\/\/senoticias.com.br\/se\/wp-json\/wp\/v2\/posts\/124226"}],"collection":[{"href":"https:\/\/senoticias.com.br\/se\/wp-json\/wp\/v2\/posts"}],"about":[{"href":"https:\/\/senoticias.com.br\/se\/wp-json\/wp\/v2\/types\/post"}],"author":[{"embeddable":true,"href":"https:\/\/senoticias.com.br\/se\/wp-json\/wp\/v2\/users\/6557"}],"replies":[{"embeddable":true,"href":"https:\/\/senoticias.com.br\/se\/wp-json\/wp\/v2\/comments?post=124226"}],"version-history":[{"count":0,"href":"https:\/\/senoticias.com.br\/se\/wp-json\/wp\/v2\/posts\/124226\/revisions"}],"wp:attachment":[{"href":"https:\/\/senoticias.com.br\/se\/wp-json\/wp\/v2\/media?parent=124226"}],"wp:term":[{"taxonomy":"category","embeddable":true,"href":"https:\/\/senoticias.com.br\/se\/wp-json\/wp\/v2\/categories?post=124226"},{"taxonomy":"post_tag","embeddable":true,"href":"https:\/\/senoticias.com.br\/se\/wp-json\/wp\/v2\/tags?post=124226"}],"curies":[{"name":"wp","href":"https:\/\/api.w.org\/{rel}","templated":true}]}}