{"id":124176,"date":"2020-07-10T16:53:11","date_gmt":"2020-07-10T19:53:11","guid":{"rendered":"https:\/\/senoticias.com.br\/se\/?p=124176"},"modified":"2020-07-10T16:53:11","modified_gmt":"2020-07-10T19:53:11","slug":"em-ato-sindicato-volta-a-fazer-denuncias-contra-a-almaviva","status":"publish","type":"post","link":"https:\/\/senoticias.com.br\/se\/em-ato-sindicato-volta-a-fazer-denuncias-contra-a-almaviva\/","title":{"rendered":"Em ato, sindicato volta a fazer den\u00fancias contra a AlmaViva"},"content":{"rendered":"<p style=\"text-align: justify;\">Entre os protestos promovidos de forma unificada por centrais sindicais, movimento chamado de Jornada Nacional de Lutas, um dos atos ocorreu em frente a sede da empresa AlmaViva, em Aracaju. De acordo com informa\u00e7\u00f5es do CSP Conlutas, a empresa continua com um quantitativo de trabalhadores grande e a din\u00e2mica de trabalho da empresa acaba favorecendo o cont\u00e1gio do v\u00edrus da Covid-19.<\/p>\n<div id=\"attachment_124177\" style=\"width: 560px\" class=\"wp-caption aligncenter\"><a href=\"https:\/\/senoticias.com.br\/se\/wp-content\/uploads\/2020\/07\/ato-csp-conluta-sindimarketing-alma-viva_10072020-e1594410689208.jpg\"><img loading=\"lazy\" decoding=\"async\" aria-describedby=\"caption-attachment-124177\" class=\"size-full wp-image-124177\" src=\"https:\/\/senoticias.com.br\/se\/wp-content\/uploads\/2020\/07\/ato-csp-conluta-sindimarketing-alma-viva_10072020-e1594410689208.jpg\" alt=\"\" width=\"550\" height=\"413\" \/><\/a><p id=\"caption-attachment-124177\" class=\"wp-caption-text\">Ato ocorreu na manh\u00e3 desta sexta-feira, na sede da empresa (Foto: CSP-Conlutas)<\/p><\/div>\n<p style=\"text-align: justify;\">Segundo o Sindimarketing, entidade sindical que defende o interesse dos trabalhadores da empresa, h\u00e1 novas den\u00fancias de que a empresa tem promovido aglomera\u00e7\u00f5es entre seus funcion\u00e1rios. \u201cO n\u00famero de trabalhadores foi reduzido, mas n\u00f3s temos conhecimento que ainda est\u00e1 havendo risco alto de cont\u00e1gio, porque alguns funcion\u00e1rios est\u00e3o sendo deslocados para a \u00e1rea de treinamento onde ficam pr\u00f3ximos um dos outros. H\u00e1 tamb\u00e9m pessoas no grupo de risco da doen\u00e7a, com diabete e outros problemas, e continuam tendo que trabalhar\u201d, explica a representante do sindicato, Riv\u00e2nia.Al\u00e9m dos problemas citados, Riv\u00e2nia conta que os trabalhadores continuam sofrendo com problema s antigos, como baixos sal\u00e1rios e erros no pagamento do vale-transporte. \u201cH\u00e1 pessoas recebendo menos que um sal\u00e1rio-m\u00ednimo e vale-transporte a menos. As vezes a empresa corrige o valor j\u00e1 depois que a pessoa precisou tirar do pr\u00f3prio bolso, e as vezes nem rep\u00f5e\u201d, afirma.<\/p>\n<p style=\"text-align: justify;\">As entidades que participaram do movimento tamb\u00e9m defendem o \u2018lockdown\u2019 em Sergipe, ou seja, o fechamento de todo o com\u00e9rcio para o controle da Covid-19. De acordo com Djenal, membro do executivo do CSP Conlutas, que atualmente est\u00e1 licenciado, mas prestou apoio ao movimento, os n\u00fameros da doen\u00e7a em Sergipe s\u00e3o preocupantes. \u201cO estado divulga que ainda tem leitos de UTI, mas o que a gente v\u00ea s\u00e3o ambul\u00e2ncias que n\u00e3o sabe para onde levar os pacientes, porque n\u00e3o h\u00e1 leitos. \u00c9 preciso uma medida urgente\u201d, alerta.<\/p>\n<p style=\"text-align: justify;\">Nossa reportagem tentou contato com a assessoria de comunica\u00e7\u00e3o da empresa, mas nossas liga\u00e7\u00f5es n\u00e3o foram atendidas. Encaminhamos um e-mail para a empresa e at\u00e9 o fechamento desta reportagem, n\u00e3o tivemos retorno. O Portal Infonet fica \u00e0 disposi\u00e7\u00e3o por meio do telefone (79) 99642-9640 ou e-mail jornalismo@infonet.com.br.<\/p>\n<p style=\"text-align: justify;\">Por \u00cdcaro Novaes<\/p>\n<p><a href=\"https:\/\/senoticias.com.br\/se\/wp-content\/uploads\/2020\/07\/Logo-SE-Noticias.jpg\"><img loading=\"lazy\" decoding=\"async\" class=\"alignnone size-full wp-image-124113\" src=\"https:\/\/senoticias.com.br\/se\/wp-content\/uploads\/2020\/07\/Logo-SE-Noticias.jpg\" alt=\"\" width=\"599\" height=\"78\" srcset=\"https:\/\/senoticias.com.br\/se\/wp-content\/uploads\/2020\/07\/Logo-SE-Noticias.jpg 599w, https:\/\/senoticias.com.br\/se\/wp-content\/uploads\/2020\/07\/Logo-SE-Noticias-300x39.jpg 300w\" sizes=\"(max-width: 599px) 100vw, 599px\" \/><\/a><\/p>\n<p><strong>A<em>companhe tamb\u00e9m o SE Not\u00edcias no\u00a0<a href=\"https:\/\/twitter.com\/Senoticias\" target=\"_blank\" rel=\"noopener\">Twitter<\/a>,\u00a0<a href=\"https:\/\/www.facebook.com\/senoticias1\" target=\"_blank\" rel=\"noopener\">Facebook<\/a>\u00a0e no\u00a0<a href=\"https:\/\/www.instagram.com\/senoticias\/\" target=\"_blank\" rel=\"noopener\">Instagram\u00a0<\/a><\/em><\/strong><\/p>\n","protected":false},"excerpt":{"rendered":"<p>Entre os protestos promovidos de forma unificada por centrais sindicais, movimento chamado de Jornada Nacional de Lutas, um dos atos ocorreu em frente a sede da empresa AlmaViva, em Aracaju. De acordo com informa\u00e7\u00f5es do CSP Conlutas, a empresa continua com um quantitativo de trabalhadores grande e a din\u00e2mica de trabalho da empresa acaba favorecendo [&hellip;]<\/p>\n","protected":false},"author":6557,"featured_media":0,"comment_status":"closed","ping_status":"closed","sticky":false,"template":"","format":"standard","meta":{"footnotes":""},"categories":[15],"tags":[14277,12081,6363,5000],"class_list":{"0":"post-124176","1":"post","2":"type-post","3":"status-publish","4":"format-standard","6":"category-destaques","7":"tag-almaviva","8":"tag-ato","9":"tag-denuncias","10":"tag-sindicato"},"_links":{"self":[{"href":"https:\/\/senoticias.com.br\/se\/wp-json\/wp\/v2\/posts\/124176"}],"collection":[{"href":"https:\/\/senoticias.com.br\/se\/wp-json\/wp\/v2\/posts"}],"about":[{"href":"https:\/\/senoticias.com.br\/se\/wp-json\/wp\/v2\/types\/post"}],"author":[{"embeddable":true,"href":"https:\/\/senoticias.com.br\/se\/wp-json\/wp\/v2\/users\/6557"}],"replies":[{"embeddable":true,"href":"https:\/\/senoticias.com.br\/se\/wp-json\/wp\/v2\/comments?post=124176"}],"version-history":[{"count":0,"href":"https:\/\/senoticias.com.br\/se\/wp-json\/wp\/v2\/posts\/124176\/revisions"}],"wp:attachment":[{"href":"https:\/\/senoticias.com.br\/se\/wp-json\/wp\/v2\/media?parent=124176"}],"wp:term":[{"taxonomy":"category","embeddable":true,"href":"https:\/\/senoticias.com.br\/se\/wp-json\/wp\/v2\/categories?post=124176"},{"taxonomy":"post_tag","embeddable":true,"href":"https:\/\/senoticias.com.br\/se\/wp-json\/wp\/v2\/tags?post=124176"}],"curies":[{"name":"wp","href":"https:\/\/api.w.org\/{rel}","templated":true}]}}