{"id":124148,"date":"2020-07-09T08:48:12","date_gmt":"2020-07-09T11:48:12","guid":{"rendered":"https:\/\/senoticias.com.br\/se\/?p=124148"},"modified":"2020-07-09T08:48:12","modified_gmt":"2020-07-09T11:48:12","slug":"mec-anuncia-que-enem-acontecera-nos-dias-17-e-24-de-janeiro-de-2021","status":"publish","type":"post","link":"https:\/\/senoticias.com.br\/se\/mec-anuncia-que-enem-acontecera-nos-dias-17-e-24-de-janeiro-de-2021\/","title":{"rendered":"MEC anuncia que Enem acontecer\u00e1 nos dias 17 e 24 de janeiro de 2021"},"content":{"rendered":"<p style=\"text-align: justify;\">O Exame Nacional do Ensino M\u00e9dio (Enem), que teve a aplica\u00e7\u00e3o adiada por causa da pandemia do novo coronav\u00edrus, ser\u00e1 realizado nos dias 17 e 24 de janeiro de 2021. J\u00e1 a prova do Enem digital acontecer\u00e1 nos dias 31 de janeiro e 7 de fevereiro de 2021, informaram os \u00f3rg\u00e3os. Os resultados finais das provas ser\u00e3o divulgados a partir do dia 29 de mar\u00e7o de 2021.<\/p>\n<div id=\"attachment_124149\" style=\"width: 560px\" class=\"wp-caption aligncenter\"><a href=\"https:\/\/senoticias.com.br\/se\/wp-content\/uploads\/2020\/07\/enem_foto_marcello_casaljr_agencia_brasil_22052020.jpg\"><img loading=\"lazy\" decoding=\"async\" aria-describedby=\"caption-attachment-124149\" class=\"size-full wp-image-124149\" src=\"https:\/\/senoticias.com.br\/se\/wp-content\/uploads\/2020\/07\/enem_foto_marcello_casaljr_agencia_brasil_22052020.jpg\" alt=\"\" width=\"550\" height=\"330\" srcset=\"https:\/\/senoticias.com.br\/se\/wp-content\/uploads\/2020\/07\/enem_foto_marcello_casaljr_agencia_brasil_22052020.jpg 550w, https:\/\/senoticias.com.br\/se\/wp-content\/uploads\/2020\/07\/enem_foto_marcello_casaljr_agencia_brasil_22052020-300x180.jpg 300w\" sizes=\"(max-width: 550px) 100vw, 550px\" \/><\/a><p id=\"caption-attachment-124149\" class=\"wp-caption-text\">J\u00e1 as provas digitais acontecer\u00e3o em 31 de janeiro e 17 de fevereiro (Foto: Marcello Casal JR\/Ag\u00eancia Brasil)<\/p><\/div>\n<p style=\"text-align: justify;\">O evento aconteceu no Minist\u00e9rio da Educa\u00e7\u00e3o (MEC), e conta com a presen\u00e7a do secret\u00e1rio-executivo da pasta, Paulo Vogel, e o presidente do Instituto Nacional de Estudos e Pesquisas Educacionais An\u00edsio Teixeira (Inep), Alexandre Lopes.<\/p>\n<p style=\"text-align: justify;\">Segundo o levantamento feito pelo Inep, para 49,7% dos estudantes, o Enem impresso deve ser aplicado em 2 e 9 de maio de 2021 e o Enem digital em 16 e 23 de maio. As provas estavam originalmente marcadas para acontecer em novembro.Sele\u00e7\u00e3o Unificada<\/p>\n<p style=\"text-align: justify;\">As inscri\u00e7\u00f5es para o Sistema de Sele\u00e7\u00e3o Unificada (Sisu) est\u00e3o abertas at\u00e9 o dia 10 de julho. Ser\u00e3o oferecidas mais de 51 mil vagas em institui\u00e7\u00f5es de ensino superior do pa\u00eds.<\/p>\n<p style=\"text-align: justify;\">Pela primeira vez, al\u00e9m dos cursos de gradua\u00e7\u00e3o presenciais, o Sisu 2020.2 vai ofertar vagas na modalidade a dist\u00e2ncia (EaD). Al\u00e9m de ter feito o Enem de 2019, os interessados n\u00e3o podem ter zerado a reda\u00e7\u00e3o. Estudantes que fizeram o exame na condi\u00e7\u00e3o de treineiros tamb\u00e9m n\u00e3o podem participar.<\/p>\n<p style=\"text-align: justify;\">Fonte: Ag\u00eancia Brasil<\/p>\n<p><a href=\"https:\/\/senoticias.com.br\/se\/wp-content\/uploads\/2020\/07\/Logo-SE-Noticias.jpg\"><img loading=\"lazy\" decoding=\"async\" class=\"alignnone size-full wp-image-124113\" src=\"https:\/\/senoticias.com.br\/se\/wp-content\/uploads\/2020\/07\/Logo-SE-Noticias.jpg\" alt=\"\" width=\"599\" height=\"78\" srcset=\"https:\/\/senoticias.com.br\/se\/wp-content\/uploads\/2020\/07\/Logo-SE-Noticias.jpg 599w, https:\/\/senoticias.com.br\/se\/wp-content\/uploads\/2020\/07\/Logo-SE-Noticias-300x39.jpg 300w\" sizes=\"(max-width: 599px) 100vw, 599px\" \/><\/a><\/p>\n<p><strong><em>Acompanhe tamb\u00e9m o SE Not\u00edcias no\u00a0<a href=\"https:\/\/twitter.com\/Senoticias\" target=\"_blank\" rel=\"noopener\">Twitter<\/a>,\u00a0<a href=\"https:\/\/www.facebook.com\/senoticias1\" target=\"_blank\" rel=\"noopener\">Facebook<\/a>\u00a0e no\u00a0<a href=\"https:\/\/www.instagram.com\/senoticias\/\" target=\"_blank\" rel=\"noopener\">Instagram<\/a><\/em><\/strong><\/p>\n","protected":false},"excerpt":{"rendered":"<p>O Exame Nacional do Ensino M\u00e9dio (Enem), que teve a aplica\u00e7\u00e3o adiada por causa da pandemia do novo coronav\u00edrus, ser\u00e1 realizado nos dias 17 e 24 de janeiro de 2021. J\u00e1 a prova do Enem digital acontecer\u00e1 nos dias 31 de janeiro e 7 de fevereiro de 2021, informaram os \u00f3rg\u00e3os. Os resultados finais das [&hellip;]<\/p>\n","protected":false},"author":6557,"featured_media":0,"comment_status":"closed","ping_status":"closed","sticky":false,"template":"","format":"standard","meta":{"footnotes":""},"categories":[15,44],"tags":[14671,764,896],"class_list":{"0":"post-124148","1":"post","2":"type-post","3":"status-publish","4":"format-standard","6":"category-destaques","7":"category-educacao","8":"tag-anuncia","9":"tag-enem","10":"tag-mec"},"_links":{"self":[{"href":"https:\/\/senoticias.com.br\/se\/wp-json\/wp\/v2\/posts\/124148"}],"collection":[{"href":"https:\/\/senoticias.com.br\/se\/wp-json\/wp\/v2\/posts"}],"about":[{"href":"https:\/\/senoticias.com.br\/se\/wp-json\/wp\/v2\/types\/post"}],"author":[{"embeddable":true,"href":"https:\/\/senoticias.com.br\/se\/wp-json\/wp\/v2\/users\/6557"}],"replies":[{"embeddable":true,"href":"https:\/\/senoticias.com.br\/se\/wp-json\/wp\/v2\/comments?post=124148"}],"version-history":[{"count":0,"href":"https:\/\/senoticias.com.br\/se\/wp-json\/wp\/v2\/posts\/124148\/revisions"}],"wp:attachment":[{"href":"https:\/\/senoticias.com.br\/se\/wp-json\/wp\/v2\/media?parent=124148"}],"wp:term":[{"taxonomy":"category","embeddable":true,"href":"https:\/\/senoticias.com.br\/se\/wp-json\/wp\/v2\/categories?post=124148"},{"taxonomy":"post_tag","embeddable":true,"href":"https:\/\/senoticias.com.br\/se\/wp-json\/wp\/v2\/tags?post=124148"}],"curies":[{"name":"wp","href":"https:\/\/api.w.org\/{rel}","templated":true}]}}