{"id":124135,"date":"2020-07-08T17:32:52","date_gmt":"2020-07-08T20:32:52","guid":{"rendered":"https:\/\/senoticias.com.br\/se\/?p=124135"},"modified":"2020-07-08T17:32:52","modified_gmt":"2020-07-08T20:32:52","slug":"em-cumprimento-a-decisao-da-justica-federal-estado-suspende-primeira-fase-da-retomada-da-economia","status":"publish","type":"post","link":"https:\/\/senoticias.com.br\/se\/em-cumprimento-a-decisao-da-justica-federal-estado-suspende-primeira-fase-da-retomada-da-economia\/","title":{"rendered":"Em cumprimento \u00e0 decis\u00e3o da Justi\u00e7a Federal, Estado suspende primeira fase da retomada da economia"},"content":{"rendered":"<p style=\"text-align: justify;\">Nesta quarta-feira (08), o governo do Estado informa que, em cumprimento \u00e0 decis\u00e3o liminar proferida pela Ju\u00edza Federal da 1\u00aaVara da Se\u00e7\u00e3o Judici\u00e1ria do Estado de Sergipe na A\u00e7\u00e3o Civil P\u00fablica, movida pelos Minist\u00e9rios P\u00fablicos Federal, do Trabalho e Estadual, determina a suspens\u00e3o do faseamento laranja previsto no Plano de Retomada Econ\u00f4mica.<\/p>\n<div id=\"attachment_124136\" style=\"width: 609px\" class=\"wp-caption alignnone\"><a href=\"https:\/\/senoticias.com.br\/se\/wp-content\/uploads\/2020\/07\/belivaldo-Se-Noticias-e1594240064440.jpeg\"><img loading=\"lazy\" decoding=\"async\" aria-describedby=\"caption-attachment-124136\" class=\"size-full wp-image-124136\" src=\"https:\/\/senoticias.com.br\/se\/wp-content\/uploads\/2020\/07\/belivaldo-Se-Noticias-e1594240064440.jpeg\" alt=\"\" width=\"599\" height=\"399\" \/><\/a><p id=\"caption-attachment-124136\" class=\"wp-caption-text\">Com isso, retornam \u00e0 condi\u00e7\u00e3o de restri\u00e7\u00e3o ao funcionamento, em todo territ\u00f3rio sergipano, os setores autorizados na fase laranja (foto: Mario Souza\/ ASN)<\/p><\/div>\n<p style=\"text-align: justify;\">Com isso, retornam \u00e0 condi\u00e7\u00e3o de restri\u00e7\u00e3o ao funcionamento, em todo territ\u00f3rio sergipano, cl\u00ednicas e consult\u00f3rios de odontologia, fisioterapia, fonoaudiologia, nutri\u00e7\u00e3o, psicologia e terapia ocupacional, bem como servi\u00e7os especializados de podologia, exceto casos de urg\u00eancia e emerg\u00eancia; demais escrit\u00f3rios de prestadores de servi\u00e7os e servi\u00e7os em geral; operadores tur\u00edsticos; templos e atividades religiosas; sal\u00f5es de beleza, barbearias e de higiene pessoal; com\u00e9rcio de cosm\u00e9tico, perfumaria e higiene pessoal; livraria, com\u00e9rcio de artigos de escrit\u00f3rio e papelaria; atividades de treinamento de desporto profissional.<\/p>\n<p style=\"text-align: justify;\">Ainda caber\u00e1 aos \u00f3rg\u00e3os de fiscaliza\u00e7\u00e3o, o fiel cumprimento da retra\u00e7\u00e3o do faseamento por for\u00e7a da decis\u00e3o judicial.<\/p>\n<p style=\"text-align: justify;\"><strong>Recurso<\/strong><\/p>\n<p style=\"text-align: justify;\">O Governo de Sergipe informa tamb\u00e9m que vai recorrer da decis\u00e3o por entender que o Plano de Retomada da Economia, em sua primeira fase, foi iniciado<br \/>\nobedecendo, rigorosamente, crit\u00e9rios t\u00e9cnicos e cient\u00edficos previstos no conte\u00fado do pr\u00f3prio Plano.<\/p>\n<p style=\"text-align: justify;\">O Plano foi constru\u00eddo de forma conjunta com a participa\u00e7\u00e3o e avalia\u00e7\u00e3o de dois Comit\u00eas compostos por representantes de profissionais de sa\u00fade, infectologistas, representantes do setor produtivo e da classe trabalhadora, al\u00e9m de outros segmentos da sociedade.<\/p>\n<p>&nbsp;<\/p>\n<p><strong><em>companhe tamb\u00e9m o SE Not\u00edcias no\u00a0<a href=\"https:\/\/twitter.com\/Senoticias\" target=\"_blank\" rel=\"noopener\">Twitter<\/a>,\u00a0<a href=\"https:\/\/www.facebook.com\/senoticias1\" target=\"_blank\" rel=\"noopener\">Facebook<\/a>\u00a0e no\u00a0<a href=\"https:\/\/www.instagram.com\/senoticias\/\" target=\"_blank\" rel=\"noopener\">Instagram<\/a><\/em><\/strong><a href=\"https:\/\/senoticias.com.br\/se\/wp-content\/uploads\/2020\/07\/Logo-SE-Noticias.jpg\"><img loading=\"lazy\" decoding=\"async\" class=\"alignnone size-full wp-image-124113\" src=\"https:\/\/senoticias.com.br\/se\/wp-content\/uploads\/2020\/07\/Logo-SE-Noticias.jpg\" alt=\"\" width=\"599\" height=\"78\" srcset=\"https:\/\/senoticias.com.br\/se\/wp-content\/uploads\/2020\/07\/Logo-SE-Noticias.jpg 599w, https:\/\/senoticias.com.br\/se\/wp-content\/uploads\/2020\/07\/Logo-SE-Noticias-300x39.jpg 300w\" sizes=\"(max-width: 599px) 100vw, 599px\" \/><\/a><\/p>\n<p>Mat\u00e9ria extra\u00edda do <a href=\"https:\/\/www.se.gov.br\/noticias\/governo\/em_cumprimento_a_decisao_da_justica_federal_estado_suspende_primeira_fase_da_retomada_da_economia\"><strong>site<\/strong><\/a> do Governo de Sergipe<\/p>\n","protected":false},"excerpt":{"rendered":"<p>Nesta quarta-feira (08), o governo do Estado informa que, em cumprimento \u00e0 decis\u00e3o liminar proferida pela Ju\u00edza Federal da 1\u00aaVara da Se\u00e7\u00e3o Judici\u00e1ria do Estado de Sergipe na A\u00e7\u00e3o Civil P\u00fablica, movida pelos Minist\u00e9rios P\u00fablicos Federal, do Trabalho e Estadual, determina a suspens\u00e3o do faseamento laranja previsto no Plano de Retomada Econ\u00f4mica. Com isso, retornam [&hellip;]<\/p>\n","protected":false},"author":6557,"featured_media":0,"comment_status":"closed","ping_status":"closed","sticky":false,"template":"","format":"standard","meta":{"footnotes":""},"categories":[15,6],"tags":[15040,15041,6358,3829],"class_list":{"0":"post-124135","1":"post","2":"type-post","3":"status-publish","4":"format-standard","6":"category-destaques","7":"category-politica","8":"tag-governodesersipe","9":"tag-justicafederal","10":"tag-belivaldochagas","11":"tag-economia"},"_links":{"self":[{"href":"https:\/\/senoticias.com.br\/se\/wp-json\/wp\/v2\/posts\/124135"}],"collection":[{"href":"https:\/\/senoticias.com.br\/se\/wp-json\/wp\/v2\/posts"}],"about":[{"href":"https:\/\/senoticias.com.br\/se\/wp-json\/wp\/v2\/types\/post"}],"author":[{"embeddable":true,"href":"https:\/\/senoticias.com.br\/se\/wp-json\/wp\/v2\/users\/6557"}],"replies":[{"embeddable":true,"href":"https:\/\/senoticias.com.br\/se\/wp-json\/wp\/v2\/comments?post=124135"}],"version-history":[{"count":0,"href":"https:\/\/senoticias.com.br\/se\/wp-json\/wp\/v2\/posts\/124135\/revisions"}],"wp:attachment":[{"href":"https:\/\/senoticias.com.br\/se\/wp-json\/wp\/v2\/media?parent=124135"}],"wp:term":[{"taxonomy":"category","embeddable":true,"href":"https:\/\/senoticias.com.br\/se\/wp-json\/wp\/v2\/categories?post=124135"},{"taxonomy":"post_tag","embeddable":true,"href":"https:\/\/senoticias.com.br\/se\/wp-json\/wp\/v2\/tags?post=124135"}],"curies":[{"name":"wp","href":"https:\/\/api.w.org\/{rel}","templated":true}]}}