{"id":124133,"date":"2020-07-08T16:07:50","date_gmt":"2020-07-08T19:07:50","guid":{"rendered":"https:\/\/senoticias.com.br\/se\/?p=124133"},"modified":"2020-07-08T16:07:50","modified_gmt":"2020-07-08T19:07:50","slug":"rodrigo-maia-sinaliza-apoio-a-entregadores-de-aplicativos-que-prometem-nova-paralisacao","status":"publish","type":"post","link":"https:\/\/senoticias.com.br\/se\/rodrigo-maia-sinaliza-apoio-a-entregadores-de-aplicativos-que-prometem-nova-paralisacao\/","title":{"rendered":"Rodrigo Maia sinaliza apoio a entregadores de aplicativos, que prometem nova paralisa\u00e7\u00e3o"},"content":{"rendered":"<p style=\"text-align: justify;\">Representantes dos entregadores de aplicativos estiveram reunidos na manh\u00e3 desta quarta-feira (8) com o presidente da C\u00e2mara, Rodrigo Maia. Desde a paralisa\u00e7\u00e3o realizada na semana passada, as reivindica\u00e7\u00f5es da categoria encontraram resson\u00e2ncia no Congresso. Atualmente, mais de 20 projetos de lei que buscam melhorar as condi\u00e7\u00f5es de trabalho dos entregadores tramitam na C\u00e2mara.<\/p>\n<div id=\"attachment_124134\" style=\"width: 760px\" class=\"wp-caption alignnone\"><a href=\"https:\/\/senoticias.com.br\/se\/wp-content\/uploads\/2020\/07\/entregadores-Se-Noticias.jpeg\"><img loading=\"lazy\" decoding=\"async\" aria-describedby=\"caption-attachment-124134\" class=\"size-full wp-image-124134\" src=\"https:\/\/senoticias.com.br\/se\/wp-content\/uploads\/2020\/07\/entregadores-Se-Noticias.jpeg\" alt=\"\" width=\"750\" height=\"430\" srcset=\"https:\/\/senoticias.com.br\/se\/wp-content\/uploads\/2020\/07\/entregadores-Se-Noticias.jpeg 750w, https:\/\/senoticias.com.br\/se\/wp-content\/uploads\/2020\/07\/entregadores-Se-Noticias-300x172.jpeg 300w\" sizes=\"(max-width: 750px) 100vw, 750px\" \/><\/a><p id=\"caption-attachment-124134\" class=\"wp-caption-text\">Entregadores em manifesta\u00e7\u00e3o na Avenida Paulista (foto: Guimel Salgado)<\/p><\/div>\n<p style=\"text-align: justify;\">Na reuni\u00e3o com Maia, os representantes da categoria apresentaram quatro pautas centrais: o aumento do valor recebido pelas corridas; a cria\u00e7\u00e3o de taxas m\u00ednimas para as entregas; o fim do bloqueio dos aplicativos a entregadores; e a institui\u00e7\u00e3o de seguros contra acidentes e contra a covid-19.<\/p>\n<p style=\"text-align: justify;\">Ap\u00f3s a reuni\u00e3o, os parlamentares presentes e o presidente Maia se comprometeram a sistematizar os projetos apresentados, de modo a racionalizar a tramita\u00e7\u00e3o das propostas e alinh\u00e1-las \u00e0s demandas da categoria.<\/p>\n<p style=\"text-align: justify;\">O movimentou tamb\u00e9m pediu ao presidente que disponibilize um consultor legislativo que possa se dedicar a fazer um panorama da situa\u00e7\u00e3o atual do setor.<\/p>\n<p style=\"text-align: justify;\">Abel Santos, um dos entregadores que participou da reuni\u00e3o, relatou que Maia se demonstrou sens\u00edvel \u00e0s demandas do movimento. Ap\u00f3s o encontro, os entregadores afirmaram que uma nova paralisa\u00e7\u00e3o nacional est\u00e1 marcada para o dia 25 de julho. Ela \u00e9 uma resposta \u00e0 falta de propostas dos aplicativos mesmo ap\u00f3s a primeira paralisa\u00e7\u00e3o.<\/p>\n<p>&nbsp;<\/p>\n<p><strong><em>Acompanhe tamb\u00e9m o SE Not\u00edcias no\u00a0<a href=\"https:\/\/twitter.com\/Senoticias\" target=\"_blank\" rel=\"noopener\">Twitter<\/a>,\u00a0<a href=\"https:\/\/www.facebook.com\/senoticias1\" target=\"_blank\" rel=\"noopener\">Facebook<\/a>\u00a0e no\u00a0<a href=\"https:\/\/www.instagram.com\/senoticias\/\" target=\"_blank\" rel=\"noopener\">Instagram<\/a><\/em><\/strong><a href=\"https:\/\/senoticias.com.br\/se\/wp-content\/uploads\/2020\/07\/Logo-SE-Noticias.jpg\"><img loading=\"lazy\" decoding=\"async\" class=\"alignnone size-full wp-image-124113\" src=\"https:\/\/senoticias.com.br\/se\/wp-content\/uploads\/2020\/07\/Logo-SE-Noticias.jpg\" alt=\"\" width=\"599\" height=\"78\" srcset=\"https:\/\/senoticias.com.br\/se\/wp-content\/uploads\/2020\/07\/Logo-SE-Noticias.jpg 599w, https:\/\/senoticias.com.br\/se\/wp-content\/uploads\/2020\/07\/Logo-SE-Noticias-300x39.jpg 300w\" sizes=\"(max-width: 599px) 100vw, 599px\" \/><\/a><\/p>\n<p>Mat\u00e9ria extra\u00edda do site <a href=\"https:\/\/congressoemfoco.uol.com.br\/legislativo\/maia-sinaliza-apoio-a-entregadores-de-aplicativos-que-prometem-nova-paralisacao\/\"><strong>Congresso em foco<\/strong><\/a><\/p>\n","protected":false},"excerpt":{"rendered":"<p>Representantes dos entregadores de aplicativos estiveram reunidos na manh\u00e3 desta quarta-feira (8) com o presidente da C\u00e2mara, Rodrigo Maia. Desde a paralisa\u00e7\u00e3o realizada na semana passada, as reivindica\u00e7\u00f5es da categoria encontraram resson\u00e2ncia no Congresso. Atualmente, mais de 20 projetos de lei que buscam melhorar as condi\u00e7\u00f5es de trabalho dos entregadores tramitam na C\u00e2mara. Na reuni\u00e3o [&hellip;]<\/p>\n","protected":false},"author":6557,"featured_media":0,"comment_status":"closed","ping_status":"closed","sticky":false,"template":"","format":"standard","meta":{"footnotes":""},"categories":[15,2961],"tags":[15039,13730,3222],"class_list":{"0":"post-124133","1":"post","2":"type-post","3":"status-publish","4":"format-standard","6":"category-destaques","7":"category-nacional","8":"tag-rodrigomaia","9":"tag-aplicativos","10":"tag-paralisacao"},"_links":{"self":[{"href":"https:\/\/senoticias.com.br\/se\/wp-json\/wp\/v2\/posts\/124133"}],"collection":[{"href":"https:\/\/senoticias.com.br\/se\/wp-json\/wp\/v2\/posts"}],"about":[{"href":"https:\/\/senoticias.com.br\/se\/wp-json\/wp\/v2\/types\/post"}],"author":[{"embeddable":true,"href":"https:\/\/senoticias.com.br\/se\/wp-json\/wp\/v2\/users\/6557"}],"replies":[{"embeddable":true,"href":"https:\/\/senoticias.com.br\/se\/wp-json\/wp\/v2\/comments?post=124133"}],"version-history":[{"count":0,"href":"https:\/\/senoticias.com.br\/se\/wp-json\/wp\/v2\/posts\/124133\/revisions"}],"wp:attachment":[{"href":"https:\/\/senoticias.com.br\/se\/wp-json\/wp\/v2\/media?parent=124133"}],"wp:term":[{"taxonomy":"category","embeddable":true,"href":"https:\/\/senoticias.com.br\/se\/wp-json\/wp\/v2\/categories?post=124133"},{"taxonomy":"post_tag","embeddable":true,"href":"https:\/\/senoticias.com.br\/se\/wp-json\/wp\/v2\/tags?post=124133"}],"curies":[{"name":"wp","href":"https:\/\/api.w.org\/{rel}","templated":true}]}}