{"id":124109,"date":"2020-07-07T10:11:12","date_gmt":"2020-07-07T13:11:12","guid":{"rendered":"https:\/\/senoticias.com.br\/se\/?p=124109"},"modified":"2020-07-07T10:11:12","modified_gmt":"2020-07-07T13:11:12","slug":"acessos-as-faixas-de-areia-das-praias-de-aracaju-sao-bloqueados","status":"publish","type":"post","link":"https:\/\/senoticias.com.br\/se\/acessos-as-faixas-de-areia-das-praias-de-aracaju-sao-bloqueados\/","title":{"rendered":"Acessos \u00e0s faixas de areia das praias de Aracaju s\u00e3o bloqueados"},"content":{"rendered":"<p style=\"text-align: justify;\">Nesta segunda-feira, 6, a Prefeitura de Aracaju, por interm\u00e9dio da Empresa Municipal de Servi\u00e7os Urbanos (Emsurb), retomou as atividades de bloqueio dos acessos \u00e0s faixas de areia das praias da capital. A a\u00e7\u00e3o, que evita o tr\u00e1fego de ve\u00edculos nestes locais, teve in\u00edcio na regi\u00e3o do Mosqueiro e prossegue nos pr\u00f3ximos dias at\u00e9 chegar ao bairro Atalaia, na praia da Cinel\u00e2ndia.<\/p>\n<div id=\"attachment_124110\" style=\"width: 560px\" class=\"wp-caption aligncenter\"><a href=\"https:\/\/senoticias.com.br\/se\/wp-content\/uploads\/2020\/07\/bloqueioempraias_fotoemsurb_060720-e1594127379306.jpeg\"><img loading=\"lazy\" decoding=\"async\" aria-describedby=\"caption-attachment-124110\" class=\"size-full wp-image-124110\" src=\"https:\/\/senoticias.com.br\/se\/wp-content\/uploads\/2020\/07\/bloqueioempraias_fotoemsurb_060720-e1594127379306.jpeg\" alt=\"\" width=\"550\" height=\"413\" \/><\/a><p id=\"caption-attachment-124110\" class=\"wp-caption-text\">A a\u00e7\u00e3o, que evita o tr\u00e1fego de ve\u00edculos nestes locais, teve in\u00edcio na regi\u00e3o do Mosqueiro e prossegue nos pr\u00f3ximos dias at\u00e9 chegar ao bairro Atalaia, na praia da Cinel\u00e2ndia (Foto: Emsurb)<\/p><\/div>\n<p style=\"text-align: justify;\">O trabalho, iniciado em 3 de junho, com apoio de \u00f3rg\u00e3os da administra\u00e7\u00e3o municipal, como Superintend\u00eancia Municipal de Transportes e Tr\u00e2nsito (SMTT) e Empresa Municipal de Obras e Urbaniza\u00e7\u00e3o (Emurb), prev\u00ea a coloca\u00e7\u00e3o de 54 manilhas. Dessas, 27 j\u00e1 foram instaladas.<\/p>\n<p style=\"text-align: justify;\">De acordo com o presidente da Emsurb, Luiz Roberto Dantas, mesmo com os bloqueios feitos anteriormente e as opera\u00e7\u00f5es constantes de fiscaliza\u00e7\u00e3o aos finais de semana, muitas pessoas ainda insistem em desrespeitar o que orienta o decreto municipal 6.111\/2020, que estabelece medidas de isolamento social e n\u00e3o aglomera\u00e7\u00e3o, para o devido enfrentamento \u00e0 pandemia do novo coronav\u00edrus.\u201cSeguimos empenhados e integrados a soma\u00e7\u00e3o de esfor\u00e7os da Prefeitura, no que diz respeito a conscientiza\u00e7\u00e3o e resguardo da popula\u00e7\u00e3o aracajuana. Por isso, manteremos bloqueados todos os pontos identificados na extens\u00e3o do Viral \u00e0 Cinel\u00e2ndia, evitando assim que os condutores tenham acesso \u00e0s faixas de areia onde, ainda, infelizmente, h\u00e1 uma pequena movimenta\u00e7\u00e3o de banhistas\u201d, enfatizou Luiz Roberto.<\/p>\n<p style=\"text-align: justify;\"><strong>Fiscaliza\u00e7\u00e3o e monitoramento<\/strong><\/p>\n<p style=\"text-align: justify;\">Al\u00e9m dos trabalhos na faixa litor\u00e2nea da cidade, a Emsurb monitora e fiscaliza ainda a regi\u00e3o do centro comercial e mercados para o cumprimento de outras medidas estabelecidas pela gest\u00e3o municipal, por meio do Comit\u00ea de Opera\u00e7\u00f5es de Emerg\u00eancia, para restringir a circula\u00e7\u00e3o de pessoas nas ruas. Entre elas, a suspens\u00e3o das atividades de embarque e desembarque na Orla P\u00f4r do Sol e do o acesso \u00e0 praia do Viral, seja terrestre ou fluvial. O Parque Augusto Franco (Parque da Sementeira) tamb\u00e9m permanece fechado ao p\u00fablico, atendendo ao decreto municipal.<\/p>\n<p style=\"text-align: justify;\">\u201cContinuaremos com os trabalhos de fiscaliza\u00e7\u00e3o, dentro do que for de compet\u00eancia da Emsurb, tanto as atividades liberadas como aquelas que n\u00e3o foram, a exemplo do com\u00e9rcio ambulante, praias e orlas\u201d, salientou o presidente.<\/p>\n<p style=\"text-align: justify;\">Fonte: AAN<\/p>\n<p><a href=\"https:\/\/senoticias.com.br\/se\/wp-content\/uploads\/2020\/06\/Logo-SE-Noticias.jpg\"><img loading=\"lazy\" decoding=\"async\" class=\"alignnone size-full wp-image-123874\" src=\"https:\/\/senoticias.com.br\/se\/wp-content\/uploads\/2020\/06\/Logo-SE-Noticias.jpg\" alt=\"\" width=\"599\" height=\"78\" srcset=\"https:\/\/senoticias.com.br\/se\/wp-content\/uploads\/2020\/06\/Logo-SE-Noticias.jpg 599w, https:\/\/senoticias.com.br\/se\/wp-content\/uploads\/2020\/06\/Logo-SE-Noticias-300x39.jpg 300w\" sizes=\"(max-width: 599px) 100vw, 599px\" \/><\/a><\/p>\n<p><strong><em>Acompanhe tamb\u00e9m o SE Not\u00edcias no\u00a0<a href=\"https:\/\/twitter.com\/Senoticias\" target=\"_blank\" rel=\"noopener\">Twitter<\/a>,\u00a0<a href=\"https:\/\/www.facebook.com\/senoticias1\" target=\"_blank\" rel=\"noopener\">Facebook<\/a>\u00a0e no\u00a0<a href=\"https:\/\/www.instagram.com\/senoticias\/\" target=\"_blank\" rel=\"noopener\">Instagram<\/a><\/em><\/strong><\/p>\n","protected":false},"excerpt":{"rendered":"<p>Nesta segunda-feira, 6, a Prefeitura de Aracaju, por interm\u00e9dio da Empresa Municipal de Servi\u00e7os Urbanos (Emsurb), retomou as atividades de bloqueio dos acessos \u00e0s faixas de areia das praias da capital. A a\u00e7\u00e3o, que evita o tr\u00e1fego de ve\u00edculos nestes locais, teve in\u00edcio na regi\u00e3o do Mosqueiro e prossegue nos pr\u00f3ximos dias at\u00e9 chegar ao [&hellip;]<\/p>\n","protected":false},"author":6557,"featured_media":0,"comment_status":"closed","ping_status":"closed","sticky":false,"template":"","format":"standard","meta":{"footnotes":""},"categories":[15],"tags":[15023,339,15024,7355],"class_list":{"0":"post-124109","1":"post","2":"type-post","3":"status-publish","4":"format-standard","6":"category-destaques","7":"tag-acessos-as-faixas","8":"tag-aracaju","9":"tag-areia","10":"tag-praia"},"_links":{"self":[{"href":"https:\/\/senoticias.com.br\/se\/wp-json\/wp\/v2\/posts\/124109"}],"collection":[{"href":"https:\/\/senoticias.com.br\/se\/wp-json\/wp\/v2\/posts"}],"about":[{"href":"https:\/\/senoticias.com.br\/se\/wp-json\/wp\/v2\/types\/post"}],"author":[{"embeddable":true,"href":"https:\/\/senoticias.com.br\/se\/wp-json\/wp\/v2\/users\/6557"}],"replies":[{"embeddable":true,"href":"https:\/\/senoticias.com.br\/se\/wp-json\/wp\/v2\/comments?post=124109"}],"version-history":[{"count":0,"href":"https:\/\/senoticias.com.br\/se\/wp-json\/wp\/v2\/posts\/124109\/revisions"}],"wp:attachment":[{"href":"https:\/\/senoticias.com.br\/se\/wp-json\/wp\/v2\/media?parent=124109"}],"wp:term":[{"taxonomy":"category","embeddable":true,"href":"https:\/\/senoticias.com.br\/se\/wp-json\/wp\/v2\/categories?post=124109"},{"taxonomy":"post_tag","embeddable":true,"href":"https:\/\/senoticias.com.br\/se\/wp-json\/wp\/v2\/tags?post=124109"}],"curies":[{"name":"wp","href":"https:\/\/api.w.org\/{rel}","templated":true}]}}